{"id":34949,"date":"2016-06-20T23:44:06","date_gmt":"2016-06-21T04:44:06","guid":{"rendered":"http:\/\/www.biblia.work\/sermones\/catolicos-y-cientificos-antonio-gonzalez-de-lama-por-alfonso-v-carrascosa-cientifico-del-csic\/"},"modified":"2016-06-20T23:44:06","modified_gmt":"2016-06-21T04:44:06","slug":"catolicos-y-cientificos-antonio-gonzalez-de-lama-por-alfonso-v-carrascosa-cientifico-del-csic","status":"publish","type":"post","link":"https:\/\/www.biblia.work\/sermones\/catolicos-y-cientificos-antonio-gonzalez-de-lama-por-alfonso-v-carrascosa-cientifico-del-csic\/","title":{"rendered":"Cat\u00f3licos y cient\u00edficos: Antonio Gonz\u00e1lez de Lama, por Alfonso V. Carrascosa, cient\u00edfico del CSIC"},"content":{"rendered":"<p style=\"text-align: justify;\">\n<p style=\"text-align: justify;\"><strong>Cat\u00f3licos y cient\u00edficos: Antonio Gonz\u00e1lez de Lama, por\u00a0Alfonso V. Carrascosa, cient\u00edfico del CSIC<\/strong><\/p>\n<p style=\"text-align: justify;\">Como a los taxistas, a los curas se les identifica con facilidad, y son blanco de cr\u00edticas en mayor medida que el resto de conductores o que el com\u00fan de los mortales. Se habla poco de sus virtudes, que tambi\u00e9n las tienen. Antonio Gonz\u00e1lez de Lama (1905-1969), presb\u00edtero leon\u00e9s, profesor del seminario y del Colegio Leon\u00e9s, colaborador del Consejo Superior de Investigaciones Cient\u00edficas \u2013uno de cuyos fundadores termin\u00f3 orden\u00e1ndose sacerdote y muriendo como tal, Jose M\u00aa Albareda- fue director del Diario de Le\u00f3n y fund\u00f3 la revista de literatura \u201cEspada\u00f1a\u201d.<\/p>\n<p style=\"text-align: justify;\">No digamos si el sacerdote en cuesti\u00f3n, como es el caso, vivi\u00f3 en Espa\u00f1a durante la dictadura franquista: \u00a1reo es de muerte! La memoria-hist\u00f3rica-oficial al servicio del laicismo se rasga las vestiduras directamente, se tapa los o\u00eddos, no quiere ni oir hablar de tal persona\u2026Pero no as\u00ed quienes le conocieron , y quienes le recuerdan.<\/p>\n<p style=\"text-align: justify;\">El ayuntamiento de Le\u00f3n convoca todos los a\u00f1os un certamen de poes\u00eda con su nombre, en honor del cual hay en la citada ciudad calle y colegio. A m\u00e1s de cien a\u00f1os de su nacimiento, se le recuerda como \u201c\u2026insigne leon\u00e9s que destac\u00f3 en el mundo de la prensa, la literatura, el pensamiento la cr\u00edtica, ejerciendo siempre un magisterio abierto y de m\u00e1xima altura\u2026 rebosaba humanidad, conocimiento y doctrina. A pesar de la escasez de contactos, su palabra, su voz, su figura envuelta en aquella vieja sotana, siempre han estado acompa\u00f1\u00e1ndome \u2026 con su bondad de luto, tuve la sensaci\u00f3n de que no estaba solo. Cre\u00ed ver a don Antonio echando una \u00abcalada\u00bb con Dios y hablando de sus cosas\u201d (P\u00edo de las Heras Gayo, 7-1-2005, Diario de Le\u00f3n), \u201c\u2026una de las personalidades que m\u00e1s influyeron en el desarrollo y reactivaci\u00f3n de la poes\u00eda, de la cultura toda, leonesa y espa\u00f1ola, en las dos d\u00e9cadas de la posguerra\u2026\u00abFue un sabio total, y adem\u00e1s, una buena persona -compendia Mart\u00ednez-. Ten\u00eda una cultura vast\u00edsima, se expresaba perfectamente, y, en su calidad de sacerdote, hay que decir que era muy abierto, nada fan\u00e1tico, y que no se somet\u00eda del todo al libro\u00bb.\u201d. (E. Gancedo, 15-1-2007, Diario de Le\u00f3n).<\/p>\n<p style=\"text-align: justify;\">De toda su labor, tal vez la m\u00e1s sorprendente fue que se le nombr\u00f3 responsable de la Biblioteca Azc\u00e1rate &#8211; hoy custodiada por la Fundaci\u00f3n Sierra Pambley- de origen mas\u00f3nico. Gracias a esta custodia, el rico legado bibliogr\u00e1fico ha llegado intacto hasta nuestros d\u00edas, a pesar del militante anticatolicismo de la masoner\u00eda internacional.<\/p>\n","protected":false},"excerpt":{"rendered":"<p>Cat\u00f3licos y cient\u00edficos: Antonio Gonz\u00e1lez de Lama, por\u00a0Alfonso V. Carrascosa, cient\u00edfico del CSIC Como a los taxistas, a los curas se les identifica con facilidad, y son blanco de cr\u00edticas en mayor medida que el resto de conductores o que el com\u00fan de los mortales. Se habla poco de sus virtudes, que tambi\u00e9n las tienen. &hellip; <a href=\"https:\/\/www.biblia.work\/sermones\/catolicos-y-cientificos-antonio-gonzalez-de-lama-por-alfonso-v-carrascosa-cientifico-del-csic\/\" class=\"more-link\">Continuar leyendo<span class=\"screen-reader-text\"> \u00abCat\u00f3licos y cient\u00edficos: Antonio Gonz\u00e1lez de Lama, por Alfonso V. Carrascosa, cient\u00edfico del CSIC\u00bb<\/span><\/a><\/p>\n","protected":false},"author":1,"featured_media":0,"comment_status":"open","ping_status":"closed","sticky":false,"template":"","format":"standard","meta":{"footnotes":""},"categories":[1],"tags":[],"class_list":["post-34949","post","type-post","status-publish","format-standard","hentry","category-general"],"_links":{"self":[{"href":"https:\/\/www.biblia.work\/sermones\/wp-json\/wp\/v2\/posts\/34949","targetHints":{"allow":["GET"]}}],"collection":[{"href":"https:\/\/www.biblia.work\/sermones\/wp-json\/wp\/v2\/posts"}],"about":[{"href":"https:\/\/www.biblia.work\/sermones\/wp-json\/wp\/v2\/types\/post"}],"author":[{"embeddable":true,"href":"https:\/\/www.biblia.work\/sermones\/wp-json\/wp\/v2\/users\/1"}],"replies":[{"embeddable":true,"href":"https:\/\/www.biblia.work\/sermones\/wp-json\/wp\/v2\/comments?post=34949"}],"version-history":[{"count":0,"href":"https:\/\/www.biblia.work\/sermones\/wp-json\/wp\/v2\/posts\/34949\/revisions"}],"wp:attachment":[{"href":"https:\/\/www.biblia.work\/sermones\/wp-json\/wp\/v2\/media?parent=34949"}],"wp:term":[{"taxonomy":"category","embeddable":true,"href":"https:\/\/www.biblia.work\/sermones\/wp-json\/wp\/v2\/categories?post=34949"},{"taxonomy":"post_tag","embeddable":true,"href":"https:\/\/www.biblia.work\/sermones\/wp-json\/wp\/v2\/tags?post=34949"}],"curies":[{"name":"wp","href":"https:\/\/api.w.org\/{rel}","templated":true}]}}