{"id":34950,"date":"2016-06-20T23:44:11","date_gmt":"2016-06-21T04:44:11","guid":{"rendered":"http:\/\/www.biblia.work\/sermones\/catolicos-y-cientificos-lain-entralgo-por-alfonso-v-carrascosa-cientifico-del-csic\/"},"modified":"2016-06-20T23:44:11","modified_gmt":"2016-06-21T04:44:11","slug":"catolicos-y-cientificos-lain-entralgo-por-alfonso-v-carrascosa-cientifico-del-csic","status":"publish","type":"post","link":"https:\/\/www.biblia.work\/sermones\/catolicos-y-cientificos-lain-entralgo-por-alfonso-v-carrascosa-cientifico-del-csic\/","title":{"rendered":"Cat\u00f3licos y cient\u00edficos: La\u00edn-Entralgo, por Alfonso V. Carrascosa, cient\u00edfico del CSIC"},"content":{"rendered":"<h1 class=\"western\" style=\"text-align: justify;\"><\/h1>\n<p align=\"justify\"><strong>Cat\u00f3licos y cient\u00edficos: La\u00edn-Entralgo, por\u00a0Alfonso V. Carrascosa, cient\u00edfico del CSIC<\/strong><\/p>\n<p style=\"text-align: justify;\">Pedro La\u00edn-Entralgo naci\u00f3 en Urrea de Ga\u00e9n, provincia de Teruel, en 1908, se doctor\u00f3 en medicina y se licenci\u00f3 en ciencias qu\u00edmicas.<\/p>\n<p style=\"text-align: justify;\"> Con el paso del tiempo lleg\u00f3 a ser miembro de la Real Academia Espa\u00f1ola, de la que fue director, de la Real Academia Nacional de Medicina y de la Real Academia de la Historia, as\u00ed como Rector de la Universidad Complutense de Madrid, cargo este \u00faltimo del que dimiti\u00f3 en 1956, por el excesivo intervencionismo de Franco en la vida universitaria. Recibi\u00f3 el Pr\u00edncipe de Asturias a la Comunicaci\u00f3n y Humanidades en 1989.<\/p>\n<p style=\"text-align: justify;\" align=\"JUSTIFY\">Pero La\u00edn-Entralgo destac\u00f3 tambi\u00e9n como humanista y escritor, y fue pionero en la puesta en marcha de lo que hoy es una disciplina cient\u00edfica de las ciencias humanas: la historia de la ciencia. En ella fue quiz\u00e1s pionero otro cient\u00edfico cat\u00f3lico del que ya me ocupar\u00e9, Celso Ar\u00e9valo. El principal logro de La\u00edn fue el de &#8230;aplicar el m\u00e9todo hist\u00f3rico al estudio de la medicina en todos sus campos y facetas&#8230;en palabras de su m\u00e1s importante disc\u00edpulo, el Prof. Jose M\u00aa L\u00f3pez-Pi\u00f1ero, de la Real Academia de Historia, qui\u00e9n no dud\u00f3 en afirmar que su maestro fue &#8230;el Cajal de su especialidad&#8230; y que desgraciadamente Pedro La\u00edn Entralgo sigue siendo una persona apenas conocida en nuestro pa\u00eds, quiz\u00e1 porque en Espa\u00f1a somos destructivos con nuestras grandes figuras. Para que esto no ocurra, vaya este homenaje para quien puso en marcha la primera escuela de investigaci\u00f3n cient\u00edfica espa\u00f1ola en Historia de la Ciencia, hombre adem\u00e1s de profundas convicciones religiosas, que coment\u00f3 y resumi\u00f3 como que Dios cre\u00f3 al hombre a su imagen y semejanza; el hombre entero pervive tras la muerte y durante su vida terrena, al hombre le es posible comunicarse con Dios.<\/p>\n<p style=\"text-align: justify;\" align=\"JUSTIFY\">Zubiri o Morente eran le\u00eddos habitualmente por \u00e9l. Escribir\u00eda \u201c\u2026pedir\u00e9 a Dios que me permita siempre decir con verdad y sencillez: \u00abiSe\u00f1or, ay\u00fadame a ampliar, ay\u00fadame a gozar mi propio l\u00edmite!\u00bb Porque si Dios est\u00e1 en lo m\u00e1s hondo de nosotros, tambi\u00e9n est\u00e1 \u2013\u00bfno es cierto, amigos?\u2013 en la cuerda que nuestro tal\u00f3n roza al dar con buen \u00e1nimo nuestro m\u00e1ximo salto\u201d y tambi\u00e9n que el hombre es \u201c\u2026titular de una vida que no muere con la muerte\u2026&#8221;.<\/p>\n","protected":false},"excerpt":{"rendered":"<p>Cat\u00f3licos y cient\u00edficos: La\u00edn-Entralgo, por\u00a0Alfonso V. Carrascosa, cient\u00edfico del CSIC Pedro La\u00edn-Entralgo naci\u00f3 en Urrea de Ga\u00e9n, provincia de Teruel, en 1908, se doctor\u00f3 en medicina y se licenci\u00f3 en ciencias qu\u00edmicas. Con el paso del tiempo lleg\u00f3 a ser miembro de la Real Academia Espa\u00f1ola, de la que fue director, de la Real Academia &hellip; <a href=\"https:\/\/www.biblia.work\/sermones\/catolicos-y-cientificos-lain-entralgo-por-alfonso-v-carrascosa-cientifico-del-csic\/\" class=\"more-link\">Continuar leyendo<span class=\"screen-reader-text\"> \u00abCat\u00f3licos y cient\u00edficos: La\u00edn-Entralgo, por Alfonso V. Carrascosa, cient\u00edfico del CSIC\u00bb<\/span><\/a><\/p>\n","protected":false},"author":1,"featured_media":0,"comment_status":"open","ping_status":"closed","sticky":false,"template":"","format":"standard","meta":{"footnotes":""},"categories":[1],"tags":[],"class_list":["post-34950","post","type-post","status-publish","format-standard","hentry","category-general"],"_links":{"self":[{"href":"https:\/\/www.biblia.work\/sermones\/wp-json\/wp\/v2\/posts\/34950","targetHints":{"allow":["GET"]}}],"collection":[{"href":"https:\/\/www.biblia.work\/sermones\/wp-json\/wp\/v2\/posts"}],"about":[{"href":"https:\/\/www.biblia.work\/sermones\/wp-json\/wp\/v2\/types\/post"}],"author":[{"embeddable":true,"href":"https:\/\/www.biblia.work\/sermones\/wp-json\/wp\/v2\/users\/1"}],"replies":[{"embeddable":true,"href":"https:\/\/www.biblia.work\/sermones\/wp-json\/wp\/v2\/comments?post=34950"}],"version-history":[{"count":0,"href":"https:\/\/www.biblia.work\/sermones\/wp-json\/wp\/v2\/posts\/34950\/revisions"}],"wp:attachment":[{"href":"https:\/\/www.biblia.work\/sermones\/wp-json\/wp\/v2\/media?parent=34950"}],"wp:term":[{"taxonomy":"category","embeddable":true,"href":"https:\/\/www.biblia.work\/sermones\/wp-json\/wp\/v2\/categories?post=34950"},{"taxonomy":"post_tag","embeddable":true,"href":"https:\/\/www.biblia.work\/sermones\/wp-json\/wp\/v2\/tags?post=34950"}],"curies":[{"name":"wp","href":"https:\/\/api.w.org\/{rel}","templated":true}]}}