{"id":34951,"date":"2016-06-20T23:44:15","date_gmt":"2016-06-21T04:44:15","guid":{"rendered":"http:\/\/www.biblia.work\/sermones\/tomar-la-calle-por-amparo-tos-boix\/"},"modified":"2016-06-20T23:44:15","modified_gmt":"2016-06-21T04:44:15","slug":"tomar-la-calle-por-amparo-tos-boix","status":"publish","type":"post","link":"https:\/\/www.biblia.work\/sermones\/tomar-la-calle-por-amparo-tos-boix\/","title":{"rendered":"Tomar la calle, por Amparo Tos Boix"},"content":{"rendered":"<p><strong>Tomar la calle, por Amparo Tos Boix<\/strong><\/p>\n<p>A prop\u00f3sito de la <strong>gran manifestaci\u00f3n en Valencia del 22 de mayo en defensa de la educaci\u00f3n concertada<\/strong>, chirr\u00edan las palabras del Conseller de Educaci\u00f3n, Sr.Marz\u00e1, se\u00f1alando al PP como impulsor de la misma.<\/p>\n<p align=\"justify\">\n<p>\u00a0 \u00a0La izquierda espa\u00f1ola no se resigna a tener que compartir la calle con quien no sea de ellos. En verdad, hist\u00f3ricamente ha sido preciso que las tropel\u00edas gubernamentales fueran supremas para que los ciudadanos de centro derecha, incluso los que no votan, se unieran en una protesta masiva. Probablemente el d\u00eda 22 hab\u00eda m\u00e1s de uno que vot\u00f3 al Psoe hace un a\u00f1o\u2026<\/p>\n<p>\u00a0 Sr. Marz\u00e1, reconozca que la persecuci\u00f3n a los colegios concertados est\u00e1 en la l\u00ednea de su partido de negar el derecho a la elecci\u00f3n de centro, y de potenciar exclusivamente la educaci\u00f3n p\u00fablica como medio para \u201ceducar\u201d a las nuevas generaciones en los principios del para\u00edso socialista.<\/p>\n<p>\u00a0\u00a0\u00a0\u00a0\u00a0\u00a0\u00a0\u00a0\u00a0\u00a0\u00a0\u00a0\u00a0\u00a0\u00a0\u00a0\u00a0\u00a0\u00a0\u00a0\u00a0\u00a0\u00a0\u00a0\u00a0\u00a0\u00a0\u00a0\u00a0\u00a0\u00a0\u00a0\u00a0\u00a0\u00a0\u00a0\u00a0\u00a0\u00a0\u00a0\u00a0\u00a0\u00a0\u00a0\u00a0\u00a0\u00a0\u00a0\u00a0\u00a0\u00a0\u00a0\u00a0\u00a0\u00a0\u00a0\u00a0\u00a0\u00a0\u00a0\u00a0\u00a0\u00a0\u00a0\u00a0\u00a0\u00a0\u00a0\u00a0\u00a0\u00a0\u00a0\u00a0 Amparo Tos Boix, Valencia.<\/p>\n","protected":false},"excerpt":{"rendered":"<p>Tomar la calle, por Amparo Tos Boix A prop\u00f3sito de la gran manifestaci\u00f3n en Valencia del 22 de mayo en defensa de la educaci\u00f3n concertada, chirr\u00edan las palabras del Conseller de Educaci\u00f3n, Sr.Marz\u00e1, se\u00f1alando al PP como impulsor de la misma. \u00a0 \u00a0La izquierda espa\u00f1ola no se resigna a tener que compartir la calle con &hellip; <a href=\"https:\/\/www.biblia.work\/sermones\/tomar-la-calle-por-amparo-tos-boix\/\" class=\"more-link\">Continuar leyendo<span class=\"screen-reader-text\"> \u00abTomar la calle, por Amparo Tos Boix\u00bb<\/span><\/a><\/p>\n","protected":false},"author":1,"featured_media":0,"comment_status":"open","ping_status":"closed","sticky":false,"template":"","format":"standard","meta":{"footnotes":""},"categories":[1],"tags":[],"class_list":["post-34951","post","type-post","status-publish","format-standard","hentry","category-general"],"_links":{"self":[{"href":"https:\/\/www.biblia.work\/sermones\/wp-json\/wp\/v2\/posts\/34951","targetHints":{"allow":["GET"]}}],"collection":[{"href":"https:\/\/www.biblia.work\/sermones\/wp-json\/wp\/v2\/posts"}],"about":[{"href":"https:\/\/www.biblia.work\/sermones\/wp-json\/wp\/v2\/types\/post"}],"author":[{"embeddable":true,"href":"https:\/\/www.biblia.work\/sermones\/wp-json\/wp\/v2\/users\/1"}],"replies":[{"embeddable":true,"href":"https:\/\/www.biblia.work\/sermones\/wp-json\/wp\/v2\/comments?post=34951"}],"version-history":[{"count":0,"href":"https:\/\/www.biblia.work\/sermones\/wp-json\/wp\/v2\/posts\/34951\/revisions"}],"wp:attachment":[{"href":"https:\/\/www.biblia.work\/sermones\/wp-json\/wp\/v2\/media?parent=34951"}],"wp:term":[{"taxonomy":"category","embeddable":true,"href":"https:\/\/www.biblia.work\/sermones\/wp-json\/wp\/v2\/categories?post=34951"},{"taxonomy":"post_tag","embeddable":true,"href":"https:\/\/www.biblia.work\/sermones\/wp-json\/wp\/v2\/tags?post=34951"}],"curies":[{"name":"wp","href":"https:\/\/api.w.org\/{rel}","templated":true}]}}