{"id":34952,"date":"2016-06-20T23:44:19","date_gmt":"2016-06-21T04:44:19","guid":{"rendered":"http:\/\/www.biblia.work\/sermones\/catolicos-y-cientificos-gutierrez-rios-por-alfonso-v-carrascosa-cientifico-del-csic\/"},"modified":"2016-06-20T23:44:19","modified_gmt":"2016-06-21T04:44:19","slug":"catolicos-y-cientificos-gutierrez-rios-por-alfonso-v-carrascosa-cientifico-del-csic","status":"publish","type":"post","link":"https:\/\/www.biblia.work\/sermones\/catolicos-y-cientificos-gutierrez-rios-por-alfonso-v-carrascosa-cientifico-del-csic\/","title":{"rendered":"Cat\u00f3licos y Cient\u00edficos: Guti\u00e9rrez R\u00edos, por Alfonso V. Carrascosa, cient\u00edfico del CSIC"},"content":{"rendered":"<p style=\"text-align: justify;\"><strong>Cat\u00f3licos y Cient\u00edficos: Guti\u00e9rrez R\u00edos, por Alfonso V. Carrascosa, cient\u00edfico del CSIC<\/strong><\/p>\n<p style=\"text-align: justify;\">Una buena pregunta ser\u00eda : \u00bfha tenido algo que ver con el desarrollo contempor\u00e1neo de la qu\u00edmica espa\u00f1ola un padre de familia con 6 hijos y del Opus Dei?. Para sorpresa de muchos cat\u00f3licos, y no digamos de laicistas de todo g\u00e9nero, la respuesta es \u00a1S\u00ed!.<\/p>\n<p style=\"text-align: justify;\">Es el caso del licenciado en Farmacia y doctor en Ciencias Qu\u00edmicas Enrique Gutierrez R\u00edos (1915-1990), catedr\u00e1tico de universidad y presidente del CSIC en 1973-74, organismo cient\u00edfico mayor y m\u00e1s longevo de la historia de Espa\u00f1a, fundado por los cat\u00f3licos Ib\u00e1\u00f1ez-Mart\u00edn y Albareda en 1939.<\/p>\n<p style=\"text-align: justify;\">Sin embargo la memoria hist\u00f3rica objetiva debe incluir a personajes como \u00e9ste. Precisamente a \u00e9l le debemos el mejor libro hasta ahora escrito sobre la personalidad de Jose M\u00aa Albareda, titulado \u201cAlbareda: una \u00e9poca de la cultura espa\u00f1ola\u201d &#8211; en el que se adentra en aspectos espirituales de su figura como s\u00f3lo los que tenemos alguna sensibilidad religiosa somos capaces de plasmar- y la mejor necrol\u00f3gica del fallecimiento de san Jose M\u00aa Escriv\u00e1 de Balaguer, le\u00edble en la hemeroteca de ABC, en la que comenta cosas tales como \u201cAunque hablara a una gran concurrencia, siempre la persona estaba en primer plano \u2013cada persona, concreta, \u00fanica, insustituible\u2013. Dec\u00eda que, en lo espiritual, cada criatura requiere una asistencia concreta, personal; que \u00a1no pueden tratarse las almas en masa!\u201d.<\/p>\n<p style=\"text-align: justify;\">Como se recoge en la propia web del CSIC, su vida cient\u00edfica estuvo estrechamente vinculada al CSIC desde sus or\u00edgenes, instituci\u00f3n en la que ocup\u00f3 diversos cargos entre los que cabe destacar: distintas responsabilidades en los Patronatos &#8220;Alonso de Herrera&#8221; y &#8220;Alfonso el Sabio&#8221;, director de la Estaci\u00f3n Experimental del Zaid\u00edn de Granada (1954-1957) y del Instituto de Qu\u00edmica Org\u00e1nica &#8220;Elhuyar&#8221; (1983-4), y Vicepresidente (1967-1971). Ocup\u00f3, asimismo, responsabilidades en instituciones cient\u00edficas p\u00fablicas y privadas: Presidente de la Real Sociedad Espa\u00f1ola de F\u00edsica y Qu\u00edmica (1966-1970), Presidente del Consejo Nacional de Educaci\u00f3n (1968) y vocal de la Comisi\u00f3n Asesora de Investigaci\u00f3n Cient\u00edfica y T\u00e9cnica. Fue Doctor honoris causa por la Universidad de Granada (1972). Recibi\u00f3 los premios Francisco Franco de Ciencias (1966) y Jos\u00e9 Mar\u00eda Albareda (1969), precisamente por la escritura del libro al que antes hac\u00eda referencia. Fue miembro de las Reales Academia de Farmacia (1983) y de Ciencias Exactas, F\u00edsicas y Naturales (1985). Estaba en posesi\u00f3n de la Gran Cruz de la Orden Civil de Alfonso X el Sabio (1964).<\/p>\n<p style=\"text-align: justify;\">\u00a0Ocup\u00f3 varias presidencias adem\u00e1s de la del CSIC, entre las que cabe recordar: Presidente de la Comisi\u00f3n Asesora de Investigaci\u00f3n Cient\u00edfica y T\u00e9cnica de la Presidencia del Gobierno (1968-73), Presidente del Consejo Nacional de Educaci\u00f3n, Presidente de la Real Sociedad Espa\u00f1ola de F\u00edsica y Qu\u00edmica (1966-70) y fue adem\u00e1s Consejero del Reino por las Universidades Espa\u00f1ola y Director del Instituto de Qu\u00edmica Inorg\u00e1nica &#8220;Elhuyar&#8221; del CSIC.<\/p>\n<p style=\"text-align: justify;\">\u00a0No es el \u00fanico qu\u00edmico cat\u00f3lico espa\u00f1ol del siglo XX del CSIC. Iremos viendo.<\/p>\n","protected":false},"excerpt":{"rendered":"<p>Cat\u00f3licos y Cient\u00edficos: Guti\u00e9rrez R\u00edos, por Alfonso V. Carrascosa, cient\u00edfico del CSIC Una buena pregunta ser\u00eda : \u00bfha tenido algo que ver con el desarrollo contempor\u00e1neo de la qu\u00edmica espa\u00f1ola un padre de familia con 6 hijos y del Opus Dei?. Para sorpresa de muchos cat\u00f3licos, y no digamos de laicistas de todo g\u00e9nero, la &hellip; <a href=\"https:\/\/www.biblia.work\/sermones\/catolicos-y-cientificos-gutierrez-rios-por-alfonso-v-carrascosa-cientifico-del-csic\/\" class=\"more-link\">Continuar leyendo<span class=\"screen-reader-text\"> \u00abCat\u00f3licos y Cient\u00edficos: Guti\u00e9rrez R\u00edos, por Alfonso V. Carrascosa, cient\u00edfico del CSIC\u00bb<\/span><\/a><\/p>\n","protected":false},"author":1,"featured_media":0,"comment_status":"open","ping_status":"closed","sticky":false,"template":"","format":"standard","meta":{"footnotes":""},"categories":[1],"tags":[],"class_list":["post-34952","post","type-post","status-publish","format-standard","hentry","category-general"],"_links":{"self":[{"href":"https:\/\/www.biblia.work\/sermones\/wp-json\/wp\/v2\/posts\/34952","targetHints":{"allow":["GET"]}}],"collection":[{"href":"https:\/\/www.biblia.work\/sermones\/wp-json\/wp\/v2\/posts"}],"about":[{"href":"https:\/\/www.biblia.work\/sermones\/wp-json\/wp\/v2\/types\/post"}],"author":[{"embeddable":true,"href":"https:\/\/www.biblia.work\/sermones\/wp-json\/wp\/v2\/users\/1"}],"replies":[{"embeddable":true,"href":"https:\/\/www.biblia.work\/sermones\/wp-json\/wp\/v2\/comments?post=34952"}],"version-history":[{"count":0,"href":"https:\/\/www.biblia.work\/sermones\/wp-json\/wp\/v2\/posts\/34952\/revisions"}],"wp:attachment":[{"href":"https:\/\/www.biblia.work\/sermones\/wp-json\/wp\/v2\/media?parent=34952"}],"wp:term":[{"taxonomy":"category","embeddable":true,"href":"https:\/\/www.biblia.work\/sermones\/wp-json\/wp\/v2\/categories?post=34952"},{"taxonomy":"post_tag","embeddable":true,"href":"https:\/\/www.biblia.work\/sermones\/wp-json\/wp\/v2\/tags?post=34952"}],"curies":[{"name":"wp","href":"https:\/\/api.w.org\/{rel}","templated":true}]}}