{"id":34953,"date":"2016-06-20T23:44:25","date_gmt":"2016-06-21T04:44:25","guid":{"rendered":"http:\/\/www.biblia.work\/sermones\/arriba-y-abajo-la-ironia-de-la-evangelizacion-por-jose-luis-restan\/"},"modified":"2016-06-20T23:44:25","modified_gmt":"2016-06-21T04:44:25","slug":"arriba-y-abajo-la-ironia-de-la-evangelizacion-por-jose-luis-restan","status":"publish","type":"post","link":"https:\/\/www.biblia.work\/sermones\/arriba-y-abajo-la-ironia-de-la-evangelizacion-por-jose-luis-restan\/","title":{"rendered":"Arriba y abajo, la iron\u00eda de la evangelizaci\u00f3n, por Jos\u00e9 Luis Rest\u00e1n"},"content":{"rendered":"<p class=\"heditor_first\">Arriba y abajo, la iron\u00eda de la evangelizaci\u00f3n, por Jos\u00e9 Luis Rest\u00e1n, director editorial de la Cadena Cope, en P\u00e1ginas Digital del 24\/5\/2016<\/p>\n<p class=\"heditor_first\">La abad\u00eda de Echternach, en Luxemburgo, fundada en el lejan\u00edsimo a\u00f1o 698 por San Willibrord, contempla cada a\u00f1o una nutrida procesi\u00f3n que discurre durante m\u00e1s de tres horas portando las reliquias de este gran misionero del que apenas sabemos algo por estos pagos.<\/p>\n<p align=\"justify\">\n<p class=\"heditor_first\">Pero no es mi intenci\u00f3n ofrecer una lecci\u00f3n de historia, aunque la historia cuenta, y pesa. Este a\u00f1o han participado diez mil personas, lo que indica que debemos matizar bien las referencias gruesas (por otro lado indudablemente verdaderas) a una Europa secularizada. A los fieles luxemburgueses se unieron otros muchos llegados de las regiones del sur de Holanda, de Lorena y del Palatinado.<\/p>\n<p align=\"justify\">Este a\u00f1o me parece destacable la homil\u00eda pronunciada por el cardenal Wim Eijk, arzobispo de Utrecht, que presidi\u00f3 la celebraci\u00f3n. Eijk es una figura notable del nuevo catolicismo que despunta en Holanda, sin duda minoritario pero tambi\u00e9n creativo, realista y al tiempo audaz, con notable espesor cultural y de vuelta ya de muchas martingalas de decenios pasados. Su homil\u00eda parti\u00f3 de un texto de la Carta a los Hebreos que recomienda a los fieles de la primera comunidad: \u201cacordaos de vuestros gu\u00edas, que os anunciaron la Palabra de Dios; fijaos en el desenlace de su vidas e imitad su fe\u201d. Y a continuaci\u00f3n les advierte de que no se dejen arrastrar \u201cpor doctrinas complicadas y extra\u00f1as\u201d. El cardenal no se anduvo por las ramas al afirmar a los participantes en la procesi\u00f3n que estas recomendaciones bien pueden aplicarse a nuestros d\u00edas en el coraz\u00f3n de Europa, que ha visto un r\u00e1pido declinar de la fe.<\/p>\n<p align=\"justify\">Uno de esos gu\u00edas a los que recordar en tiempos de apremio es precisamente San Willibrord, un monje nacido en el norte de Inglaterra que evangeliz\u00f3 el territorio de los actuales Pa\u00edses Bajos a finales del siglo VII, siendo confirmado en su labor por el papa Sergio I. Pero seg\u00fan Eijk, su impulso no naci\u00f3 de un plan de evangelizaci\u00f3n ni busc\u00f3 la creaci\u00f3n de grandes estructuras, sencillamente pretend\u00eda seguir la vida de Jes\u00fas y de sus primeros ap\u00f3stoles. Por eso aceptaba no tener un lugar donde reposar su cabeza, y asum\u00eda el rechazo, la incomprensi\u00f3n y la violencia que se volv\u00edan contra su anuncio siempre pac\u00edfico y lleno de alegr\u00eda.<\/p>\n<p align=\"justify\">Es cierto, como explica el cardenal, que Willibrord y sus compa\u00f1eros tambi\u00e9n pusieron en marcha obras e instituciones, y adem\u00e1s busc\u00f3 el apoyo del rey de los francos. Pero muchas de ellas fueron destruidas repetidamente. El \u201c\u00e9xito\u201d de su apostolado podr\u00eda resumirse como \u201ctres pasos adelante y dos hacia atr\u00e1s\u201d. En realidad as\u00ed es siempre la evangelizaci\u00f3n, no faltan los frutos pero tampoco momentos de serio retroceso. Y mirando a sus tierras, Eijk sabe de lo que est\u00e1 hablando. Pero esa libertad respecto del \u00e9xito, de los planes y de las estructuras, daba a la presencia de Willibrord un innegable atractivo, una frescura de la fe que llamaba a otros a seguirle y a multiplicar su obra.<\/p>\n<p align=\"justify\">\u201c\u00bfAcaso podemos no ver en todo esto una comparaci\u00f3n con lo que ha sucedido tantas veces?\u201d, se ha preguntado el arzobispo de Utrecht. \u201cTristemente hay que reconocer que la Iglesia, una vez m\u00e1s, ha bajado varios escalones en los \u00faltimos 50 a\u00f1os\u201d. Por eso es m\u00e1s necesario que nunca el apremio: recordad a vuestros gu\u00edas, a los que os anunciaron por primera vez la palabra de la salvaci\u00f3n.<\/p>\n<p align=\"justify\">Lejos de cualquier nostalgia o arqueologismo, el cardenal aclara que no podemos seguir literalmente (mec\u00e1nicamente) los pasos de San Willibrord, pero s\u00ed podemos aprender de \u00e9l la din\u00e1mica de su fe, aprender a realizar la misi\u00f3n con estructuras mucho menos poderosas e influyentes que hace medio siglo (recordemos aqu\u00ed que Eijk ha tenido que cerrar, dolorosamente, varias parroquias en su di\u00f3cesis). Tambi\u00e9n nosotros, como aquellos monjes llegados de la norte\u00f1a Escocia, somos invitados a \u201cestar en la carretera con Jes\u00fas\u201d, sin protecciones, haciendo frente a muchas formas de oposici\u00f3n, sostenidos \u00fanicamente por la verdad y la belleza de una fe experimentada personalmente. La homil\u00eda concluy\u00f3 con una mirada al futuro, con un punto de iron\u00eda esperanzada: \u201cno soy profeta, pero puedo aseguraros que la actual cultura secular no durar\u00e1 para siempre, y tambi\u00e9n ser\u00e1 reemplazada por una nueva cultura\u2026 y entonces quiz\u00e1s podamos subir unos cuantos escalones otra vez\u201d.<\/p>\n<p align=\"justify\">&nbsp;<\/p>\n","protected":false},"excerpt":{"rendered":"<p>Arriba y abajo, la iron\u00eda de la evangelizaci\u00f3n, por Jos\u00e9 Luis Rest\u00e1n, director editorial de la Cadena Cope, en P\u00e1ginas Digital del 24\/5\/2016 La abad\u00eda de Echternach, en Luxemburgo, fundada en el lejan\u00edsimo a\u00f1o 698 por San Willibrord, contempla cada a\u00f1o una nutrida procesi\u00f3n que discurre durante m\u00e1s de tres horas portando las reliquias de &hellip; <a href=\"https:\/\/www.biblia.work\/sermones\/arriba-y-abajo-la-ironia-de-la-evangelizacion-por-jose-luis-restan\/\" class=\"more-link\">Continuar leyendo<span class=\"screen-reader-text\"> \u00abArriba y abajo, la iron\u00eda de la evangelizaci\u00f3n, por Jos\u00e9 Luis Rest\u00e1n\u00bb<\/span><\/a><\/p>\n","protected":false},"author":1,"featured_media":0,"comment_status":"open","ping_status":"closed","sticky":false,"template":"","format":"standard","meta":{"footnotes":""},"categories":[1],"tags":[],"class_list":["post-34953","post","type-post","status-publish","format-standard","hentry","category-general"],"_links":{"self":[{"href":"https:\/\/www.biblia.work\/sermones\/wp-json\/wp\/v2\/posts\/34953","targetHints":{"allow":["GET"]}}],"collection":[{"href":"https:\/\/www.biblia.work\/sermones\/wp-json\/wp\/v2\/posts"}],"about":[{"href":"https:\/\/www.biblia.work\/sermones\/wp-json\/wp\/v2\/types\/post"}],"author":[{"embeddable":true,"href":"https:\/\/www.biblia.work\/sermones\/wp-json\/wp\/v2\/users\/1"}],"replies":[{"embeddable":true,"href":"https:\/\/www.biblia.work\/sermones\/wp-json\/wp\/v2\/comments?post=34953"}],"version-history":[{"count":0,"href":"https:\/\/www.biblia.work\/sermones\/wp-json\/wp\/v2\/posts\/34953\/revisions"}],"wp:attachment":[{"href":"https:\/\/www.biblia.work\/sermones\/wp-json\/wp\/v2\/media?parent=34953"}],"wp:term":[{"taxonomy":"category","embeddable":true,"href":"https:\/\/www.biblia.work\/sermones\/wp-json\/wp\/v2\/categories?post=34953"},{"taxonomy":"post_tag","embeddable":true,"href":"https:\/\/www.biblia.work\/sermones\/wp-json\/wp\/v2\/tags?post=34953"}],"curies":[{"name":"wp","href":"https:\/\/api.w.org\/{rel}","templated":true}]}}