{"id":34954,"date":"2016-06-20T23:44:35","date_gmt":"2016-06-21T04:44:35","guid":{"rendered":"http:\/\/www.biblia.work\/sermones\/eucaristia-y-caridad-por-jose-roman-flecha-andres-en-diario-de-leon-28-5-2016\/"},"modified":"2016-06-20T23:44:35","modified_gmt":"2016-06-21T04:44:35","slug":"eucaristia-y-caridad-por-jose-roman-flecha-andres-en-diario-de-leon-28-5-2016","status":"publish","type":"post","link":"https:\/\/www.biblia.work\/sermones\/eucaristia-y-caridad-por-jose-roman-flecha-andres-en-diario-de-leon-28-5-2016\/","title":{"rendered":"Eucarist\u00eda y caridad, por Jos\u00e9-Rom\u00e1n Flecha Andr\u00e9s, en Diario de Le\u00f3n (28-5-2016)"},"content":{"rendered":"<p style=\"text-align: justify;\">\n<p style=\"text-align: justify;\"><strong>Eucarist\u00eda y caridad,\u00a0por Jos\u00e9-Rom\u00e1n Flecha Andr\u00e9s, en Diario de Le\u00f3n (28-5-2016)<\/strong><\/p>\n<p style=\"text-align: justify;\">En la fiesta del Cuerpo y la Sangre de Cristo celebramos tambi\u00e9n el D\u00eda de la Caridad. No es una casualidad esa uni\u00f3n del misterio con la pr\u00e1ctica cristiana. Ya san Juan Cris\u00f3stomo vincula la participaci\u00f3n en la eucarist\u00eda con la caridad y justicia debidas a los m\u00e1s pobres.<\/p>\n<p style=\"text-align: justify;\">En una conocida homil\u00eda compara el Santo el honor que se tributa al cuerpo sacramental de Cristo con el honor que se niega a los pobres que son miembros de su cuerpo: \u201c\u00bfDeseas honrar el cuerpo de Cristo? No lo desprecies, pues, cuando lo contemples desnudo en los pobres, ni lo honres aqu\u00ed, en el templo, con lienzos de seda, si al salir lo abandonas en su fr\u00edo y desnudez\u201d.<\/p>\n<p style=\"text-align: justify;\">Han pasado los siglos, pero la situaci\u00f3n tal vez no haya cambiado tanto. El d\u00eda 22 de febrero del a\u00f1o 2007, el Papa Benedicto XVI firmaba la exhortaci\u00f3n apost\u00f3lica postsinodal Sacramentum caritatis, es decir, \u201cEl Sacramento de la caridad\u201d, sobre la Eucarist\u00eda, fuente y culmen de la vida y de la misi\u00f3n de la Iglesia.<\/p>\n<p style=\"text-align: justify;\">Recordando el fen\u00f3meno de la globalizaci\u00f3n que con frecuencia aumenta la diferencia entre ricos y pobres, reconoce el Papa que debemos denunciar a quien derrocha las riquezas de la tierra, provocando desigualdades que claman al cielo (SC 90).<\/p>\n<p style=\"text-align: justify;\">Menciona \u00e9l las poblaciones que viven bajo el umbral de la pobreza, cuya indigencia podr\u00eda ser solucionada con \u201cla mitad de las ingentes sumas destinadas globalmente a armamento\u201d. El Papa se pregunta: \u201cEstos seres humanos, \u00bfno son nuestros hermanos y hermanas? \u00bfAcaso sus hijos no vienen al mundo con las mismas esperanzas leg\u00edtimas de felicidad que los dem\u00e1s?\u201d.<\/p>\n<p style=\"text-align: justify;\">E inmediatamente relaciona el mundo de la pobreza con la celebraci\u00f3n eucar\u00edstica, al afirmar: \u201cEl Se\u00f1or Jes\u00fas, Pan de vida eterna, nos apremia y nos hace estar atentos a las situaciones de pobreza en que se halla todav\u00eda gran parte de la humanidad: son situaciones cuya causa implica a menudo una clara e inquietante responsabilidad por parte de los hombres\u201d (SC 90).<\/p>\n<p style=\"text-align: justify;\">La evocaci\u00f3n de los pobres adquiere en esta exhortaci\u00f3n el tono prof\u00e9tico de la denuncia de todo lo que degrada la dignidad del ser humano. Y nos invita al compromiso en todo aquello que puede contribuir a la civilizaci\u00f3n del amor,<\/p>\n<p style=\"text-align: justify;\">\u201cLas instituciones eclesiales de beneficencia, en particular Caritas en sus diversos \u00e1mbitos, prestan el precioso servicio de ayudar a las personas necesitadas, sobre todo a los m\u00e1s pobres. Estas instituciones, inspir\u00e1ndose en la Eucarist\u00eda, que es el sacramento de la caridad, se convierten en su expresi\u00f3n concreta; por ello merecen todo encomio y est\u00edmulo por su compromiso solidario en el mundo\u201d (SC 90).<\/p>\n<p style=\"text-align: justify;\">En este a\u00f1o, nuestra atenci\u00f3n a los necesitados ha de ser un signo y testimonio de que la Eucarist\u00eda es fuente de la misericordia que se espera de nosotros.<\/p>\n<p style=\"text-align: justify;\">Jos\u00e9-Rom\u00e1n Flecha Andr\u00e9s<\/p>\n","protected":false},"excerpt":{"rendered":"<p>Eucarist\u00eda y caridad,\u00a0por Jos\u00e9-Rom\u00e1n Flecha Andr\u00e9s, en Diario de Le\u00f3n (28-5-2016) En la fiesta del Cuerpo y la Sangre de Cristo celebramos tambi\u00e9n el D\u00eda de la Caridad. No es una casualidad esa uni\u00f3n del misterio con la pr\u00e1ctica cristiana. Ya san Juan Cris\u00f3stomo vincula la participaci\u00f3n en la eucarist\u00eda con la caridad y justicia &hellip; <a href=\"https:\/\/www.biblia.work\/sermones\/eucaristia-y-caridad-por-jose-roman-flecha-andres-en-diario-de-leon-28-5-2016\/\" class=\"more-link\">Continuar leyendo<span class=\"screen-reader-text\"> \u00abEucarist\u00eda y caridad, por Jos\u00e9-Rom\u00e1n Flecha Andr\u00e9s, en Diario de Le\u00f3n (28-5-2016)\u00bb<\/span><\/a><\/p>\n","protected":false},"author":1,"featured_media":0,"comment_status":"open","ping_status":"closed","sticky":false,"template":"","format":"standard","meta":{"footnotes":""},"categories":[1],"tags":[],"class_list":["post-34954","post","type-post","status-publish","format-standard","hentry","category-general"],"_links":{"self":[{"href":"https:\/\/www.biblia.work\/sermones\/wp-json\/wp\/v2\/posts\/34954","targetHints":{"allow":["GET"]}}],"collection":[{"href":"https:\/\/www.biblia.work\/sermones\/wp-json\/wp\/v2\/posts"}],"about":[{"href":"https:\/\/www.biblia.work\/sermones\/wp-json\/wp\/v2\/types\/post"}],"author":[{"embeddable":true,"href":"https:\/\/www.biblia.work\/sermones\/wp-json\/wp\/v2\/users\/1"}],"replies":[{"embeddable":true,"href":"https:\/\/www.biblia.work\/sermones\/wp-json\/wp\/v2\/comments?post=34954"}],"version-history":[{"count":0,"href":"https:\/\/www.biblia.work\/sermones\/wp-json\/wp\/v2\/posts\/34954\/revisions"}],"wp:attachment":[{"href":"https:\/\/www.biblia.work\/sermones\/wp-json\/wp\/v2\/media?parent=34954"}],"wp:term":[{"taxonomy":"category","embeddable":true,"href":"https:\/\/www.biblia.work\/sermones\/wp-json\/wp\/v2\/categories?post=34954"},{"taxonomy":"post_tag","embeddable":true,"href":"https:\/\/www.biblia.work\/sermones\/wp-json\/wp\/v2\/tags?post=34954"}],"curies":[{"name":"wp","href":"https:\/\/api.w.org\/{rel}","templated":true}]}}