{"id":34955,"date":"2016-06-20T23:44:39","date_gmt":"2016-06-21T04:44:39","guid":{"rendered":"http:\/\/www.biblia.work\/sermones\/catolicos-y-cientificos-antonio-fontan-alfonso-v-carrascosa-cientifico-del-csic\/"},"modified":"2016-06-20T23:44:39","modified_gmt":"2016-06-21T04:44:39","slug":"catolicos-y-cientificos-antonio-fontan-alfonso-v-carrascosa-cientifico-del-csic","status":"publish","type":"post","link":"https:\/\/www.biblia.work\/sermones\/catolicos-y-cientificos-antonio-fontan-alfonso-v-carrascosa-cientifico-del-csic\/","title":{"rendered":"Cat\u00f3licos y Cient\u00edficos: Antonio Font\u00e1n, Alfonso V. Carrascosa, cient\u00edfico del CSIC"},"content":{"rendered":"<p style=\"text-align: justify;\" align=\"RIGHT\"><strong>Cat\u00f3licos y Cient\u00edficos: Antonio Font\u00e1n,\u00a0Alfonso V. Carrascosa, cient\u00edfico del CSIC<\/strong><\/p>\n<p style=\"text-align: justify;\">Antonio Font\u00e1n (Sevilla, 15 de octubre de 1923 &#8211; Madrid, 14 de enero de 2010) fue el primer presidente del senado de la Espa\u00f1a democr\u00e1tica, adem\u00e1s de periodista y Catedr\u00e1tico de Universidad, uno de los autores de la Constituci\u00f3n Espa\u00f1ola de 1978, Ministro de Administraci\u00f3n Territorial entre 1979 y 1980 y, hasta su reciente fallecimiento, presidente de la Nueva Revista de Pol\u00edtica, Cultura y Arte, revista bimestral de actualidad creada en 1990. Una s\u00edntesis de su biograf\u00eda puede consultarse.<\/p>\n<p style=\"text-align: justify;\">Estudi\u00f3 el bachillerato en el colegio de los Jesuitas de Sevilla y curs\u00f3 la carrera de Filosof\u00eda y Letras en Sevilla y Madrid, licenci\u00e1ndose en Filolog\u00eda Cl\u00e1sica en Madrid en 1944. Un a\u00f1o antes ingres\u00f3 como numerario en el Opus Dei, en 1945. Inici\u00f3 su actividad docente como profesor ayudante en la Facultad de Filolog\u00eda y obtuvo el t\u00edtulo de doctor con una tesis de investigaci\u00f3n sobre la tradici\u00f3n manuscrita de los Di\u00e1logos de S\u00e9neca , comenzando as\u00ed, podr\u00edamos decir, su actividad cient\u00edfica. Obtuvo el t\u00edtulo de doctor en 1948, en Madrid. En 1949 consigui\u00f3 por oposici\u00f3n la c\u00e1tedra de Filolog\u00eda Latina en la Universidad de Granada e inici\u00f3 estudios de Periodismo en la Escuela Oficial de Madrid, carrera que termin\u00f3 en 1954.<\/p>\n<p style=\"text-align: justify;\">Como resumen de su labor cient\u00edfico-docente, fue Catedr\u00e1tico de Filolog\u00eda en la Universidad de Granada (1949), en la Universidad de Navarra (1956) y en la Universidad Complutense (1976); Decano en la Universidad de Navarra entre 1956 y 1967, Vicepresidente de la Asociaci\u00f3n Espa\u00f1ola de Estudios Cl\u00e1sicos y Director del Instituto de Periodismo de la Universidad de Navarra. Destac\u00f3 su labor como fil\u00f3logo e investigador cient\u00edfico, desempe\u00f1ando su c\u00e1tedra de Filolog\u00eda Latina en la Universidad Aut\u00f3noma de Madrid entre 1972 y 1975, y en la Complutense a partir de 1976, realizando m\u00e1s de 70 publicaciones de tipo t\u00e9cnico en su especialidad, como: Humanismo Romano, Artes Human\u00edsticas, C\u00f3dices medievales de S\u00e9neca y as\u00ed como otros trabajos de ling\u00fc\u00edstica, historia del Humanismo y Filolog\u00eda Latina, siendo adem\u00e1s autor de diversos ensayos tales como &#8220;Los cat\u00f3licos en la Universidad Espa\u00f1ola&#8221;, etc. Claramente se trata de un cat\u00f3lico y cient\u00edfico, un hombre con alto nivel cultural que aport\u00f3 novedad al conocimiento.<\/p>\n<p style=\"text-align: justify;\">Adem\u00e1s, como profesional del periodismo fund\u00f3 la revista La Actualidad Espa\u00f1ola, dirigi\u00f3 la revista Nuestro Tiempo, y fue editor de la revista Madrid, que fue clausurada a consecuencia de la aplicaci\u00f3n de la ley de prensa que permit\u00eda la censura por parte del gobierno franquista. Por ello, y con el paso del tiempo, el Instituto de Prensa Internacional IPI (en ingl\u00e9s The International Press Institute), en su 50\u00ba aniversario, lo reconoci\u00f3 como uno de los 50&#8243;H\u00e9roes de la Libertad de Prensa&#8221;, siendo el \u00fanico espa\u00f1ol incorporado a esa n\u00f3mina. Adem\u00e1s Antonio Font\u00e1n form\u00f3 parte de la Comisi\u00f3n de Profesores que dirigi\u00f3 los estudios del entonces pr\u00edncipe Juan Carlos de Borb\u00f3n.<\/p>\n<p style=\"text-align: justify;\">Antonio Font\u00e1n entreg\u00f3 al Rey Juan Carlos la carta de abdicaci\u00f3n de Don Juan de Borb\u00f3n. Por su labor en favor de la libertad y de la convivencia c\u00edvica entre espa\u00f1oles fue nombrado Marqu\u00e9s de Guadalcanal por el Rey Juan Carlos I (BOE -168- 12 de julio de 2008). Al fallecer era Profesor Em\u00e9rito de la Universidad Complutense de Madrid, Miembro de la Sociedad Espa\u00f1ola de Ling\u00fc\u00edstica y de Literatura Comparada y Presidente de La Comisi\u00f3n de Quejas y Deontolog\u00eda de la Federaci\u00f3n de Asociaciones de Periodistas de Espa\u00f1a (FAPE).<\/p>\n<p style=\"text-align: justify;\">Parece claro que cuando el danbraunismo laicista ataca al Opus Dei y a la Iglesia Cat\u00f3lica no sabe muy bien lo que dice, o aplica el olvido hist\u00f3rico a seg\u00fan qu\u00e9 informaci\u00f3n.<\/p>\n","protected":false},"excerpt":{"rendered":"<p>Cat\u00f3licos y Cient\u00edficos: Antonio Font\u00e1n,\u00a0Alfonso V. Carrascosa, cient\u00edfico del CSIC Antonio Font\u00e1n (Sevilla, 15 de octubre de 1923 &#8211; Madrid, 14 de enero de 2010) fue el primer presidente del senado de la Espa\u00f1a democr\u00e1tica, adem\u00e1s de periodista y Catedr\u00e1tico de Universidad, uno de los autores de la Constituci\u00f3n Espa\u00f1ola de 1978, Ministro de Administraci\u00f3n &hellip; <a href=\"https:\/\/www.biblia.work\/sermones\/catolicos-y-cientificos-antonio-fontan-alfonso-v-carrascosa-cientifico-del-csic\/\" class=\"more-link\">Continuar leyendo<span class=\"screen-reader-text\"> \u00abCat\u00f3licos y Cient\u00edficos: Antonio Font\u00e1n, Alfonso V. Carrascosa, cient\u00edfico del CSIC\u00bb<\/span><\/a><\/p>\n","protected":false},"author":1,"featured_media":0,"comment_status":"open","ping_status":"closed","sticky":false,"template":"","format":"standard","meta":{"footnotes":""},"categories":[1],"tags":[],"class_list":["post-34955","post","type-post","status-publish","format-standard","hentry","category-general"],"_links":{"self":[{"href":"https:\/\/www.biblia.work\/sermones\/wp-json\/wp\/v2\/posts\/34955","targetHints":{"allow":["GET"]}}],"collection":[{"href":"https:\/\/www.biblia.work\/sermones\/wp-json\/wp\/v2\/posts"}],"about":[{"href":"https:\/\/www.biblia.work\/sermones\/wp-json\/wp\/v2\/types\/post"}],"author":[{"embeddable":true,"href":"https:\/\/www.biblia.work\/sermones\/wp-json\/wp\/v2\/users\/1"}],"replies":[{"embeddable":true,"href":"https:\/\/www.biblia.work\/sermones\/wp-json\/wp\/v2\/comments?post=34955"}],"version-history":[{"count":0,"href":"https:\/\/www.biblia.work\/sermones\/wp-json\/wp\/v2\/posts\/34955\/revisions"}],"wp:attachment":[{"href":"https:\/\/www.biblia.work\/sermones\/wp-json\/wp\/v2\/media?parent=34955"}],"wp:term":[{"taxonomy":"category","embeddable":true,"href":"https:\/\/www.biblia.work\/sermones\/wp-json\/wp\/v2\/categories?post=34955"},{"taxonomy":"post_tag","embeddable":true,"href":"https:\/\/www.biblia.work\/sermones\/wp-json\/wp\/v2\/tags?post=34955"}],"curies":[{"name":"wp","href":"https:\/\/api.w.org\/{rel}","templated":true}]}}