{"id":34956,"date":"2016-06-20T23:44:43","date_gmt":"2016-06-21T04:44:43","guid":{"rendered":"http:\/\/www.biblia.work\/sermones\/catolicos-y-cientificos-carlos-jimenez-diaz-alfonso-v-carrascosa-cientifico-del-csic\/"},"modified":"2016-06-20T23:44:43","modified_gmt":"2016-06-21T04:44:43","slug":"catolicos-y-cientificos-carlos-jimenez-diaz-alfonso-v-carrascosa-cientifico-del-csic","status":"publish","type":"post","link":"https:\/\/www.biblia.work\/sermones\/catolicos-y-cientificos-carlos-jimenez-diaz-alfonso-v-carrascosa-cientifico-del-csic\/","title":{"rendered":"Cat\u00f3licos y Cient\u00edficos: Carlos Jim\u00e9nez-D\u00edaz, Alfonso V. Carrascosa, cient\u00edfico del CSIC"},"content":{"rendered":"<p style=\"text-align: justify;\" align=\"JUSTIFY\"><strong>Cat\u00f3licos y Cient\u00edficos: Carlos Jim\u00e9nez-D\u00edaz,\u00a0Alfonso V. Carrascosa, cient\u00edfico del CSIC<\/strong><\/p>\n<p style=\"text-align: justify;\" align=\"JUSTIFY\">A seis a\u00f1os del 75 aniversario de la creaci\u00f3n del Instituto de Investigaciones Cl\u00ednicas y M\u00e9dicas, y del 55 aniversario de la puesta en marcha de la Cl\u00ednica de la Concepci\u00f3n, primer centro espa\u00f1ol que reuni\u00f3 docencia, investigaci\u00f3n y atenci\u00f3n al paciente. Ambas instituciones se fundaron por el Dr. Carlos Jim\u00e9nez-D\u00edaz (1898-1967), cat\u00f3lico y cient\u00edfico espa\u00f1ol de relevancia internacional, cuya labor en pro de la medicina es hoy reconocida tanto como el desconocimiento que hay de que era persona de fe. <\/p>\n<p style=\"text-align: justify;\" align=\"JUSTIFY\">Su hermano Mariano reconoci\u00f3 tras su muerte la importancia que para ellos tuvo los consejos que don Nicasio (cura amigo de la familia) le diera a su padre. Vivi\u00f3 desde ni\u00f1o un ambiente religioso en su familia, que le qued\u00f3 grabado y practic\u00f3 hasta su muerte. Revivi\u00f3 con nostalgia la noche de Reyes Magos, y siempre declar\u00f3 que el d\u00eda m\u00e1s feliz de su vida fue el d\u00eda que se cas\u00f3 con su piados\u00edsima mujer. Le toc\u00f3 vivir una \u00e9poca convulsa, pero su actividad es testimonio de que el trauma de la Guerra Civil no pudo con la ciencia gracias sobre todo a cient\u00edficos cat\u00f3licos que como el Dr. Jim\u00e9nez-D\u00edaz vivieron en el denominado exilio interior declar\u00e1ndose apol\u00edticos y trabajando, trabajando, trabajando.<\/p>\n<p style=\"text-align: justify;\" align=\"JUSTIFY\">A la fatalidad de no haber podido tener hijos respond\u00eda \u201cGracias a Dios no son indispensables para mi felicidad\u201d, algo que choca enormemente con el absurdo derecho al hijo actual, que lleva a mucha gente hoy en d\u00eda a cometer barbaridades pensando que el hijo es imprescindible para una vida plena. No fue muy amigo de la vida social de la intelectualidad madrile\u00f1a de la \u00e9poca, que se realizaba en la Residencia de Estudiantes, de cuya puesta en marcha se celebra tambi\u00e9n en 2010 su centenario, ocupado como estaba en investigar, trabajar, etc., y aunque simpatizara con algunos de los intelectuales que la visitaron.<\/p>\n<p style=\"text-align: justify;\" align=\"JUSTIFY\">A su enorme labor cient\u00edfica (m\u00e1s de 400 art\u00edculos, por encima de 140 en revistas de prestigio internacional etc., etc., etc.) se uni\u00f3 su condici\u00f3n de cat\u00f3lico expresada en sus cartas. A su mujer, Conchita, durante grave enfermedad, le dec\u00eda \u201c\u2026Dios te puso a mi lado, y he querido responder am\u00e1ndote como un \u00e1ngel suyo que eres\u2026piensa en lo transitorio que es la vida y pide a Dios que nos re\u00fana pronto\u2026Todo es voluntad de Dios\u201d. Sufri\u00f3 serias dificultades profesionales acabada la guerra por ser tenido como sospechoso de ser comunista cat\u00f3lico, y sufri\u00f3 la depuraci\u00f3n franquista, cost\u00e1ndole lo suyo recuperar la posibilidad de colegiarse, ejercer la profesi\u00f3n, continuar su labor cient\u00edfica\u2026. En su Pliego de Descargo se encuentran testimonios directos de su f\u00e9 \u201c\u2026el hecho de ser cat\u00f3lico\u2026Mi religiosidad no ha sido nunca ocultada, si no clara y manifiesta en mi vida\u2026, en tiempos en que durante la Rep\u00fablica determinadas fiestas fueron suprimidas jam\u00e1s d\u00ed una clase en tales d\u00edas, sino \u2013 y de ello pueden dar testimonio mis disc\u00edpulos- que advert\u00eda el d\u00eda de antes ma\u00f1ana no hay clase porque es tal fiesta. Nadie puede encontrar veros\u00edmil que quien declara y mantiene su catolicismo sea capaz de decirse comunista cat\u00f3lico, a menos que se suponga que ha perdido la raz\u00f3n\u2026\u201d. Hablando de su intervenci\u00f3n en el intento de profanaci\u00f3n de una iglesia en Chamart\u00edn refer\u00eda \u201c\u2026sin embargo pude evitar que se estropeara la iglesia, que se ha conservado bien. Un d\u00eda que quisieron quemarla hube de hacer frente a aquellos individuos\u2026cuando el jefe comunista profiri\u00f3 unas frases contra las monjas yo le sal\u00ed al paso dici\u00e9ndole: Quiero que sepa Vd. si lo ignora, que yo soy cat\u00f3lico y que no tolerar\u00e9 ni una frase que pueda ofender a mis creencias (quien haya conocido el Madrid rojo sabe si esta afirmaci\u00f3n tiene alg\u00fan valor\u2026no toler\u00e9 requisa alguna y pongo el dr. Al\u00e9s por testigo\u201d. Afirmaba esto \u00faltimo seguramente porque gente pr\u00f3xima a su entorno familiar fue brutalmente asesinada en Paracuellos por ser cat\u00f3lica, simple y llanamente.<\/p>\n<p style=\"text-align: justify;\" align=\"JUSTIFY\">Un caso m\u00e1s de sorprendente coincidencia de la fe y la raz\u00f3n, de la ciencia y la religi\u00f3n en una personalidad de un relieve enorme \u2026\u00a1Y que siga habiendo cat\u00f3licos que dudan de que esto es posible!<\/p>\n<p style=\"text-align: justify;\" align=\"JUSTIFY\"><strong>BIBLIOGRAFIA<\/strong><\/p>\n<p style=\"text-align: justify;\" align=\"JUSTIFY\">Jim\u00e9nez Casado, M. (1993). \u201cDr. Jim\u00e9nez D\u00edaz. Vida y obra. La persecuci\u00f3n de un sue\u00f1o\u201d. Ed. Fundaci\u00f3n Conchita R\u00e1bago de Jim\u00e9nez D\u00edaz. Madrid. 621 pp.<\/p>\n","protected":false},"excerpt":{"rendered":"<p>Cat\u00f3licos y Cient\u00edficos: Carlos Jim\u00e9nez-D\u00edaz,\u00a0Alfonso V. Carrascosa, cient\u00edfico del CSIC A seis a\u00f1os del 75 aniversario de la creaci\u00f3n del Instituto de Investigaciones Cl\u00ednicas y M\u00e9dicas, y del 55 aniversario de la puesta en marcha de la Cl\u00ednica de la Concepci\u00f3n, primer centro espa\u00f1ol que reuni\u00f3 docencia, investigaci\u00f3n y atenci\u00f3n al paciente. Ambas instituciones se &hellip; <a href=\"https:\/\/www.biblia.work\/sermones\/catolicos-y-cientificos-carlos-jimenez-diaz-alfonso-v-carrascosa-cientifico-del-csic\/\" class=\"more-link\">Continuar leyendo<span class=\"screen-reader-text\"> \u00abCat\u00f3licos y Cient\u00edficos: Carlos Jim\u00e9nez-D\u00edaz, Alfonso V. Carrascosa, cient\u00edfico del CSIC\u00bb<\/span><\/a><\/p>\n","protected":false},"author":1,"featured_media":0,"comment_status":"open","ping_status":"closed","sticky":false,"template":"","format":"standard","meta":{"footnotes":""},"categories":[1],"tags":[],"class_list":["post-34956","post","type-post","status-publish","format-standard","hentry","category-general"],"_links":{"self":[{"href":"https:\/\/www.biblia.work\/sermones\/wp-json\/wp\/v2\/posts\/34956","targetHints":{"allow":["GET"]}}],"collection":[{"href":"https:\/\/www.biblia.work\/sermones\/wp-json\/wp\/v2\/posts"}],"about":[{"href":"https:\/\/www.biblia.work\/sermones\/wp-json\/wp\/v2\/types\/post"}],"author":[{"embeddable":true,"href":"https:\/\/www.biblia.work\/sermones\/wp-json\/wp\/v2\/users\/1"}],"replies":[{"embeddable":true,"href":"https:\/\/www.biblia.work\/sermones\/wp-json\/wp\/v2\/comments?post=34956"}],"version-history":[{"count":0,"href":"https:\/\/www.biblia.work\/sermones\/wp-json\/wp\/v2\/posts\/34956\/revisions"}],"wp:attachment":[{"href":"https:\/\/www.biblia.work\/sermones\/wp-json\/wp\/v2\/media?parent=34956"}],"wp:term":[{"taxonomy":"category","embeddable":true,"href":"https:\/\/www.biblia.work\/sermones\/wp-json\/wp\/v2\/categories?post=34956"},{"taxonomy":"post_tag","embeddable":true,"href":"https:\/\/www.biblia.work\/sermones\/wp-json\/wp\/v2\/tags?post=34956"}],"curies":[{"name":"wp","href":"https:\/\/api.w.org\/{rel}","templated":true}]}}