{"id":34958,"date":"2016-06-20T23:44:52","date_gmt":"2016-06-21T04:44:52","guid":{"rendered":"http:\/\/www.biblia.work\/sermones\/catolicos-y-cientificos-jaime-ferran-alfonso-v-carrascosa-cientifico-del-csic\/"},"modified":"2016-06-20T23:44:52","modified_gmt":"2016-06-21T04:44:52","slug":"catolicos-y-cientificos-jaime-ferran-alfonso-v-carrascosa-cientifico-del-csic","status":"publish","type":"post","link":"https:\/\/www.biblia.work\/sermones\/catolicos-y-cientificos-jaime-ferran-alfonso-v-carrascosa-cientifico-del-csic\/","title":{"rendered":"Cat\u00f3licos y Cient\u00edficos: Jaime Ferr\u00e1n, Alfonso V. Carrascosa, cient\u00edfico del CSIC"},"content":{"rendered":"<p style=\"text-align: justify;\"><strong>Cat\u00f3licos y Cient\u00edficos: Jaime Ferr\u00e1n<\/strong>, <strong>Alfonso V. Carrascosa, cient\u00edfico del CSIC<\/strong><\/p>\n<p style=\"text-align: justify;\">Jaime Ferran (Tarragona 1851, Barcelona 1929) es probablemente el microbi\u00f3logo espa\u00f1ol m\u00e1s importante del siglo XX. Y decir eso es decir mucho, porque ha sido el desarrollo de la microbiolog\u00eda el que ha permitido que la esperanza de vida se dispare en el mundo occidental, frente a otras zonas donde la lucha por la supervivencia humana sigue libr\u00e1ndose frente a los microbios fundamentalmente.<\/p>\n<p style=\"text-align: justify;\">Una figura de su relevancia no escap\u00f3 a la atenci\u00f3n del CSIC &#8211; cumpli\u00f3 70 a\u00f1os en 2009- que cre\u00f3 un Instituto de Microbiolog\u00eda \u201cJaime Ferr\u00e1n\u201d dedicado a su persona en 1950. Su vida y actividad han sido estudiadas abundantemente, sin embargo la faceta de sus creencias es absolutamente desconocida, como en tantos otros cient\u00edficos de la \u00e9poca.<\/p>\n<p style=\"text-align: justify;\">El Dr. Jaime Ferr\u00e1n y Cl\u00faa, se licenci\u00f3 en Medicina en la Universidad de Barcelona en 1873. Se interes\u00f3 por la microbiolog\u00eda con las investigaciones de Pasteur, tambi\u00e9n cat\u00f3lico y cient\u00edfico. Desarroll\u00f3 la primera vacuna contra el c\u00f3lera, otra antit\u00edfica, otra antituberculosa, otra contra el t\u00e9tanos, y obtuvo tambi\u00e9n \u00e9xitos importantes en la investigaci\u00f3n contra la erisipela del cerdo y del carbunco y en la vacuna antipestosa. Mantuvo una estrecha amistad con el rey D. Alfonso XIII, aunque al morir sus enormes contribuciones a la ciencia m\u00e9dica no hab\u00edan merecido el m\u00e1s m\u00ednimo reconocimiento de las autoridades espa\u00f1olas. No obstante sus extraordinarios avances fueron objeto de dur\u00edsima pol\u00e9mica, que tanto sufri\u00f3, capitaneada entre otras entidades por El Ateneo de Madrid, donde se reun\u00eda la intelectualidad <em>progre<\/em> de su \u00e9poca.<\/p>\n<p style=\"text-align: justify;\">\n<p style=\"text-align: justify;\">En cuanto a su f\u00e9 cat\u00f3lica, fue pronto bautizado, como consta en su partida de bautismo:<\/p>\n<p style=\"text-align: justify;\"><em>\u201cDon Joaqu\u00edn Iba\u00f1ez cura Regte de la Parroq Igla de la Villa de<br \/>\nCorbera del Obispado de Tortosa Prova de Tarragona Certifico:<br \/>\nque en uno de los libros de esta Parroquia a mi cargo, titulado de<br \/>\nBautismos que principia en el a\u00f1o 1840 y concluye en el de 1844,<br \/>\nel fol. 100, entre otras, se alla la partida que a la letra dice, \u201cEn<br \/>\nla Parroquia Iglesia de la Villa de Corbera,Obispado de Tortosa,<br \/>\nd\u00eda primero de Febrero del a\u00f1o mil ochocientos cincuenta y uno:<br \/>\nYo el abajo firmado bautic\u00e9 solemnemente seg\u00fan rit[\u2026] la Santa<br \/>\nIglesia a un ni\u00f1o que naci\u00f3 a las siete de la ma\u00f1ana del mismo<br \/>\ndia y puse por nombre Jaime, hijo de los consortes Juan Ferran y<br \/>\nde Liberata Clua, vecinos de la misma. Abuelos paternos, Juan<br \/>\nFerran natural de Riudoms y Magdalena Llombart, natural de<br \/>\nMora de Ebro: Maternos Jaime Clua y Rosa Homdedeu, natural<br \/>\nde [\u2026]. Padrinos lo fueron Jaime Clua y Magdalena<br \/>\nLlombart, \u00e1 quienes advert\u00ed el parentesco espiritual y dem\u00e1s<br \/>\nobligaciones de padrinos. Juan Clua, Pbro. [\u2026].<br \/>\nCuya partida concuerda fielmente con su original al que me<br \/>\nrefiero y remito. Y [\u2026] libro la presente [\u2026] y sello con el de [\u2026]<br \/>\noficio parroquial en Corbera seis de setiembre de mil ochocientos<br \/>\nsesenta y uno.<\/em><\/p>\n<p style=\"text-align: justify;\"><em>Joaqu\u00edn Ib\u00e1\u00f1ez [\u2026]\u201d<\/em><\/p>\n<p style=\"text-align: justify;\">Lo m\u00e1s interesante de sus creencias se recoge en el libro \u201cTodo por el amor de Dios y el de todos mis hermanos\u201d, escrito por Mar\u00eda del Milagro Descarrega Vallob\u00e1 (2\u00aa Ed. 1996, Ed. Mar\u00eda del Milagro Descarrega Vallob\u00e1 D.L.T. N\u00ba 260-1992, 303 pp). En esta obra se recoge el testimonio oral de su prima Pilar, que estuvo a\u00f1os haciendo de maestra del hijo peque\u00f1o de Jaime Ferr\u00e1n, quien dec\u00eda:<\/p>\n<p style=\"text-align: justify;\"><em>El que no tiene fe en Dios es que no tiene cabeza. Porque nada anda sin que le des cuerda, como un reloj, como un coche. \u00bfPero qui\u00e9n pone en marcha esta gran obra de la creaci\u00f3n? Tantos planetas que giran alrededor del Sol; la Tierra, que es el planeta donde vivimos, con sus movimientos de rotaci\u00f3n y traslaci\u00f3n que es el d\u00eda y la noche, los 365 d\u00edas que tiene el a\u00f1o. Y la luna que gira alrededor de la tierra y tantas cosas, como el agua que nos da vida; como el aire que respiramos, que sin \u00e9l nos morir\u00edamos. S\u00f3lo Dios lo puede poner en marcha. Esto es la pura realidad, pues si nos faltase, chocar\u00eda una cosa con la otra y todo estallar\u00eda. En cambio yo s\u00e9 que todas las noches que he pasado sin dormir por todas las vacunas que he descubierto, que puedo morir tranquilo, pues s\u00e9 que todos mis trabajos no se perder\u00e1n, pues vendr\u00e1n otros haciendo lo mismo que yo&#8221;.<\/em> (p\u00e1g. 6, Pr\u00f3logo).<\/p>\n<p style=\"text-align: justify;\">Ferr\u00e1n era primo hermano del padre de Do\u00f1a Mar\u00eda del Milagro Descarrega, por lo que ella siempre le consider\u00f3 t\u00edo \u2013el t\u00edo Ferr\u00e1n\u2013 cuya madre muri\u00f3 teniendo \u00e9l tres a\u00f1os, y esa se\u00f1ora era hermana de la abuela de la escritora del libro. El padre de Ferr\u00e1n era m\u00e9dico y estuvo en Corbera D&#8217;Ebre hasta que se traslad\u00f3 a Tortosa. En Tortosa, Ferr\u00e1n termin\u00f3 sus estudios. En Mora d\u2019Ebre el \u00faltimo profesor que tuvo fue el Domino, hasta que dijo que \u00e9l no le pod\u00eda ense\u00f1ar m\u00e1s. Por eso su padre se traslad\u00f3 a Tortosa, para que pudiera seguir estudiando. Cuando ven\u00eda a Mora de vacaciones las pasaba con su familia, hasta que naci\u00f3 el padre de la escritora y pidi\u00f3 que se llamase como \u00e9l, Jaime, Jaime Descarrega (y su madre Ana Vallob\u00e1). La autora vuelve sobre el mismo argumento en la p\u00e1g. 249-250:<\/p>\n<p style=\"text-align: justify;\"><em>Me gustar\u00eda recordar nuevamente las palabras de mi t\u00edo el Dr. Jaime Ferr\u00e1n, las s\u00e9 por mi prima Pilar, quien estuvo como institutriz de su hijo peque\u00f1o Santiago. Y como mi padre le entusiasmaba todo lo que estuviera relacionado con su primo; Pilar cuando ven\u00eda y no hac\u00eda otra cosa que hablar de \u00e9l. Una de las cosas que m\u00e1s recuerdo y que figuran en el pr\u00f3logo de mis memorias, es que dec\u00eda que &#8220;El que no cree en Dios, es un ignorante o no tiene cabeza&#8221; y as\u00ed lo comentaba: &#8220;Yo s\u00e9 lo que cuesta crear algo, toda mi vida la he dedicado al estudio y la investigaci\u00f3n y s\u00e9 las noches que he pasado en vela, pero me anima el pensar que todo mi esfuerzo no se perder\u00e1, pues vendr\u00e1 otro detr\u00e1s de m\u00ed y lo pondr\u00e1 en pr\u00e1ctica. \u00bfPero quien puede poner en marcha lo que Dios ha hecho? \u00a1Nadie es capaz de ello! As\u00ed que Dios tiene que existir a la fuerza. Esta gran m\u00e1quina de la creaci\u00f3n \u00bfqui\u00e9n la pone en marcha? Yo con mi humilde razonar pienso: no hay nada que nade s\u00f3lo, sin una mano que le empuje; un reloj no va si alguien no le da cuerda, ni un coche, ni una m\u00e1quina de tren, etc&#8230;&#8221;. Pienso entonces en mi t\u00edo Ferr\u00e1n y en esta gran m\u00e1quina de la creaci\u00f3n, con tantos planetas que giran alrededor del Sol. La Tierra donde habitamos, con sus movimientos de rotaci\u00f3n y traslaci\u00f3n, que son el d\u00eda y la noche y las cuatro estaciones del a\u00f1o. La luna que gira alrededor de la Tierra. \u00bfTodo esto, qui\u00e9n lo pone enmarca? Hasta la cosa m\u00e1s insignificante, si faltara morir\u00edamos. El aire que respiramos nos da vida; como las plantas, el sol, la lluvia. Todo lo necesitamos para poder vivir. Por esto las palabras de mi t\u00edo, quien quiera meditarlas un poco, ver\u00e1 que tiene toda la raz\u00f3n.<\/em><\/p>\n<p style=\"text-align: justify;\">Hechos concretos de la compatibilidad de ciencia y religi\u00f3n o de raz\u00f3n y fe, son vidas como las del Dr. Ferr\u00e1n.<\/p>\n<p style=\"text-align: justify;\">Foto: <strong>El Dr. Ferr\u00e1n vacunando<\/strong><\/p>\n","protected":false},"excerpt":{"rendered":"<p>Cat\u00f3licos y Cient\u00edficos: Jaime Ferr\u00e1n, Alfonso V. Carrascosa, cient\u00edfico del CSIC Jaime Ferran (Tarragona 1851, Barcelona 1929) es probablemente el microbi\u00f3logo espa\u00f1ol m\u00e1s importante del siglo XX. Y decir eso es decir mucho, porque ha sido el desarrollo de la microbiolog\u00eda el que ha permitido que la esperanza de vida se dispare en el mundo &hellip; <a href=\"https:\/\/www.biblia.work\/sermones\/catolicos-y-cientificos-jaime-ferran-alfonso-v-carrascosa-cientifico-del-csic\/\" class=\"more-link\">Continuar leyendo<span class=\"screen-reader-text\"> \u00abCat\u00f3licos y Cient\u00edficos: Jaime Ferr\u00e1n, Alfonso V. Carrascosa, cient\u00edfico del CSIC\u00bb<\/span><\/a><\/p>\n","protected":false},"author":1,"featured_media":0,"comment_status":"open","ping_status":"closed","sticky":false,"template":"","format":"standard","meta":{"footnotes":""},"categories":[1],"tags":[],"class_list":["post-34958","post","type-post","status-publish","format-standard","hentry","category-general"],"_links":{"self":[{"href":"https:\/\/www.biblia.work\/sermones\/wp-json\/wp\/v2\/posts\/34958","targetHints":{"allow":["GET"]}}],"collection":[{"href":"https:\/\/www.biblia.work\/sermones\/wp-json\/wp\/v2\/posts"}],"about":[{"href":"https:\/\/www.biblia.work\/sermones\/wp-json\/wp\/v2\/types\/post"}],"author":[{"embeddable":true,"href":"https:\/\/www.biblia.work\/sermones\/wp-json\/wp\/v2\/users\/1"}],"replies":[{"embeddable":true,"href":"https:\/\/www.biblia.work\/sermones\/wp-json\/wp\/v2\/comments?post=34958"}],"version-history":[{"count":0,"href":"https:\/\/www.biblia.work\/sermones\/wp-json\/wp\/v2\/posts\/34958\/revisions"}],"wp:attachment":[{"href":"https:\/\/www.biblia.work\/sermones\/wp-json\/wp\/v2\/media?parent=34958"}],"wp:term":[{"taxonomy":"category","embeddable":true,"href":"https:\/\/www.biblia.work\/sermones\/wp-json\/wp\/v2\/categories?post=34958"},{"taxonomy":"post_tag","embeddable":true,"href":"https:\/\/www.biblia.work\/sermones\/wp-json\/wp\/v2\/tags?post=34958"}],"curies":[{"name":"wp","href":"https:\/\/api.w.org\/{rel}","templated":true}]}}