{"id":34959,"date":"2016-06-20T23:45:01","date_gmt":"2016-06-21T04:45:01","guid":{"rendered":"http:\/\/www.biblia.work\/sermones\/catolicos-y-cientificos-alfredo-floristan-por-alfonso-v-carrascosa-cientifico-del-csic\/"},"modified":"2016-06-20T23:45:01","modified_gmt":"2016-06-21T04:45:01","slug":"catolicos-y-cientificos-alfredo-floristan-por-alfonso-v-carrascosa-cientifico-del-csic","status":"publish","type":"post","link":"https:\/\/www.biblia.work\/sermones\/catolicos-y-cientificos-alfredo-floristan-por-alfonso-v-carrascosa-cientifico-del-csic\/","title":{"rendered":"Cat\u00f3licos y cient\u00edficos: Alfredo Florist\u00e1n, por Alfonso V. Carrascosa, cient\u00edfico del CSIC"},"content":{"rendered":"<p style=\"text-align: justify;\"><strong>Cat\u00f3licos y cient\u00edficos: Alfredo Florist\u00e1n, por Alfonso V. Carrascosa, cient\u00edfico del CSIC<\/strong><\/p>\n<p style=\"text-align: justify;\">Que la raz\u00f3n no se contradice con la fe sino que se siente ayudada es algo de lo que tenemos experiencia muchas y muchos. Que la religi\u00f3n y el desarrollo cient\u00edfico de los pueblos ha ido unido, es algo que en Occidente s\u00f3lo puede negar un laicista. El Magisterio de la Iglesia Cat\u00f3lica de todos los tiempos no deja lugar a duda de tales afirmaciones.<\/p>\n<p style=\"text-align: justify;\">Pero en la Espa\u00f1a del Siglo XX, <em>con la que nos est\u00e1 cayendo<\/em> precisamente de laicismo, incluso los cat\u00f3licos a veces dudamos de todo ello. Por lo mismo, parece de inter\u00e9s caer en la cuenta de la existencia de muchos personajes relevantes en los que fe y raz\u00f3n, o ciencia y religi\u00f3n se dieron la mano en el seno de la Iglesia Cat\u00f3lica, como es el caso de Alfredo Florist\u00e1n (Arguedas 1921- Madrid 2009).<\/p>\n<p style=\"text-align: justify;\">Nacido en una familia Navarra de agricultores, se licenci\u00f3 en Filososf\u00eda y Letras en la Universidad de Zaragoza, en 1945, defendiendo cuatro a\u00f1os m\u00e1s tarde su tesis doctoral \u201cLa Ribera Tudelana de Navarra\u201d, recibiendo por ella el premio Men\u00e9ndez Pelayo del CSIC. Para muchos se trata de la primera tesis moderna en geograf\u00eda regional. Complet\u00f3 formaci\u00f3n en la Universidad de Burdeos con una beca de la Fundaci\u00f3n Rockefeller y fue profesor ayudante de la Universidad de Zaragoza durante 5 a\u00f1os, tras lo cual fue catedr\u00e1tico en la Universidad de Granada (1955-1958), Zaragoza (1959-1961) y finalmente gan\u00f3 la c\u00e1tedra en la Universidad de Navarra, donde se jubil\u00f3. Peque\u00f1o y Gran Atlas de Navarra, Geograf\u00eda de Navarra (6 tomos), Geograf\u00eda de Espa\u00f1a y del mundo (obras estas que coordin\u00f3), as\u00ed como m\u00e1s de un centenar de art\u00edculos de geograf\u00eda rural. Fue condecorado con la Medalla de Oro de Navarra, y nombrado Hijo Predilecto de Arguedas, Zahor\u00ed de Plata, Bardenero Mayor, etc. Los testimonios de admiraci\u00f3n y cari\u00f1o son numerosos en Internet.<\/p>\n<p style=\"text-align: justify;\">Casado y padre de seis hijos, fue despedido con misa funeral en la Parroquia de San Esteban de Arguedas, en las que familia, amigos, compa\u00f1eros y alumnos le tributaron el \u00faltimo adi\u00f3s. El presb\u00edtero, don Santiago Ca\u00f1ardo, coment\u00f3 en la homil\u00eda: \u201cSe form\u00f3 en una familia cristiana, donde salieron hijos sacerdotes,,,su convicci\u00f3n interna en la fe le llevaba a edificar su existencia sobre roca firme\u2026hizo de su vida un acto de amor a la tierra que le vi\u00f3 nacer\u201d. Su hijo Alfredo dir\u00eda al final de la celebraci\u00f3n \u201c\u2026Espero que nos ayud\u00e9is en la fe, como la tuvo mi padre\u201d.<\/p>\n<p style=\"text-align: justify;\">Un cient\u00edfico catedr\u00e1tico de universidad que adem\u00e1s era cat\u00f3lico practicante, al igual que el ilustre Manuel de Ter\u00e1n, tambi\u00e9n ge\u00f3grafo, o salvando las distancias como el que suscribe, o como tantos otros a los que su fe, recibida como un regalo de Dios, como lo que es en realidad, no les impidi\u00f3 estudiar, investigar y generar conocimiento, ayudados e impulsados en esa y otras tareas cotidianas de su vida por el verdadero conocimiento, la verdadera sabidur\u00eda, la ciencia que viene de Dios y que no puede ser contraria a la de su imagen.<\/p>\n","protected":false},"excerpt":{"rendered":"<p>Cat\u00f3licos y cient\u00edficos: Alfredo Florist\u00e1n, por Alfonso V. Carrascosa, cient\u00edfico del CSIC Que la raz\u00f3n no se contradice con la fe sino que se siente ayudada es algo de lo que tenemos experiencia muchas y muchos. Que la religi\u00f3n y el desarrollo cient\u00edfico de los pueblos ha ido unido, es algo que en Occidente s\u00f3lo &hellip; <a href=\"https:\/\/www.biblia.work\/sermones\/catolicos-y-cientificos-alfredo-floristan-por-alfonso-v-carrascosa-cientifico-del-csic\/\" class=\"more-link\">Continuar leyendo<span class=\"screen-reader-text\"> \u00abCat\u00f3licos y cient\u00edficos: Alfredo Florist\u00e1n, por Alfonso V. Carrascosa, cient\u00edfico del CSIC\u00bb<\/span><\/a><\/p>\n","protected":false},"author":1,"featured_media":0,"comment_status":"open","ping_status":"closed","sticky":false,"template":"","format":"standard","meta":{"footnotes":""},"categories":[1],"tags":[],"class_list":["post-34959","post","type-post","status-publish","format-standard","hentry","category-general"],"_links":{"self":[{"href":"https:\/\/www.biblia.work\/sermones\/wp-json\/wp\/v2\/posts\/34959","targetHints":{"allow":["GET"]}}],"collection":[{"href":"https:\/\/www.biblia.work\/sermones\/wp-json\/wp\/v2\/posts"}],"about":[{"href":"https:\/\/www.biblia.work\/sermones\/wp-json\/wp\/v2\/types\/post"}],"author":[{"embeddable":true,"href":"https:\/\/www.biblia.work\/sermones\/wp-json\/wp\/v2\/users\/1"}],"replies":[{"embeddable":true,"href":"https:\/\/www.biblia.work\/sermones\/wp-json\/wp\/v2\/comments?post=34959"}],"version-history":[{"count":0,"href":"https:\/\/www.biblia.work\/sermones\/wp-json\/wp\/v2\/posts\/34959\/revisions"}],"wp:attachment":[{"href":"https:\/\/www.biblia.work\/sermones\/wp-json\/wp\/v2\/media?parent=34959"}],"wp:term":[{"taxonomy":"category","embeddable":true,"href":"https:\/\/www.biblia.work\/sermones\/wp-json\/wp\/v2\/categories?post=34959"},{"taxonomy":"post_tag","embeddable":true,"href":"https:\/\/www.biblia.work\/sermones\/wp-json\/wp\/v2\/tags?post=34959"}],"curies":[{"name":"wp","href":"https:\/\/api.w.org\/{rel}","templated":true}]}}