{"id":34960,"date":"2016-06-20T23:45:05","date_gmt":"2016-06-21T04:45:05","guid":{"rendered":"http:\/\/www.biblia.work\/sermones\/agua-por-el-jesuita-jose-luis-pinilla\/"},"modified":"2016-06-20T23:45:05","modified_gmt":"2016-06-21T04:45:05","slug":"agua-por-el-jesuita-jose-luis-pinilla","status":"publish","type":"post","link":"https:\/\/www.biblia.work\/sermones\/agua-por-el-jesuita-jose-luis-pinilla\/","title":{"rendered":"Agua, por el jesuita Jos\u00e9 Luis Pinilla"},"content":{"rendered":"<p style=\"text-align: justify;\"><strong>Agua, por el jesuita Jos\u00e9 Luis Pinilla<\/strong><\/p>\n<p style=\"text-align: justify;\">Hoy el agua. Ayer fue el aire. Ma\u00f1ana quiz\u00e1s el sol. Pero hoy\u2026, hoy es el agua. Porque es tan necesaria \u2013 tambi\u00e9n \u2013 como el aire que respiro. Esta semana<strong>\u00a0descubr\u00ed solo una fuente de agua<\/strong> (\u00a1solo una y adem\u00e1s averiada!) <strong>en muchos kil\u00f3metros a la redonda<\/strong>, para miles de subsaharianos \u00a0que malviven atrapados en chabolas de\u00a0 pl\u00e1stico alrededor de los <strong>invernaderos de Almer\u00eda.<\/strong><\/p>\n<p style=\"text-align: justify;\">\n<p style=\"text-align: justify;\">Hay que acudir con intenci\u00f3n de mirar. Lo que le dec\u00eda <strong>Gerardo Diego<\/strong> a su padre la primera vez que lo puso frente al mar:<strong>\u00a0\u201cEns\u00e9\u00f1ame a mirar\u201d.\u00a0<\/strong>Eso mismo les dec\u00eda yo a las Mercedarias\u00a0que me acompa\u00f1aban ( servidoras y testigos prof\u00e9ticos en\u00a0esta cruda verdad)\u00a0cuando paseaba casi llorando por los arrabales de una vergonzosa realidad: la de estos esclavos del siglo XXI que, por una miseria de euros, se ahogan y sudan en su trabajo \u2013llanto de l\u00e1grimas de sal\u2013, levant\u00e1ndose y agach\u00e1ndose una y otra vez \u00a0para recoger pesadas sand\u00edas \u00a0dentro de infernales invernaderos que han convertido a Almer\u00eda en una potencia mundial del cultivo de hortalizas. \u00bfA costa de qu\u00e9?<\/p>\n<p style=\"text-align: justify;\"><strong>Agua<\/strong>.\u00a0Quiz\u00e1s de l\u00e1grimas porque hay m\u00e1s de estas que el agua potable que sale milagrosamente y muy escasa de ese grifo. Hacen un trabajo esclavo permitido desde la ceguera culpable de tantos responsables. Trabajadores que viven en condiciones infrahumanas, sin agua, sin luz. Alg\u00fan \u201cpoblado\u201d que yo visit\u00e9 \u2013San Isidro y La Paula\u2013 \u00a0es uno cualquiera \u00a0de los<strong> 60 asentamientos<\/strong> en los que podr\u00edan vivir <strong>m\u00e1s de 3.000 personas<\/strong> en los t\u00e9rminos municipales de El Ejido, Roquetas, N\u00edjar. Con menores incluidos.<\/p>\n<p style=\"text-align: justify;\">Saludo a <strong>Antonio, de Ghana,<\/strong> uno m\u00e1s, que agotado y empolvado llega a \u201csu casa\u201c en una bicicleta hecha a trozos con unos pocos\u00a0euros, tras\u00a0cerca de 10 horas de trabajo. Su vecino <strong>Baah<\/strong> se acerca con su cubo a la \u00fanica fuente de agua \u2013 casi como un tesoro- para lavarse a cielo abierto. Una persona, un cubo. Es la ley no escrita en un lugar donde el agua, inmensa para unos, escasea tanto para otros. Tanto.<\/p>\n<p style=\"text-align: justify;\">Muchos de ellos llegados en pateras. Donde el agua del mar se mezcl\u00f3 a chorros con su sangre. Como \u201cadivinaba\u201d Federico Garcia Lorca suponiendo sus largos viajes:<em>\u00bfQu\u00e9 llevas, oh negro joven,\/mezclado con tu sangre? Llevo, se\u00f1or, el agua de los mares. Esas l\u00e1grimas salobres\/ \u00bfde d\u00f3nde vienen, madre? Lloro, se\u00f1or, el agua de los mares. Coraz\u00f3n, y esta amargura\/seria, \u00bfde d\u00f3nde nace?\/ \u00a1Amarga mucho el agua de los mares!<\/em><\/p>\n<p style=\"text-align: justify;\">\u00a1<strong>Agua, que me seco<\/strong>!<strong> No resist\u00ed ni cinco minutos dentro de un invernadero<\/strong> de esos. Pero no quise tomar (\u00a1ser\u00eda un robo!) ni siquiera un vaso de aquella fuente casi seca del entorno que alimenta \u00a0y limpia, la sangre y la \u00a0vida de hombres y mujeres ejemplares,\u00a0con su ni\u00f1os,\u00a0en\u00a0su lucha por sobrevivir.<\/p>\n<p style=\"text-align: justify;\"><strong>\u00a1Agua, \u00a0que me ahogo!<\/strong> Esto en Europa. Pero hace poco en Am\u00e9rica en el <strong>desierto de Sonora<\/strong> (al sur de <strong>Arizona<\/strong>), por donde cruzan furtivos los emigrantes, acribillaron un contenedor de agua que estaba ah\u00ed desde el 2004. Destrozaron otras seis de las ochos estaciones de agua para los migrantes que cruzan la frontera a trav\u00e9s del desierto. Vandalismo criminal quiz\u00e1s realizado por los que se oponen a los migrantes que cruzan de forma ilegal.<\/p>\n<p style=\"text-align: justify;\"><strong>\u00a1Agua, que me muero!<\/strong>\u00a0Esta vez de <strong>impotencia<\/strong> al comprobar la mala sangre que tambi\u00e9n anida en el coraz\u00f3n humano.Solamente lavada por gente como <strong>Enrique Morones,<\/strong> que con varias botellas de agua en las manos, reparte en puntos estrat\u00e9gicos, ese tesoro del agua, en ese desierto. Un horno des\u00e9rtico de 45\u00baC. Lo hace \u00a0a lo largo del muro que separa los sue\u00f1os de miles de mexicanos y centroamericanos (ya murieron de sed 10.000). All\u00e1 en Jacumba, un diminuto pueblo en el californiano <strong>Valle Imperial,<\/strong> \u00a0zona dedicada a la agricultura donde los \u201camos\u201d solo buscan mano de obra barata, para que despu\u00e9s de las se marchen a sus tierras.<\/p>\n<p style=\"text-align: justify;\">Como dec\u00eda hace diez a\u00f1os , \u201cnuestro\u201d alcalde <strong>del Egido<\/strong> en \u00e9pocas de bonanza respecto a los emigrantes: <strong>\u201ca las ocho de la ma\u00f1ana todos los inmigrantes son pocos. A las ocho de la noche, sobran todos\u201d.\u00a0<\/strong>All\u00e1 en el Valle imperial \u00a0hay m\u00e1s\u00a0 de 600 migrantes sin identificar y que est\u00e1n enterrados \u00a0en el llamado \u201cCementerio de Los No Olvidados\u201d o \u201cLa Madre de Todas las Fosas\u201d. Un\u00a0 <strong>cementerio<\/strong> como nuestro Mediterr\u00e1neo pero, esta vez, en el desierto. Sobre sus sencillas tumbas unas cruces difunden un mensaje claro: \u201cNo est\u00e1is solos\u201d.<\/p>\n<p style=\"text-align: justify;\"><strong>Agua, al menos, para sobrevivir. A pie, en patera,o\u00a0en tren.<\/strong><\/p>\n<p style=\"text-align: justify;\">Como suced\u00eda este verano pasado cuando miles de refugiados en la frontera entre Grecia y Macedonia afrontaban sin agua ni apenas ox\u00edgeno un terrible viaje en los llamados \u2018trenes caldera\u2019 mientras a su alrededor, vendedores ambulantes locales ofrec\u00edan a los refugiados fruta, agua o t\u00e9 <strong>a precios que triplicaban su coste real.<\/strong><strong>\u00a0<\/strong>O les\u00a0lanzaban botellas tras las alambradas<strong> (<\/strong><em>ver foto de portada)<\/em><\/p>\n<p style=\"text-align: justify;\">O en <strong>Malasia<\/strong> (que ya quedan pocos continentes por citar) donde hace justamente un a\u00f1o las embarcaciones, \u2013ata\u00fades flotantes seg\u00fan la ONU\u2013 con centenares de rohingyas y bangladesh\u00edes, a quienes huyendo de su pa\u00eds les desviaban a la fuerza \u2013como si de una partida de <em>pin pong<\/em> se tratara\u2013 y se les negaba entrar en Tailandia e Indonesia. Y que saciaban su sed con las botellas de agua lanzadas desde helic\u00f3pteros en alta mar.\u00a0Si me permite la triste iron\u00eda: <strong>Esta s\u00ed que era \u201cagua llovida del cielo\u201d<\/strong><\/p>\n<p style=\"text-align: justify;\">\n<p style=\"text-align: justify;\">Y para terminar hablemos del agua en\u00a0<b>\u00c1frica:<\/b>\u00a0A pesar de que muchos de los conflictos que son noticias en \u00c1frica, nos son presentados como problemas \u00e9tnicos entre tribus, en realidad son muchas veces migraciones producidas<strong> por el cambio clim\u00e1tico <\/strong>a causa entre otros\u00a0\u00a0de problemas<strong> por el agua<\/strong>, y que originan<strong>\u00a0grandes migraciones exteriores <\/strong>y \u2013 no lo olvidemos \u2013<strong> \u00a0interiores, <\/strong>con el agravante de<strong>\u00a0<\/strong>\u00a0muchas muertes de refugiados clim\u00e1ticos por el camino.<\/p>\n<p style=\"text-align: justify;\">Estas denominadas <strong>guerras del agua<\/strong> son ya una gran preocupaci\u00f3n \u2013comienzo de un gran problema\u2013 y dicen que a lo largo del \u00a0siglo XXI, veremos c\u00f3mo se va a producir un cambio en los motivos de las guerras, pues hasta ahora se lucha por el dominio del oro negro, petr\u00f3leo y gas y ahora asistiremos a la lucha<strong> por el oro azul, el agua.<\/strong><\/p>\n<p style=\"text-align: justify;\">El agua, bien com\u00fan \u00a0esencial para la vida es finito y escaso en el 65% del territorio africano.\u00a0Por\u00a0la contaminaci\u00f3n h\u00eddrica, y\/o el cambio clim\u00e1tico, y\/o el continuo crecimiento\u00a0del consumo, y\/o el fuerte aumento poblacional africano, y\/o\u00a0el expolio de terrenos\u00a0por parte de las multinacionales etc que hacen que la\u00a0poblaci\u00f3n africana\u00a0cada d\u00eda est\u00e9 m\u00e1s deteriorada\u00a0.Una m\u00e1s de la razones por las que los invernaderos almerienses se llenan de subsaharianos. Van buscando el agua. Como tambi\u00e9n buscan el pan de cada d\u00eda.<\/p>\n<p style=\"text-align: justify;\"><strong>El agua tambi\u00e9n es gratuita y universal.<\/strong><\/p>\n<p style=\"text-align: justify;\">Lo pienso recordando a aquellos emigrantes de San Isidro y La Paula, que quiz\u00e1s est\u00e9n buscando en el agua escasa de un terreno reseco, alguna caricia de la Europa.\u00a0Lo hago mientras, en primavera, respiro, bebo agua \u2013casi avergonzado\u2013 de una fuente umbrosa. Y escribo estas l\u00edneas cerca del<strong> r\u00edo Duero,\u00a0<\/strong> sentado a la sombra de sauces, \u00e1lamos, fresnos, olmos. Y fijo mi mirada\u00a0 en un d\u00e9bil chopo que se cimbrea, tiembla, (como los seres humanos), vulnerable, mientras <strong>pido a Dios que me siga ense\u00f1ando a mirar<\/strong> (\u00a1al chopo pero, sobre todo, al hombre herido!), \u00a0sospechando el agua que le nutre, a \u00e9l y a la vida, y recordando aquello de Pedro Salinas: \u201cel alma del chopo tiembla, dentro del alma del agua.\u201d Como tiembla el alma emigrante dentro del alma \u2013casi inerte\u2013 de Europa.<\/p>\n<p style=\"text-align: justify;\">(Foto Portada\u00a0http:\/\/galiciae.com\/gl\/galeria\/430036 . Foto invernaderos: del autor y de Antena 3TV. \u201cMar de Plastico\u201d\u00a0http:\/\/www.antena3.com\/series\/mar-de-plastico\/ Foto desierto: Edmundo Fayanas Escuer http:\/\/www.nuevatribuna.es\/articulo\/medio-ambiente\/agua-y-emigracion-africa\/20150921104909120365.html).<\/p>\n<p style=\"text-align: justify;\">Publicado en entreParentesis<\/p>\n","protected":false},"excerpt":{"rendered":"<p>Agua, por el jesuita Jos\u00e9 Luis Pinilla Hoy el agua. Ayer fue el aire. Ma\u00f1ana quiz\u00e1s el sol. Pero hoy\u2026, hoy es el agua. Porque es tan necesaria \u2013 tambi\u00e9n \u2013 como el aire que respiro. Esta semana\u00a0descubr\u00ed solo una fuente de agua (\u00a1solo una y adem\u00e1s averiada!) en muchos kil\u00f3metros a la redonda, para &hellip; <a href=\"https:\/\/www.biblia.work\/sermones\/agua-por-el-jesuita-jose-luis-pinilla\/\" class=\"more-link\">Continuar leyendo<span class=\"screen-reader-text\"> \u00abAgua, por el jesuita Jos\u00e9 Luis Pinilla\u00bb<\/span><\/a><\/p>\n","protected":false},"author":1,"featured_media":0,"comment_status":"open","ping_status":"closed","sticky":false,"template":"","format":"standard","meta":{"footnotes":""},"categories":[1],"tags":[],"class_list":["post-34960","post","type-post","status-publish","format-standard","hentry","category-general"],"_links":{"self":[{"href":"https:\/\/www.biblia.work\/sermones\/wp-json\/wp\/v2\/posts\/34960","targetHints":{"allow":["GET"]}}],"collection":[{"href":"https:\/\/www.biblia.work\/sermones\/wp-json\/wp\/v2\/posts"}],"about":[{"href":"https:\/\/www.biblia.work\/sermones\/wp-json\/wp\/v2\/types\/post"}],"author":[{"embeddable":true,"href":"https:\/\/www.biblia.work\/sermones\/wp-json\/wp\/v2\/users\/1"}],"replies":[{"embeddable":true,"href":"https:\/\/www.biblia.work\/sermones\/wp-json\/wp\/v2\/comments?post=34960"}],"version-history":[{"count":0,"href":"https:\/\/www.biblia.work\/sermones\/wp-json\/wp\/v2\/posts\/34960\/revisions"}],"wp:attachment":[{"href":"https:\/\/www.biblia.work\/sermones\/wp-json\/wp\/v2\/media?parent=34960"}],"wp:term":[{"taxonomy":"category","embeddable":true,"href":"https:\/\/www.biblia.work\/sermones\/wp-json\/wp\/v2\/categories?post=34960"},{"taxonomy":"post_tag","embeddable":true,"href":"https:\/\/www.biblia.work\/sermones\/wp-json\/wp\/v2\/tags?post=34960"}],"curies":[{"name":"wp","href":"https:\/\/api.w.org\/{rel}","templated":true}]}}