{"id":34961,"date":"2016-06-20T23:45:09","date_gmt":"2016-06-21T04:45:09","guid":{"rendered":"http:\/\/www.biblia.work\/sermones\/catolicos-y-cientificos-lopez-pinero-por-alfonso-v-carrascosa-cientifico-del-csic\/"},"modified":"2016-06-20T23:45:09","modified_gmt":"2016-06-21T04:45:09","slug":"catolicos-y-cientificos-lopez-pinero-por-alfonso-v-carrascosa-cientifico-del-csic","status":"publish","type":"post","link":"https:\/\/www.biblia.work\/sermones\/catolicos-y-cientificos-lopez-pinero-por-alfonso-v-carrascosa-cientifico-del-csic\/","title":{"rendered":"Cat\u00f3licos y cient\u00edficos: L\u00f3pez-Pi\u00f1ero, por Alfonso V. Carrascosa, cient\u00edfico del CSIC"},"content":{"rendered":"<p style=\"text-align: justify;\"><strong>Cat\u00f3licos y cient\u00edficos: L\u00f3pez-Pi\u00f1ero, por Alfonso V. Carrascosa, cient\u00edfico del CSIC<\/strong><\/p>\n<p align=\"justify\">&nbsp;<\/p>\n<p style=\"text-align: justify;\">Es una curiosidad poco conocida que C\u00e9lso Ar\u00e9valo y Pedro La\u00edn Entralgo fueron pionero e institucionalizador en Espa\u00f1a de la disciplina cient\u00edfica de la Historia de la Ciencia y que ambos, a su condici\u00f3n de cient\u00edfico, a\u00f1ad\u00edan la de cat\u00f3lico practicante sin ning\u00fan problema. Algo parecido ocurre en nuestro personaje, disc\u00edpulo de La\u00edn Entralgo en la misma actividad cient\u00edfica y tambi\u00e9n m\u00e9dico de formaci\u00f3n, <strong>Jose M\u00aa L\u00f3pez Pi\u00f1ero<\/strong> (1933-2010).<\/p>\n<p style=\"text-align: justify;\">\n<p style=\"text-align: justify;\">Nunca se declar\u00f3 agn\u00f3stico o ateo. Es probable que la misma discreci\u00f3n utilizase para manifestarse sobre sus convicciones religiosas. Pero otros indicios menos indirectos nos hacen admitir la hip\u00f3tesis de su catolicismo, vivido con discreci\u00f3n por muchos intelectuales de la \u00e9poca. Tom\u00f3 parte en las denominadas \u201c Conversaciones de Gredos\u201d, lideradas por el sacerdote Alfonso Querejazu, y tratadas en el libro \u201cAlfonso Querejazu. Conversaciones cat\u00f3licas de Gredos\u201d ( Bibloteca de Autores Cristianos, Madrid 1977).<\/p>\n<p style=\"text-align: justify;\">Al hacerse menci\u00f3n a algunos de los nombres de intelectuales cat\u00f3licos que tomaron parte en las mismas, dice el P. Ram\u00f3n Ce\u00f1al S.I. en dicha obra\u201c\u2026 D\u00e1maso Alonso\u2026Leopoldo Calvo Sotelo\u2026Joaqu\u00edn Garrigues\u2026Pedro La\u00edn Entralgo\u2026 Juli\u00e1n Mar\u00edas\u2026 <strong>Jose M\u00aa L\u00f3pez Pi\u00f1ero<\/strong>\u2026Joaqu\u00edn Ruiz Jim\u00e9nez\u2026 Manuel de Ter\u00e1n\u2026\u201d (p. 248). Las Conversaciones de Gredos ten\u00edan lugar todos los a\u00f1os durante la semana despu\u00e9s de Pentecost\u00e9s. Ven\u00edan a ser como un retiro espiritual de intelectuales cat\u00f3licos no alineados con el franquismo pol\u00edtico, conscientes de la necesidad de una apertura que hiciera posible la autocr\u00edtica sincera y constructiva del catolicismo espa\u00f1ol de la \u00e9poca. Muchos de estos intelectuales testimonian que los encuentros con el Padre Querejazu eran aut\u00e9nticos oasis espirituales, practicados desde 1951, en los que ciencia y religi\u00f3n o raz\u00f3n y f\u00e9 se encontraban, del mismo modo a como probablemente se encontraron en Jose M\u00aa L\u00f3pez Pi\u00f1ero \u2013 en Manuel de Ter\u00e1n (y en tantos otros que, bien por la presi\u00f3n anticat\u00f3lica del final de la II\u00aa Rep\u00fablica que llegaba a la agresi\u00f3n f\u00edsica y m\u00e1s tarde al asesinato, bien por lo que manifest\u00e1ndote cat\u00f3lico pod\u00edas conseguir durante el franquismo y no lo consideraban l\u00edcito del todo, vivieron su f\u00e9 de puertas para adentro. El laicismo en la actualidad transmite que todos los intelectuales que no se exiliaron tras la victoria de Franco eran unos fascistas canallas, algo en absoluto cierto, comprobable tanto en \u00e9ste como en muchos otros que hoy se esgrimen por los autodenominados progres como paradigma de los logros exclusivamente debidos a una cultura ajena a la Iglesia Cat\u00f3lica, ajena a la f\u00e9 que profesamos.<\/p>\n<p style=\"text-align: justify;\">Adem\u00e1s, sus bi\u00f3grafos son un\u00e1nimes en admitir que estudi\u00f3 en el Colegio Mayor Juan de Ribera, del que tambi\u00e9n fue colegial el maestro de nuestro personaje, Pedro La\u00edn Entralgo. Actualmente \u201c\u2026El Colegio Mayor San Juan de Ribera es una instituci\u00f3n privada de car\u00e1cter ben\u00e9fico que ofrece alojamiento gratuito a estudiantes varones de Licenciatura o Ingenier\u00eda Superior\u2026\u201d. En dicha web, al presentar la historia del mismo, se dice \u201c\u2026El Colegio Mayor San Juan de Ribera de Burjassot nace de la voluntad de D\u00aa Carolina Alvarez Ruiz quien decidi\u00f3, en el a\u00f1o 1912, destinar sus bienes a una fundaci\u00f3n que ofreciera la posibilidad de estudiar a j\u00f3venes sin recursos econ\u00f3micos y con inquietud y capacidad para el trabajo intelectual. La fundadora se propon\u00eda tambi\u00e9n como objetivo fundamental de esta instituci\u00f3n el que estos j\u00f3venes recibieran una educaci\u00f3n que les impulsara a vivir su trabajo como un servicio a la sociedad <strong>desde los valores de la fe cristiana<\/strong>\u2026 El Colegio ha querido prestar desde su fundaci\u00f3n un servicio a la sociedad: en \u00e9l se han formado profesores universitarios, artistas, m\u00e9dicos, investigadores, juristas, pol\u00edticos etc&#8230; que, en palabras de un antiguo colegial, &#8220;han intentado mostrar c\u00f3mo se puede ser cristiano y persona eficaz en el seno de la contradictoria situaci\u00f3n del mundo en que nos ha tocado vivir&#8221;[ Pedro La\u00edn Entralgo, Ayer y ma\u00f1ana. Texto de la conferencia conmemorativa del LXXV aniversario de la fundaci\u00f3n del Colegio]. El Colegio Mayor San Juan de Ribera fue en sus or\u00edgenes coet\u00e1neo de la Residencia de Estudiantes de Madrid, y promovi\u00f3 la cultura a muy alto nivel, como aquella, aunque se le dedique menos atenci\u00f3n probablemente por ser una instituci\u00f3n cat\u00f3lica. En conclusi\u00f3n: una lumbrera de la historia de la ciencia como Pi\u00f1ero recibi\u00f3 religi\u00f3n en la escuela.<\/p>\n<p style=\"text-align: justify;\">Jose M\u00aa L\u00f3pez Pi\u00f1ero es recordado por su enorme actividad, por una grand\u00edsima cantidad de disc\u00edpulos (Revista \u201cMedicina e Historia\u201d, n\u00ba 3, 2010), y porque termin\u00f3 fundando un instituto de investigaci\u00f3n en el CSIC , instituci\u00f3n fundada por cat\u00f3licos cient\u00edficos (www.csic.es) en donde trabaja hoy parte de la escuela que \u00e9l form\u00f3. Tuvo adem\u00e1s relaci\u00f3n con la Hermandad del Cristo de los Afligidos y del Ni\u00f1o de Albalate.<\/p>\n","protected":false},"excerpt":{"rendered":"<p>Cat\u00f3licos y cient\u00edficos: L\u00f3pez-Pi\u00f1ero, por Alfonso V. Carrascosa, cient\u00edfico del CSIC &nbsp; Es una curiosidad poco conocida que C\u00e9lso Ar\u00e9valo y Pedro La\u00edn Entralgo fueron pionero e institucionalizador en Espa\u00f1a de la disciplina cient\u00edfica de la Historia de la Ciencia y que ambos, a su condici\u00f3n de cient\u00edfico, a\u00f1ad\u00edan la de cat\u00f3lico practicante sin ning\u00fan &hellip; <a href=\"https:\/\/www.biblia.work\/sermones\/catolicos-y-cientificos-lopez-pinero-por-alfonso-v-carrascosa-cientifico-del-csic\/\" class=\"more-link\">Continuar leyendo<span class=\"screen-reader-text\"> \u00abCat\u00f3licos y cient\u00edficos: L\u00f3pez-Pi\u00f1ero, por Alfonso V. Carrascosa, cient\u00edfico del CSIC\u00bb<\/span><\/a><\/p>\n","protected":false},"author":1,"featured_media":0,"comment_status":"open","ping_status":"closed","sticky":false,"template":"","format":"standard","meta":{"footnotes":""},"categories":[1],"tags":[],"class_list":["post-34961","post","type-post","status-publish","format-standard","hentry","category-general"],"_links":{"self":[{"href":"https:\/\/www.biblia.work\/sermones\/wp-json\/wp\/v2\/posts\/34961","targetHints":{"allow":["GET"]}}],"collection":[{"href":"https:\/\/www.biblia.work\/sermones\/wp-json\/wp\/v2\/posts"}],"about":[{"href":"https:\/\/www.biblia.work\/sermones\/wp-json\/wp\/v2\/types\/post"}],"author":[{"embeddable":true,"href":"https:\/\/www.biblia.work\/sermones\/wp-json\/wp\/v2\/users\/1"}],"replies":[{"embeddable":true,"href":"https:\/\/www.biblia.work\/sermones\/wp-json\/wp\/v2\/comments?post=34961"}],"version-history":[{"count":0,"href":"https:\/\/www.biblia.work\/sermones\/wp-json\/wp\/v2\/posts\/34961\/revisions"}],"wp:attachment":[{"href":"https:\/\/www.biblia.work\/sermones\/wp-json\/wp\/v2\/media?parent=34961"}],"wp:term":[{"taxonomy":"category","embeddable":true,"href":"https:\/\/www.biblia.work\/sermones\/wp-json\/wp\/v2\/categories?post=34961"},{"taxonomy":"post_tag","embeddable":true,"href":"https:\/\/www.biblia.work\/sermones\/wp-json\/wp\/v2\/tags?post=34961"}],"curies":[{"name":"wp","href":"https:\/\/api.w.org\/{rel}","templated":true}]}}