{"id":34962,"date":"2016-06-20T23:45:13","date_gmt":"2016-06-21T04:45:13","guid":{"rendered":"http:\/\/www.biblia.work\/sermones\/catolicos-y-cientificos-antonio-lopez-ontiveros-por-alfonso-v-carrascosa-cientifico-del-csic\/"},"modified":"2016-06-20T23:45:13","modified_gmt":"2016-06-21T04:45:13","slug":"catolicos-y-cientificos-antonio-lopez-ontiveros-por-alfonso-v-carrascosa-cientifico-del-csic","status":"publish","type":"post","link":"https:\/\/www.biblia.work\/sermones\/catolicos-y-cientificos-antonio-lopez-ontiveros-por-alfonso-v-carrascosa-cientifico-del-csic\/","title":{"rendered":"Cat\u00f3licos y cient\u00edficos: Antonio L\u00f3pez Ontiveros, por Alfonso V. Carrascosa, cient\u00edfico del CSIC"},"content":{"rendered":"<p style=\"text-align: justify;\"><strong>Cat\u00f3licos y cient\u00edficos: Antonio L\u00f3pez Ontiveros, por Alfonso V. Carrascosa, cient\u00edfico del CSIC<\/strong><\/p>\n<p style=\"text-align: justify;\">Una vez m\u00e1s, la mayor parte de quienes glosan tras su lamentable fallecimiento la figura de un cient\u00edfico y catedr\u00e1tico de universidad, en este caso Antonio L\u00f3pez Ontiveros (1938-2011), no hacen menci\u00f3n alguna al hecho de que estamos ante un profundo creyente, cat\u00f3lico convencido, algo que no viene mal presentar dado el momento que vivimos, en el que es un dogma social promovido por la ideolog\u00eda laicista que raz\u00f3n y f\u00e9, o ciencia y religi\u00f3n, son realidades antag\u00f3nicas e irreconciliables. Recibi\u00f3 el premio Saavedra Fajardo del Consejo Superior de Investigaciones Cient\u00edficas (CSIC) por su tesis doctoral.<\/p>\n<p style=\"text-align: justify;\">Forma parte de un conjunto de cient\u00edficos cat\u00f3licos dedicados a la investigaci\u00f3n en geograf\u00eda entre los que cabe destacar a Manuel de Ter\u00e1n, Casas Torres, Florist\u00e1n o Sabaris (de los cuales se ha dado cuenta en Ecclesia Digital, todos los cuales tuvieron relaci\u00f3n con el CSIC. Se licenci\u00f3 en Derecho en la Universidad de Granada en 1960, y en Geograf\u00eda e Historia en la Universidad de Murcia, en 1970, doctor\u00e1ndose aqu\u00ed en Geograf\u00eda e Historia en el a\u00f1o 1973 con su estudio &#8220;Emigraci\u00f3n, propiedad y espacio agrario en la Campi\u00f1a de C\u00f3rdoba&#8221;, que a\u00fan hoy es un estudio de referencia. A\u00f1os m\u00e1s tarde publicar\u00eda su monumental &#8220;Geograf\u00eda de Andaluc\u00eda&#8221; (1978).<\/p>\n<p style=\"text-align: justify;\">Pionero en la investigaci\u00f3n cient\u00edfica en Geograf\u00eda Humana en Andaluc\u00eda, dirigi\u00f3 decenas de tesis doctorales y escribi\u00f3 cientos de art\u00edculos especializados. Decano de la Facultad de Filosof\u00eda y Letras en los a\u00f1os 80, se le considera fundador del la moderna Escuela de C\u00f3rdoba de Geograf\u00eda Humana. Fue profesor de la Universidad de Murcia (1969 &#8211; 1974), Adjunto Numerario de Geograf\u00eda por oposici\u00f3n de la Universidad Aut\u00f3noma de Madrid (1974 a 1975); Profesor Agregado Numerario de Geograf\u00eda por oposici\u00f3n de la Universidad Aut\u00f3noma de Madrid (1975 a 1979), Profesor Agregado Numerario de Geograf\u00eda de la Universidad de C\u00f3rdoba (1979 a 1981) y finalmente Catedr\u00e1tico Numerario de Geograf\u00eda Humana en la Universidad de C\u00f3rdoba, desde 1981 hasta su jubilaci\u00f3n en 2008. Fue nombrado Acad\u00e9mico correspondiente de la Real Academia de C\u00f3rdoba el 6 de junio de 2002 e Hijo Predilecto de Luque y de la Subb\u00e9tica el 21 de octubre de 2006 (http:\/\/www.uco.es\/grupos\/est-geo\/lopez\/).<\/p>\n<p style=\"text-align: justify;\">La indicaci\u00f3n expl\u00edcita de su catolicismo la encontramos profusamente recogida en un preg\u00f3n de Semana Santa,, en su ciudad natal, Luque (C\u00f3rdoba), en el que \u00e9l mismo expresa que \u201c\u2026esta larga meditaci\u00f3n de estudio y reflexi\u00f3n me ha permitido aclarar dudas que tenia sobre la Semana Santa; porque me ha impulsado tambi\u00e9n a considerar, con agradecimiento, el grandioso amor que Dios ha tenido con nosotros; porque ha estimulado mi solidaridad con todos vosotros ya que con vosotros fui bautizado, con vosotros compart\u00ed la primera Comuni\u00f3n con vosotros viv\u00ed la Semana Santa, guiado por mi padre, tan entusiasta y devoto de Jes\u00fas Nazareno, y por mi madre, buena y compasiva, que me ense\u00f1\u00f3 a concretarlo todo en el amor al pobre y desvalido, y en el amor a Jes\u00fas, al que, de rodillas, adoraba toda la noche del Jueves Santo en el Monumento\u2026 Siempre me ha resultado entra\u00f1able y enternecedora la imagen del Se\u00f1or de la Humildad, tan humilde que cari\u00f1osamente tambi\u00e9n lo denominamos \u00abEl Se\u00f1or sentado en la Piedra\u00bb\u2026 Pero abr\u00e1monos a la esperanza. Sin duda Jes\u00fas con este grito ( se refiere a \u201cDios m\u00edo, porqu\u00e9 me has abandonado) no se encierra en s\u00ed mismo, se abre a Dios, y Dios, a\u00fan en la oscuridad, le abrir\u00e1 camino. Seg\u00fan los ex\u00e9getas prueban, Jes\u00fas recit\u00f3 en la cruz todo el salmo 22 del que la expresi\u00f3n aludida es el inicio, pero que termina con la esperanza en Dios\u2026En el catolicismo no es concebible la Pasi\u00f3n sin la Virgen\u2026 Pero este Jes\u00fas del Sepulcro resucit\u00f3 al tercer d\u00eda de entre los muertos y nos libr\u00f3 a nosotros tambi\u00e9n de la muerte y el pecado\u2026\u201d.<\/p>\n<p align=\"justify\">&nbsp;<\/p>\n","protected":false},"excerpt":{"rendered":"<p>Cat\u00f3licos y cient\u00edficos: Antonio L\u00f3pez Ontiveros, por Alfonso V. Carrascosa, cient\u00edfico del CSIC Una vez m\u00e1s, la mayor parte de quienes glosan tras su lamentable fallecimiento la figura de un cient\u00edfico y catedr\u00e1tico de universidad, en este caso Antonio L\u00f3pez Ontiveros (1938-2011), no hacen menci\u00f3n alguna al hecho de que estamos ante un profundo creyente, &hellip; <a href=\"https:\/\/www.biblia.work\/sermones\/catolicos-y-cientificos-antonio-lopez-ontiveros-por-alfonso-v-carrascosa-cientifico-del-csic\/\" class=\"more-link\">Continuar leyendo<span class=\"screen-reader-text\"> \u00abCat\u00f3licos y cient\u00edficos: Antonio L\u00f3pez Ontiveros, por Alfonso V. Carrascosa, cient\u00edfico del CSIC\u00bb<\/span><\/a><\/p>\n","protected":false},"author":1,"featured_media":0,"comment_status":"open","ping_status":"closed","sticky":false,"template":"","format":"standard","meta":{"footnotes":""},"categories":[1],"tags":[],"class_list":["post-34962","post","type-post","status-publish","format-standard","hentry","category-general"],"_links":{"self":[{"href":"https:\/\/www.biblia.work\/sermones\/wp-json\/wp\/v2\/posts\/34962","targetHints":{"allow":["GET"]}}],"collection":[{"href":"https:\/\/www.biblia.work\/sermones\/wp-json\/wp\/v2\/posts"}],"about":[{"href":"https:\/\/www.biblia.work\/sermones\/wp-json\/wp\/v2\/types\/post"}],"author":[{"embeddable":true,"href":"https:\/\/www.biblia.work\/sermones\/wp-json\/wp\/v2\/users\/1"}],"replies":[{"embeddable":true,"href":"https:\/\/www.biblia.work\/sermones\/wp-json\/wp\/v2\/comments?post=34962"}],"version-history":[{"count":0,"href":"https:\/\/www.biblia.work\/sermones\/wp-json\/wp\/v2\/posts\/34962\/revisions"}],"wp:attachment":[{"href":"https:\/\/www.biblia.work\/sermones\/wp-json\/wp\/v2\/media?parent=34962"}],"wp:term":[{"taxonomy":"category","embeddable":true,"href":"https:\/\/www.biblia.work\/sermones\/wp-json\/wp\/v2\/categories?post=34962"},{"taxonomy":"post_tag","embeddable":true,"href":"https:\/\/www.biblia.work\/sermones\/wp-json\/wp\/v2\/tags?post=34962"}],"curies":[{"name":"wp","href":"https:\/\/api.w.org\/{rel}","templated":true}]}}