{"id":34967,"date":"2016-06-20T23:45:48","date_gmt":"2016-06-21T04:45:48","guid":{"rendered":"http:\/\/www.biblia.work\/sermones\/san-isidro-madrid-es-catolico-por-fidel-garcia-martinez\/"},"modified":"2016-06-20T23:45:48","modified_gmt":"2016-06-21T04:45:48","slug":"san-isidro-madrid-es-catolico-por-fidel-garcia-martinez","status":"publish","type":"post","link":"https:\/\/www.biblia.work\/sermones\/san-isidro-madrid-es-catolico-por-fidel-garcia-martinez\/","title":{"rendered":"San Isidro: Madrid es cat\u00f3lico, por Fidel Garc\u00eda Mart\u00ednez"},"content":{"rendered":"<p style=\"text-align: justify;\"><strong>San Isidro: Madrid es cat\u00f3lico, por Fidel Garc\u00eda Mart\u00ednez<\/strong><\/p>\n<p style=\"text-align: justify;\" align=\"JUSTIFY\">Resulta que la alcaldesa de Madrid, la \u00ednclita Sra. Carmena, se ha dado cuenta ahora, gracias a San Isidro, que Madrid es una ciudad mayoritariamente cat\u00f3lica, lo cual no le impide decir toda clase de vulgaridades sobre la vida del gran Santo Patrono de los labradores.<\/p>\n<p style=\"text-align: justify;\" align=\"JUSTIFY\"> Si el a\u00f1o pasado lo censur\u00f3 de vago, porque le ayudaban a los \u00e1ngeles en sus duros trabajos de labranza, que santificaba con la oraci\u00f3n, este a\u00f1o la locuaz alcaldesa que se dice y se desdice, ha querido arrimar la figura del Santo a su peculiar visi\u00f3n proletaria y populista, dici\u00e9ndole que San Isidro le gusta porque es campechano, y tienes las manos gruesas y duras de tanto trabajar en el campo. Adem\u00e1s ha afirmado que ha ido a la Santa Misa en honor del Santo Patr\u00f3n de Madrid no porque ella es cat\u00f3lica, sino porque Madrid mayoritariamente lo es.<\/p>\n<p style=\"text-align: justify;\" align=\"JUSTIFY\">Por lo visto Madrid no es cat\u00f3lica para retirar las placas de las calles con los nombres de los martirizados, que es mucho m\u00e1s que asesinados, durante la terrible persecuci\u00f3n religiosa que asol\u00f3 a Madrid y a toda Espa\u00f1a por fuerzas anticat\u00f3licas marxistas comunistas. Madrid tampoco debe ser muy cat\u00f3lico cuando el laicismo negativo, se mofa y befa de lo m\u00e1s sagrado, profanando lugares santos y profiriendo toda clase de blasfemias y obscenidades, sin que le pase nada a la procaz altanera, o se profana la cabalgata que recuerda la Epifan\u00eda del Se\u00f1or. Los madrile\u00f1os no piden a los pol\u00edticos laicistas negativos privilegios ni su protecci\u00f3n- de eso se encarga San Isidro- sino simplemente que no los ofendan, ni molesten. No hace falta que simulen nada en tiempo de elecciones para ganarse el voto cat\u00f3lico, sino que respeten a los cat\u00f3licos, no les priven de sus derechos fundamentales como es la libertad de educaci\u00f3n respetando la Constituci\u00f3n Espa\u00f1ola que garantiza la ense\u00f1anza concertada y diferenciada como plenamente dignas de ser respetadas y estimulados. Adem\u00e1s si Madrid es cat\u00f3lico como afirma la Sra.<\/p>\n<p style=\"text-align: justify;\" align=\"JUSTIFY\">Alcaldesa \u00bfc\u00f3mo es posible que todas las dem\u00e1s confesiones deben tener el mismo trato que la Iglesia Cat\u00f3lica? O sea que eso de las mayor\u00edas es un cuento que se manipula seg\u00fan d\u00e9 m\u00e1s votos. Es evidente que todas las confesiones religiosas merecen respeto y considerci\u00f3n pero lo que no se puede entender es el porqu\u00e9 algunas veces los pol\u00edticos laicistas priman a los minoritarios, para descalificar a los mayoritarios. La Sra. Alcaldesa y su equipo de gobierno deben mirar m\u00e1s por los madrile\u00f1os en general porque as\u00ed no miran tanto por sus votantes y simpatizantes en particular.<\/p>\n<p style=\"text-align: justify;\" align=\"JUSTIFY\">Fidel Garc\u00eda Mart\u00ednez<\/p>\n","protected":false},"excerpt":{"rendered":"<p>San Isidro: Madrid es cat\u00f3lico, por Fidel Garc\u00eda Mart\u00ednez Resulta que la alcaldesa de Madrid, la \u00ednclita Sra. Carmena, se ha dado cuenta ahora, gracias a San Isidro, que Madrid es una ciudad mayoritariamente cat\u00f3lica, lo cual no le impide decir toda clase de vulgaridades sobre la vida del gran Santo Patrono de los labradores. &hellip; <a href=\"https:\/\/www.biblia.work\/sermones\/san-isidro-madrid-es-catolico-por-fidel-garcia-martinez\/\" class=\"more-link\">Continuar leyendo<span class=\"screen-reader-text\"> \u00abSan Isidro: Madrid es cat\u00f3lico, por Fidel Garc\u00eda Mart\u00ednez\u00bb<\/span><\/a><\/p>\n","protected":false},"author":1,"featured_media":0,"comment_status":"open","ping_status":"closed","sticky":false,"template":"","format":"standard","meta":{"footnotes":""},"categories":[1],"tags":[],"class_list":["post-34967","post","type-post","status-publish","format-standard","hentry","category-general"],"_links":{"self":[{"href":"https:\/\/www.biblia.work\/sermones\/wp-json\/wp\/v2\/posts\/34967","targetHints":{"allow":["GET"]}}],"collection":[{"href":"https:\/\/www.biblia.work\/sermones\/wp-json\/wp\/v2\/posts"}],"about":[{"href":"https:\/\/www.biblia.work\/sermones\/wp-json\/wp\/v2\/types\/post"}],"author":[{"embeddable":true,"href":"https:\/\/www.biblia.work\/sermones\/wp-json\/wp\/v2\/users\/1"}],"replies":[{"embeddable":true,"href":"https:\/\/www.biblia.work\/sermones\/wp-json\/wp\/v2\/comments?post=34967"}],"version-history":[{"count":0,"href":"https:\/\/www.biblia.work\/sermones\/wp-json\/wp\/v2\/posts\/34967\/revisions"}],"wp:attachment":[{"href":"https:\/\/www.biblia.work\/sermones\/wp-json\/wp\/v2\/media?parent=34967"}],"wp:term":[{"taxonomy":"category","embeddable":true,"href":"https:\/\/www.biblia.work\/sermones\/wp-json\/wp\/v2\/categories?post=34967"},{"taxonomy":"post_tag","embeddable":true,"href":"https:\/\/www.biblia.work\/sermones\/wp-json\/wp\/v2\/tags?post=34967"}],"curies":[{"name":"wp","href":"https:\/\/api.w.org\/{rel}","templated":true}]}}