{"id":34968,"date":"2016-06-20T23:45:53","date_gmt":"2016-06-21T04:45:53","guid":{"rendered":"http:\/\/www.biblia.work\/sermones\/piedad-con-los-animales-por-jose-roman-flecha-andres-en-diario-de-leon-21-5-2016\/"},"modified":"2016-06-20T23:45:53","modified_gmt":"2016-06-21T04:45:53","slug":"piedad-con-los-animales-por-jose-roman-flecha-andres-en-diario-de-leon-21-5-2016","status":"publish","type":"post","link":"https:\/\/www.biblia.work\/sermones\/piedad-con-los-animales-por-jose-roman-flecha-andres-en-diario-de-leon-21-5-2016\/","title":{"rendered":"Piedad con los animales, por Jos\u00e9-Rom\u00e1n Flecha Andr\u00e9s, en Diario de Le\u00f3n (21-5-2016)"},"content":{"rendered":"<p align=\"justify\"><strong>Piedad con los animales, por Jos\u00e9-Rom\u00e1n Flecha Andr\u00e9s, en Diario de Le\u00f3n (21-5-2016)<\/strong><\/p>\n<p align=\"justify\">El P<strong>apa Francisco ofrece casi todos los d\u00edas un nuevo titular a los noticiarios.<\/strong> En su audiencia p\u00fablica del s\u00e1bado 14 de mayo estaba hablando sobre la virtud de la piedad. Esa misericordia con la que fijamos nuestra atenci\u00f3n en las necesidades concretas de la persona. En su discurso incluy\u00f3 un p\u00e1rrafo que en pocos minutos ser\u00eda citado en todo el mundo:<\/p>\n<p align=\"justify\">\u201cLa piedad no se debe confundir con la compasi\u00f3n que sentimos por los animales que viven con nosotros; sucede, de hecho, que a veces se siente esto hacia los animales, y se permanece indiferente hacia el sufrimiento de los hermanos. Cu\u00e1ntas veces vemos gente muy unida a los gatos, a los perros, y despu\u00e9s no ayudan con el hambre del vecino, la vecina, \u00bfeh? No, no. \u00bfDe acuerdo?\u201d<\/p>\n<p align=\"justify\">Inmediatamente han surgido voces que critican al Papa por su falta de compasi\u00f3n hacia los animales. Esas cr\u00edticas son injustas. Por una parte, esa idea se encontraba ya en la enc\u00edclica \u201cLaudato si\u2019\u201d, sobre el respeto a la casa com\u00fan. All\u00ed dice el Papa Francisco:<\/p>\n<p align=\"justify\">\u201cNo puede ser real un sentimiento de \u00edntima uni\u00f3n con los dem\u00e1s seres de la naturaleza si al mismo tiempo en el coraz\u00f3n no hay ternura, compasi\u00f3n y preocupaci\u00f3n por los seres humanos. Es evidente la incoherencia de quien lucha contra el tr\u00e1fico de animales en riesgo de extinci\u00f3n, pero permanece completamente indiferente ante la trata de personas, se desentiende de los pobres o se empe\u00f1a en destruir a otro ser humano que le desagrada. Esto pone en riesgo el sentido de la lucha por el ambiente\u201d (LS 91).<\/p>\n<p align=\"justify\">Para ilustrar esta idea, el Papa recuerda a San Francisco de As\u00eds, que alaba a Dios por las criaturas y tambi\u00e9n por aquellos que perdonan por su amor. En realidad \u201ctodo est\u00e1 conectado. Por eso se requiere una preocupaci\u00f3n por el ambiente unida al amor sincero hacia los seres humanos y a un constante compromiso ante los problemas de la sociedad\u201d (LS 91).<\/p>\n<p align=\"justify\">Pero esa conexi\u00f3n ha de verse tambi\u00e9n desde el otro lado. Por eso, a\u00f1ad\u00eda el Papa en la misma enc\u00edclica: \u201cTambi\u00e9n es verdad que la indiferencia o la crueldad ante las dem\u00e1s criaturas de este mundo siempre terminan traslad\u00e1ndose de alg\u00fan modo al trato que damos a otros seres humanos. El coraz\u00f3n es uno solo, y la misma miseria que lleva a maltratar a un animal no tarda en manifestarse en la relaci\u00f3n con las dem\u00e1s personas. Todo ensa\u00f1amiento con cualquier criatura es contrario a la dignidad humana\u201d (LS 92).<\/p>\n<p align=\"justify\">Es bueno reflexionar sobre ese tr\u00edpode que vincula al ser humano con los animales, con las dem\u00e1s personas y con el Dios del amor y de la vida. La ignorancia de una de esas relaciones tiene inmediatas consecuencias sobre las dem\u00e1s. El relato b\u00edblico del para\u00edso nos ilustra sobre esa responsabilidad.\u00a0 La ruptura con uno de esos polos significa y comporta un lamentable desgarr\u00f3n en la armon\u00eda a la que todos somos invitados.<\/p>\n<p align=\"justify\">&nbsp;<\/p>\n<p align=\"justify\">Jos\u00e9-Rom\u00e1n Flecha Andr\u00e9s<\/p>\n<p align=\"justify\">&nbsp;<\/p>\n","protected":false},"excerpt":{"rendered":"<p>Piedad con los animales, por Jos\u00e9-Rom\u00e1n Flecha Andr\u00e9s, en Diario de Le\u00f3n (21-5-2016) El Papa Francisco ofrece casi todos los d\u00edas un nuevo titular a los noticiarios. En su audiencia p\u00fablica del s\u00e1bado 14 de mayo estaba hablando sobre la virtud de la piedad. Esa misericordia con la que fijamos nuestra atenci\u00f3n en las necesidades &hellip; <a href=\"https:\/\/www.biblia.work\/sermones\/piedad-con-los-animales-por-jose-roman-flecha-andres-en-diario-de-leon-21-5-2016\/\" class=\"more-link\">Continuar leyendo<span class=\"screen-reader-text\"> \u00abPiedad con los animales, por Jos\u00e9-Rom\u00e1n Flecha Andr\u00e9s, en Diario de Le\u00f3n (21-5-2016)\u00bb<\/span><\/a><\/p>\n","protected":false},"author":1,"featured_media":0,"comment_status":"open","ping_status":"closed","sticky":false,"template":"","format":"standard","meta":{"footnotes":""},"categories":[1],"tags":[],"class_list":["post-34968","post","type-post","status-publish","format-standard","hentry","category-general"],"_links":{"self":[{"href":"https:\/\/www.biblia.work\/sermones\/wp-json\/wp\/v2\/posts\/34968","targetHints":{"allow":["GET"]}}],"collection":[{"href":"https:\/\/www.biblia.work\/sermones\/wp-json\/wp\/v2\/posts"}],"about":[{"href":"https:\/\/www.biblia.work\/sermones\/wp-json\/wp\/v2\/types\/post"}],"author":[{"embeddable":true,"href":"https:\/\/www.biblia.work\/sermones\/wp-json\/wp\/v2\/users\/1"}],"replies":[{"embeddable":true,"href":"https:\/\/www.biblia.work\/sermones\/wp-json\/wp\/v2\/comments?post=34968"}],"version-history":[{"count":0,"href":"https:\/\/www.biblia.work\/sermones\/wp-json\/wp\/v2\/posts\/34968\/revisions"}],"wp:attachment":[{"href":"https:\/\/www.biblia.work\/sermones\/wp-json\/wp\/v2\/media?parent=34968"}],"wp:term":[{"taxonomy":"category","embeddable":true,"href":"https:\/\/www.biblia.work\/sermones\/wp-json\/wp\/v2\/categories?post=34968"},{"taxonomy":"post_tag","embeddable":true,"href":"https:\/\/www.biblia.work\/sermones\/wp-json\/wp\/v2\/tags?post=34968"}],"curies":[{"name":"wp","href":"https:\/\/api.w.org\/{rel}","templated":true}]}}