{"id":34970,"date":"2016-06-20T23:46:08","date_gmt":"2016-06-21T04:46:08","guid":{"rendered":"http:\/\/www.biblia.work\/sermones\/sacerdotes-y-obispos-extremenos-en-guadalupe\/"},"modified":"2016-06-20T23:46:08","modified_gmt":"2016-06-21T04:46:08","slug":"sacerdotes-y-obispos-extremenos-en-guadalupe","status":"publish","type":"post","link":"https:\/\/www.biblia.work\/sermones\/sacerdotes-y-obispos-extremenos-en-guadalupe\/","title":{"rendered":"Sacerdotes y obispos extreme\u00f1os en Guadalupe"},"content":{"rendered":"<p align=\"justify\"><strong>Sacerdotes y obispos extreme\u00f1os en Guadalupe<\/strong><\/p>\n<p align=\"justify\">El presbiterio extreme\u00f1o junto a sus pastores, Celso, Amadeo y Francisco, han vivido hoy una jornada eclesial de profundidad y sentido pastoral, a la vez que cargada de espiritualidad y emoci\u00f3n religiosa, junto a la patrona de Extremadura la Virgen de Guadalupe.<\/p>\n<p align=\"justify\"><strong>Doscientos \u00a0cincuenta sacerdotes con\u00a0 los obispos de Extremadura<\/strong><\/p>\n<p align=\"justify\">Desde muy temprano hoy los sacerdotes se han encaminado a las Villuercas para adentrarse en la Puebla de Guadalupe, un d\u00eda de nubes y lluvia generosa, que acompa\u00f1aba la alegr\u00eda y el deseo del encuentro entre los presbiterios de las tres di\u00f3cesis extreme\u00f1as de la provincia eclesi\u00e1stica de M\u00e9rida-Badajoz. Tras la llegada y el preceptivo caf\u00e9, con alg\u00fan dulce propio del lugar, nos congreg\u00e1bamos todos en el Sal\u00f3n de actos de la casa de la cultura de la Puebla. Doscientos cincuenta sacerdotes abarrotaban el lugar y, junto a los obispos, comenz\u00e1bamos con un canto de gozo y el rezo de la liturgia de las horas.<\/p>\n<p align=\"justify\"><strong>El presb\u00edtero, ministerio de misericordia<\/strong><\/p>\n<p align=\"justify\">Tras las palabras de Francisco Cerro animando a la conversi\u00f3n del coraz\u00f3n sacerdotal, se abr\u00eda el acto formativo, siendo Amadeo Rodr\u00edguez, quien presentaba al arzobispo Octavio Ru\u00edz, de Colombia, que tiene el encargo de la secretaria del Consejo Pontificio para la Evangelizaci\u00f3n.\u00a0 A lo largo de una bella y profunda ponencia expuso el tema del \u201cpresb\u00edtero, como hombre de misericordia\u201d. Desde un an\u00e1lisis del mundo, sus angustias y sus dolores, present\u00f3 la necesidad de una Iglesia que desde el Evangelio sea\u00a0 luz, consuelo, compasi\u00f3n y misericordia para esta humanidad y sus sufrimientos.\u00a0 Y esboz\u00f3 la figura del sacerdote atendiendo a los elementos\u00a0 b\u00e1sicos y estructurantes del ser misericordiosos: desde el encuentro personal con Jesucristo, la vivencia propia del perd\u00f3n y la misericordia, el anuncio del evangelio y la celebraci\u00f3n de los sacramentos, especialmente del sacramento del perd\u00f3n.<\/p>\n<p align=\"justify\"><strong>El arzobispo Celso invita a la conversi\u00f3n<\/strong><\/p>\n<p align=\"justify\">Tras la conferencia pasaron al monasterio de Guadalupe, coraz\u00f3n de Extremadura, donde presididos por la imagen de su patrona, celebraron la Eucarist\u00eda. Presidida por Don\u00a0 Amadeo\u00a0 y concelebrada por los dem\u00e1s obispos y todos los sacerdotes, fue una celebraci\u00f3n de vida y perd\u00f3n, en la que la homil\u00eda de Don Celso invit\u00f3 directamente a la reflexi\u00f3n luminosa del momento que vivimos y de\u00a0 la necesidad de nuestra conversi\u00f3n y cuidado para ser sacerdotes coherentes, que valorando el tesoro\u00a0 de la redenci\u00f3n que se pone en nuestras manos, sepamos estar a punto para que los que lo necesitan encuentren en nosotros la gracia que desea alcanzar del Padre Dios, en Jesucristo, por la acci\u00f3n del Esp\u00edritu. Poniendo de ejemplo referentes directos como san Juan de \u00c1vila y el santo cura de Ars , como patronos del clero, inst\u00f3 a revisarnos en este a\u00f1o de gracia y de misericordia para vivir ilusionados, acordes con el ministerio que nos ha sido confiado gratuitamente y generosamente por parte de Dios a favor de nuestros hermanos. Invit\u00f3 a que fueran nuestros predilectos lo m\u00e1s pobres y sufrientes, as\u00f3 como los m\u00e1s alejados de la fe.<\/p>\n<p align=\"justify\"><strong>El obispo Amadeo se despide emocionado<\/strong><\/p>\n<p align=\"justify\">Fue un momento de emoci\u00f3n intensa, cuando antes de dar la bendici\u00f3n de despedida, Amadeo Rodr\u00edguez Magro,\u00a0 actualmente administrador apost\u00f3lico de Plasencia y obispo electo de Ja\u00e9n, se desped\u00eda del clero de la provincia eclesi\u00e1stica y de Extremadura, dando cuenta de que su vida, su bautismo, vivencia de la fe, su sacerdocio y su quehacer episcopal siempre ha estado ligado a esta tierra suya y nuestra, y de un modo especial a la Virgen de Guadalupe, que es inseparable de nuestro ser y sentir extreme\u00f1o. Y como detalle de cari\u00f1o y devoci\u00f3n a la Virgen, y lo que ella significa, entreg\u00f3 como regalo \u00a0la cruz pectoral, que m\u00e1s estima y venera, la que le regal\u00f3 San Juan Pablo II al nombrarle obispo de Plasencia. Con ello oraba y nos invitaba a pedir para que Dios le llene de ilusi\u00f3n, fuerza y gracia para esta nueva etapa en la realidad de Andaluc\u00eda, en conexi\u00f3n con Santa Mar\u00eda de la Cabeza, patrona de Ja\u00e9n.<\/p>\n<p align=\"justify\"><strong>Guadalupe, clave de identidad eclesial en Extremadura.<\/strong><\/p>\n<p align=\"justify\">La jornada, culmin\u00f3, con una comida fraternal y sencilla en el monasterio, donde\u00a0 todos los sacerdotes convivieron y compartieron momentos de familiaridad y \u00e1nimo\u00a0 pastoral. Gozando de un acto tan eclesial, tan presbiteral y tan extreme\u00f1o a la vez, en un lugar tan querido para todos.\u00a0 Tras orar juntos ante la virgen morenita, reconociendo que la queremos desde que supimos amar, nos desped\u00edamos con el deseo de volver a encontrarnos\u00a0 para seguir identific\u00e1ndonos como Iglesia extreme\u00f1a en el coraz\u00f3n de las Villuercas donde est\u00e1 esa patrona que nos quiere y nos identifica.<\/p>\n<p align=\"justify\">Jos\u00e9 Moreno Losada.<\/p>\n","protected":false},"excerpt":{"rendered":"<p>Sacerdotes y obispos extreme\u00f1os en Guadalupe El presbiterio extreme\u00f1o junto a sus pastores, Celso, Amadeo y Francisco, han vivido hoy una jornada eclesial de profundidad y sentido pastoral, a la vez que cargada de espiritualidad y emoci\u00f3n religiosa, junto a la patrona de Extremadura la Virgen de Guadalupe. Doscientos \u00a0cincuenta sacerdotes con\u00a0 los obispos de &hellip; <a href=\"https:\/\/www.biblia.work\/sermones\/sacerdotes-y-obispos-extremenos-en-guadalupe\/\" class=\"more-link\">Continuar leyendo<span class=\"screen-reader-text\"> \u00abSacerdotes y obispos extreme\u00f1os en Guadalupe\u00bb<\/span><\/a><\/p>\n","protected":false},"author":1,"featured_media":0,"comment_status":"open","ping_status":"closed","sticky":false,"template":"","format":"standard","meta":{"footnotes":""},"categories":[1],"tags":[],"class_list":["post-34970","post","type-post","status-publish","format-standard","hentry","category-general"],"_links":{"self":[{"href":"https:\/\/www.biblia.work\/sermones\/wp-json\/wp\/v2\/posts\/34970","targetHints":{"allow":["GET"]}}],"collection":[{"href":"https:\/\/www.biblia.work\/sermones\/wp-json\/wp\/v2\/posts"}],"about":[{"href":"https:\/\/www.biblia.work\/sermones\/wp-json\/wp\/v2\/types\/post"}],"author":[{"embeddable":true,"href":"https:\/\/www.biblia.work\/sermones\/wp-json\/wp\/v2\/users\/1"}],"replies":[{"embeddable":true,"href":"https:\/\/www.biblia.work\/sermones\/wp-json\/wp\/v2\/comments?post=34970"}],"version-history":[{"count":0,"href":"https:\/\/www.biblia.work\/sermones\/wp-json\/wp\/v2\/posts\/34970\/revisions"}],"wp:attachment":[{"href":"https:\/\/www.biblia.work\/sermones\/wp-json\/wp\/v2\/media?parent=34970"}],"wp:term":[{"taxonomy":"category","embeddable":true,"href":"https:\/\/www.biblia.work\/sermones\/wp-json\/wp\/v2\/categories?post=34970"},{"taxonomy":"post_tag","embeddable":true,"href":"https:\/\/www.biblia.work\/sermones\/wp-json\/wp\/v2\/tags?post=34970"}],"curies":[{"name":"wp","href":"https:\/\/api.w.org\/{rel}","templated":true}]}}