{"id":34971,"date":"2016-06-20T23:46:12","date_gmt":"2016-06-21T04:46:12","guid":{"rendered":"http:\/\/www.biblia.work\/sermones\/el-atentado-a-juan-pablo-ii-contado-por-un-testigo\/"},"modified":"2016-06-20T23:46:12","modified_gmt":"2016-06-21T04:46:12","slug":"el-atentado-a-juan-pablo-ii-contado-por-un-testigo","status":"publish","type":"post","link":"https:\/\/www.biblia.work\/sermones\/el-atentado-a-juan-pablo-ii-contado-por-un-testigo\/","title":{"rendered":"El atentado a Juan Pablo II contado por un testigo"},"content":{"rendered":"<p style=\"text-align: justify;\"><strong>El atentado a Juan Pablo II contado por un testigo<\/strong><\/p>\n<p style=\"text-align: justify;\">35 a\u00f1os despu\u00e9s el periodista y escritor polaco <strong>W\u0142odzimierz R\u0119dzioch<\/strong> recuerda ese dram\u00e1tico momento para la historia de la Iglesia y de la humanidad<\/p>\n<p style=\"text-align: justify;\">\u00a0El 13 de mayo de 1981 todo el mundo se detiene. El papa <strong>Juan Pablo II<\/strong> ha sido v\u00edctima de un atentado en la plaza de San Pedro. Nadie sabe si va a morir o sobrevivir\u00e1, ni qui\u00e9n le ha disparado y por qu\u00e9.<\/p>\n<p style=\"text-align: justify;\">\n<p style=\"text-align: justify;\">El resto es historia. De ese dram\u00e1tico momento para la Iglesia y de la humanidad, ha hablado con ZENIT W\u0142odzimierz R\u0119dzioch, periodista y escritor polaco, desde hace casi cuarenta a\u00f1os residente en Roma. Escribe para el semanario\u00a0Niedziela\u00a0y es autor de\u00a0Junto a Juan Pablo II\u00a0(Ares, 2014), recopilaci\u00f3n de entrevistas a personalidades ilustres que conocieron\u00a0de cerca al Pont\u00edfice polaco. Entre ellos el papa em\u00e9rito Benedicto XVI, cuyas \u00fanicas declaraciones publicadas en un libro despu\u00e9s de su renuncia, han sido precisamente las de R\u0119dzioch.<\/p>\n<p align=\"justify\">&nbsp;<\/p>\n<p style=\"text-align: justify;\">***<\/p>\n<p style=\"text-align: justify;\"><strong>\u00bfQu\u00e9 hac\u00eda el 13 de mayo de 1981?<\/strong><br \/>\n\u2013W\u0142odzimierz: El 13 de mayo de 1981 era para m\u00ed un d\u00eda de trabajo normal en las oficinas del\u00a0Osservatore Romano. Estando en el peri\u00f3dico vaticano segu\u00eda tambi\u00e9n la actividad del Papa. Para \u00e9l era una jornada intensa: ese d\u00eda Juan Pablo II hab\u00eda instituido el\u00a0<em>Pontificio Instituto para estudios sobre matrimonio y familia<\/em>\u00a0y hab\u00eda recibido en audiencia privada al famos\u00edsimo genetista franc\u00e9s J\u00e9r\u00f4me Lejeune con su mujer, con quien hab\u00eda tenido una comida amistosa.<\/p>\n<p style=\"text-align: justify;\"><strong>\u00bfD\u00f3nde estaba cuando fue el atentado contra el Papa?<\/strong><br \/>\n\u2014 W\u0142odzimierz: La tarde del 13 de mayo acompa\u00f1\u00e9 a mis amigos polacos a la plaza de San Pedro para la audiencia general, pero no me qued\u00e9 con ellos: me qued\u00e9 en la sombra, bajo la columnata, para disfrutar el espect\u00e1culo de la plaza llena de gente alegre que esperaba a Juan Pablo II. A las 17.00, desde\u00a0el Arco de las Campanas, bajo la fachada de la Bas\u00edlica de San Pedro, sali\u00f3 el jeep blanco del Papa y comenz\u00f3 a dar la vuelta a la plaza. El Pont\u00edfice se mov\u00eda lentamente entre la multitud de brazos alzados de los fieles que llevaban banderas, pa\u00f1uelos y c\u00e1maras de fotos. En un determinado momento, Juan Pablo II tom\u00f3 en brazos a una ni\u00f1a con un globo: le dio un bes\u00f3 y se la dio a sus padres. En este momento sucedi\u00f3 una cosa extra\u00f1a: todas las palomas que estaban en la plaza se alzaron en vuelo; enseguida vi movimiento entorno al coche del Papa, que se dio la vuelta y regres\u00f3 hacia el Arco de las Campanas.<\/p>\n<p style=\"text-align: justify;\"><strong>\u00bfQu\u00e9 pens\u00f3?<\/strong><br \/>\n\u2014 W\u0142odzimierz: Yo, como todos los fieles reunidos en la plaza, no sab\u00eda exactamente qu\u00e9 hab\u00eda pasado. Pero de boca en boca corr\u00eda una voz tremenda: \u201c\u00a1Atentado! \u00a1Atentado!\u201d La gente lloraba, se desesperaba, o se quedaba callada. Se ve\u00edan personas arrodilladas en oraci\u00f3n, porque muchos cre\u00edan que el Para hab\u00eda muerto. Durante la audiencia de aquel fatal 13 de mayo 1981, Juan Pablo II tendr\u00eda que haber pronunciado una catequesis, en la que, hablando de Mar\u00eda, afirmaba: \u201cElla conoc\u00eda la alegr\u00eda m\u00e1s \u00edntima y profunda que conlleva a la tristeza y a la prueba m\u00e1s terrible. As\u00ed sucede para cada uno de nosotros; y la alegr\u00eda se alterna con el dolor, mezclando en nuestras vida rosas y espinas\u201d. Pensaba ese d\u00eda que tambi\u00e9n mi vida hab\u00eda llegado al momento dram\u00e1tico y de prueba terrible: hab\u00eda dejado mi pa\u00eds, mi familia, mi carrera profesional para venir a la Roma de Juan Pablo II y dar mi peque\u00f1a contribuci\u00f3n a este \u201cpontificado polaco\u201d, pero en ese momento me pareci\u00f3 que todo hab\u00eda terminado.<\/p>\n<p style=\"text-align: justify;\"><strong>\u00bfQu\u00e9 sucedi\u00f3 en la plaza despu\u00e9s del atentado?<\/strong><br \/>\n\u2014 W\u0142odzimierz: La gente no recib\u00eda ninguna noticia porque todos los organizaciones de la audiencia y los vigilantes vaticanos desaparecieron. Afortunadamente en esos momentos dram\u00e1ticos, en la plaza se encontraba el padre Casimiro Przydatek, responsable del Centro para los peregrinos polacos, que se acerc\u00f3 al micr\u00f3fono y comenz\u00f3 la oraci\u00f3n del rosario: la gente rez\u00f3 y cant\u00f3. Algunos de los presentes hab\u00edan tra\u00eddo de Polonia como regalo para Juan Pablo II una copia del icono de la Virgen de Czestochowa. El padre Casimiro la tom\u00f3 y la apoy\u00f3 en la butaca vac\u00eda del Papa. Despu\u00e9s me fui a la\u00a0<em>Casa para los peregrinos polacos<\/em>\u00a0a dos pasos de San Pedro. De camino me detuve en la Sala de Prensa del Vaticano, ya llena de periodistas. Todos estaban muy preocupados, tambi\u00e9n porque al principio el padre Panciroli, responsable de la Sala de Prensa, hab\u00eda hablado de la posibilidad de la perforaci\u00f3n del p\u00e1ncreas del Santo Padre. En la Casa Polaca me puse delante de la televisi\u00f3n que transmit\u00eda en directo desde el hospital Policl\u00ednico Gemelli. Por la televisi\u00f3n me enter\u00e9 que la ambulancia lleg\u00f3 al hospital en tiempo r\u00e9cord, por eso la operaci\u00f3n comenz\u00f3 a las 17.55. Las condiciones del Pont\u00edfice eran graves, por eso don Stanislao dio al Papa la absoluci\u00f3n y la unci\u00f3n de los enfermos. Me qued\u00e9 delante de la televisi\u00f3n hasta las 23.30, cuando lleg\u00f3 el comunicado m\u00e9dico del profesor Castiglioni, que inform\u00f3 a los periodistas que la operaci\u00f3n hab\u00eda tenido resultado positivo, a\u00f1adiendo: \u201cHemos hecho todo lo que se pod\u00eda hacer. Ahora toca esperar\u201d. El diagn\u00f3stico era todav\u00eda reservado. Fue una larga noche de espera marcada por la oraci\u00f3n y las reflexiones.<\/p>\n<p style=\"text-align: justify;\"><strong>En su opini\u00f3n, \u00bfqui\u00e9n organiz\u00f3\u00a0el atentado y qui\u00e9n arm\u00f3\u00a0la mano de Ali Agca?<\/strong><br \/>\n\u2014 W\u0142odzimierz: Obviamente segu\u00ed el proceso de Ali Agca y, como todos, me preguntaba qui\u00e9n le mandaba. Hablaba de este tema\u00a0con muchas personas. Un d\u00eda me encontr\u00e9 con el card.\u00a0Andrzej Maria Deskur \u00a0y le pregunt\u00e9 qu\u00e9 pensaba de varias \u201cpistas\u201d sobre los que hab\u00edan ordenado el atentado. El cardenal, amigo fraterno de Juan Pablo II, me respondi\u00f3: \u201cSabes que la noche del 12 de mayo, el Papa, como todos los sacerdotes, durante la oraci\u00f3n de la noche le\u00eda el pasaje de la Carta de san Pablo:\u00a0<em>\u2018<\/em><em>Sean prudentes y mant\u00e9nganse despiertos, porque su enemigo el diablo, como un le\u00f3n rugiente, anda buscando a quien devorar\u2019<\/em>. Entonces es obvio que ha sido el diablo quien quer\u00eda \u2018devorar\u2019 a Juan Pablo II, pero para m\u00ed es indiferente qu\u00e9 \u2018mano\u2019 ha usado\u201d.<\/p>\n<p style=\"text-align: justify;\">En ese periodo usted era muy cercano al grupo de colaboradores de Juan Pablo II. \u00bfQu\u00e9 pensaban? \u00bfQu\u00e9 dec\u00edan?<br \/>\n\u2014 W\u0142odzimierz: Las palabras del cardenal Deskur dan a entender que el Papa y sus colaboradores miraban al atentado desde la perspectiva escatol\u00f3gica. Juan Pablo II durante su segundo ingreso en el Gemelli, en el mes de julio, pidi\u00f3 llevar consigo el sobre con\u00a0el texto original del \u201ctercer secreto de F\u00e1tima\u201d escrito por sor Luc\u00eda, porque se dio cuenta que el d\u00eda en que hab\u00edan intentado matarle era el aniversario de la primera aparici\u00f3n de la Virgen. Desde ese d\u00eda, cuando el Papa hablaba del atentado siempre dec\u00eda: \u201cUna mano ha disparado y otra ha guiado la bala\u201d. Un d\u00eda, el cardenal Dziwisz dijo: \u201cEl atentado es el misterio, que a pesar del drama que hemos vivido, tratamos de ver en la perspectiva de los dise\u00f1os de salvaci\u00f3n\u00a0de la Divina Providencia\u201d. Por eso no podemos separar el evento del atentado de las apariciones de la Virgen en F\u00e1tima que comenzaron precisamente el 13 de mayo. Por este motivo, Juan Pablo II quiso que la bala de la pistola de Agca, que hubiera cambiado la historia de la Iglesia y del mundo, fuera colocada en la corona de la estatua de la Virgen de F\u00e1tima.<\/p>\n<p style=\"text-align: justify;\"><strong>\u00bfQu\u00e9 piensa del proceso de Ali Agca?<\/strong><br \/>\n\u2014 W\u0142odzimierz: Las investigaciones se hicieron mal, todos lo reconocen. Por ejemplo, se habla oficialmente de dos disparos; sin embargo, Arturo Mari, el fot\u00f3grafo del Papa, est\u00e1 convencido de que escuch\u00f3 cuatro. Tampoco el proceso aclar\u00f3 mucho sobre qui\u00e9nes\u00a0mandaban sobre Agca. Sin embargo no todos saben que en Polonia, el\u00a0<em>Instituto de la Memoria Nacional<\/em>\u00a0desarroll\u00f3 sus\u00a0propias investigaciones. El procurador Micha\u0142 Skwara y el hist\u00f3rico Andrzej Grajewski publicaron\u00a0un libro con los resultados de sus investigaciones y b\u00fasquedas. De estas, resulta que los instigadores directos de Ali Agca fueron los servicios secretos de la Bulgaria comunista. Ellos le dieron la pistola y el dinero.<\/p>\n<p align=\"justify\">Los investigadores polacos escucharon a un ex oficial del<em>\u00a0Ministerio de la Seguridad P\u00fablica<\/em>de Alemania comunista, G\u00fcnter Bohnsack, que les inform\u00f3 que en marzo de 1983 el coronel Jordan Ormankov de los servicios b\u00falgaros hizo una visita a los compa\u00f1eros alemanes para organizar una acci\u00f3n de desinformaci\u00f3n para cubrir \u201cla pista b\u00falgara\u201d del atentado. Los servicios alemanes movilizaron a sus hombres en la Alemania Federal y en Austria: estos, haci\u00e9ndose pasar por nacionalistas turcos comenzaron a inundar las agencias de prensa y los consulados de amenazas pidiendo la liberaci\u00f3n de Ali Agca. Se hac\u00eda de todo para unir su persona con los ambientes del extremismo turco en la Alemania Federal y Turqu\u00eda.<br \/>\nPero los investigadores polacos no tienen dudas de que los servicios secretos b\u00falgaros no pod\u00edan actuar por s\u00ed solos, sin el consentimiento del poderoso KGB ruso. Quisiera recordar un documento del\u00a0<em>Comit\u00e9 Central del Partido Comunista de la Uni\u00f3n Sovi\u00e9tica<\/em>\u00a0de 1979 donde manda al KGB oponerse\u00a0la pol\u00edtica del \u201cpapa polaco\u201d con todos los medios, incluso las acciones de desinformaci\u00f3n y desacreditaci\u00f3n.<\/p>\n<p style=\"text-align: justify;\"><strong>\u00bfDescubriremos un d\u00eda qui\u00e9nes fueron los principales instigadores de Ali Agca?<\/strong><br \/>\n\u2014 W\u0142odzimierz: Quiz\u00e1 dentro de 10, 20 o 50 a\u00f1os cuando se pueda acceder a ciertos archivos, que hoy son inaccesibles.<\/p>\n<p>El Papa Juan Pablo II Cae Bajo Los Disparos De Al\u00ed Agca<\/p>\n<p>\u00a0Antonio Gaspari<br \/>\n(ZENIT \u2013 Roma).-<\/p>\n","protected":false},"excerpt":{"rendered":"<p>El atentado a Juan Pablo II contado por un testigo 35 a\u00f1os despu\u00e9s el periodista y escritor polaco W\u0142odzimierz R\u0119dzioch recuerda ese dram\u00e1tico momento para la historia de la Iglesia y de la humanidad \u00a0El 13 de mayo de 1981 todo el mundo se detiene. El papa Juan Pablo II ha sido v\u00edctima de un &hellip; <a href=\"https:\/\/www.biblia.work\/sermones\/el-atentado-a-juan-pablo-ii-contado-por-un-testigo\/\" class=\"more-link\">Continuar leyendo<span class=\"screen-reader-text\"> \u00abEl atentado a Juan Pablo II contado por un testigo\u00bb<\/span><\/a><\/p>\n","protected":false},"author":1,"featured_media":0,"comment_status":"open","ping_status":"closed","sticky":false,"template":"","format":"standard","meta":{"footnotes":""},"categories":[1],"tags":[],"class_list":["post-34971","post","type-post","status-publish","format-standard","hentry","category-general"],"_links":{"self":[{"href":"https:\/\/www.biblia.work\/sermones\/wp-json\/wp\/v2\/posts\/34971","targetHints":{"allow":["GET"]}}],"collection":[{"href":"https:\/\/www.biblia.work\/sermones\/wp-json\/wp\/v2\/posts"}],"about":[{"href":"https:\/\/www.biblia.work\/sermones\/wp-json\/wp\/v2\/types\/post"}],"author":[{"embeddable":true,"href":"https:\/\/www.biblia.work\/sermones\/wp-json\/wp\/v2\/users\/1"}],"replies":[{"embeddable":true,"href":"https:\/\/www.biblia.work\/sermones\/wp-json\/wp\/v2\/comments?post=34971"}],"version-history":[{"count":0,"href":"https:\/\/www.biblia.work\/sermones\/wp-json\/wp\/v2\/posts\/34971\/revisions"}],"wp:attachment":[{"href":"https:\/\/www.biblia.work\/sermones\/wp-json\/wp\/v2\/media?parent=34971"}],"wp:term":[{"taxonomy":"category","embeddable":true,"href":"https:\/\/www.biblia.work\/sermones\/wp-json\/wp\/v2\/categories?post=34971"},{"taxonomy":"post_tag","embeddable":true,"href":"https:\/\/www.biblia.work\/sermones\/wp-json\/wp\/v2\/tags?post=34971"}],"curies":[{"name":"wp","href":"https:\/\/api.w.org\/{rel}","templated":true}]}}