{"id":34972,"date":"2016-06-20T23:46:19","date_gmt":"2016-06-21T04:46:19","guid":{"rendered":"http:\/\/www.biblia.work\/sermones\/la-educacion-esposada-por-amparo-tos-boix\/"},"modified":"2016-06-20T23:46:19","modified_gmt":"2016-06-21T04:46:19","slug":"la-educacion-esposada-por-amparo-tos-boix","status":"publish","type":"post","link":"https:\/\/www.biblia.work\/sermones\/la-educacion-esposada-por-amparo-tos-boix\/","title":{"rendered":"La educaci\u00f3n, esposada, por Amparo Tos Boix"},"content":{"rendered":"<p style=\"text-align: justify;\"><strong>La educaci\u00f3n, esposada, por Amparo Tos Boix<\/strong><\/p>\n<p style=\"text-align: justify;\"><strong>CAMPOS DE CONCENTRACI\u00d3N. \u00a0<\/strong>La izquierda valenciana, consciente de que la Educaci\u00f3n es el principal objetivo para controlar a la sociedad, ha vuelto a instalar los campos de concentraci\u00f3n educativos, l\u00e9ase las distintas zonas en que ha dividido nuestro territorio, impidiendo a los padres elegir el colegio para sus hijos.<\/p>\n<p style=\"text-align: justify;\">Al mismo tiempo, en un alarde de \u201cbuen gobierno\u201d, est\u00e1 eliminando conciertos a colegios en todo el territorio, para conseguir mayor matriculaci\u00f3n en la p\u00fablica.<\/p>\n<p style=\"text-align: justify;\">Si est\u00e1n convencidos de que los centros p\u00fablicos son lo que conviene a la sociedad, en nombre de la libertad que pregonan pongan en pie de igualdad la p\u00fablica y la privada asignando a \u00e9sta un concierto del mismo nivel que nos cuesta a todos los espa\u00f1oles un puesto en la p\u00fablica.<\/p>\n<p style=\"text-align: justify;\">Entonces ver\u00e1n la necesidad de abrir los campos de concentraci\u00f3n restableciendo la zona \u00fanica y dando libertad de elecci\u00f3n a los padres, \u00a0para evitar que estos se lancen a las vallas como cantaba Nino Bravo en su inolvidable \u201cLibre\u201d.<\/p>\n<p style=\"text-align: justify;\">\n<p style=\"text-align: justify;\">\u00a0\u00a0\u00a0\u00a0\u00a0\u00a0\u00a0\u00a0\u00a0\u00a0\u00a0\u00a0\u00a0\u00a0\u00a0\u00a0\u00a0\u00a0\u00a0\u00a0\u00a0\u00a0\u00a0\u00a0\u00a0\u00a0\u00a0\u00a0\u00a0\u00a0\u00a0\u00a0\u00a0\u00a0\u00a0\u00a0\u00a0\u00a0\u00a0\u00a0\u00a0\u00a0\u00a0\u00a0\u00a0\u00a0\u00a0\u00a0\u00a0\u00a0\u00a0\u00a0\u00a0\u00a0\u00a0\u00a0\u00a0\u00a0\u00a0\u00a0\u00a0\u00a0\u00a0\u00a0\u00a0\u00a0\u00a0\u00a0\u00a0\u00a0\u00a0\u00a0\u00a0\u00a0\u00a0\u00a0\u00a0\u00a0\u00a0\u00a0\u00a0 Amparo Tos Boix, Valencia.<\/p>\n","protected":false},"excerpt":{"rendered":"<p>La educaci\u00f3n, esposada, por Amparo Tos Boix CAMPOS DE CONCENTRACI\u00d3N. \u00a0La izquierda valenciana, consciente de que la Educaci\u00f3n es el principal objetivo para controlar a la sociedad, ha vuelto a instalar los campos de concentraci\u00f3n educativos, l\u00e9ase las distintas zonas en que ha dividido nuestro territorio, impidiendo a los padres elegir el colegio para sus &hellip; <a href=\"https:\/\/www.biblia.work\/sermones\/la-educacion-esposada-por-amparo-tos-boix\/\" class=\"more-link\">Continuar leyendo<span class=\"screen-reader-text\"> \u00abLa educaci\u00f3n, esposada, por Amparo Tos Boix\u00bb<\/span><\/a><\/p>\n","protected":false},"author":1,"featured_media":0,"comment_status":"open","ping_status":"closed","sticky":false,"template":"","format":"standard","meta":{"footnotes":""},"categories":[1],"tags":[],"class_list":["post-34972","post","type-post","status-publish","format-standard","hentry","category-general"],"_links":{"self":[{"href":"https:\/\/www.biblia.work\/sermones\/wp-json\/wp\/v2\/posts\/34972","targetHints":{"allow":["GET"]}}],"collection":[{"href":"https:\/\/www.biblia.work\/sermones\/wp-json\/wp\/v2\/posts"}],"about":[{"href":"https:\/\/www.biblia.work\/sermones\/wp-json\/wp\/v2\/types\/post"}],"author":[{"embeddable":true,"href":"https:\/\/www.biblia.work\/sermones\/wp-json\/wp\/v2\/users\/1"}],"replies":[{"embeddable":true,"href":"https:\/\/www.biblia.work\/sermones\/wp-json\/wp\/v2\/comments?post=34972"}],"version-history":[{"count":0,"href":"https:\/\/www.biblia.work\/sermones\/wp-json\/wp\/v2\/posts\/34972\/revisions"}],"wp:attachment":[{"href":"https:\/\/www.biblia.work\/sermones\/wp-json\/wp\/v2\/media?parent=34972"}],"wp:term":[{"taxonomy":"category","embeddable":true,"href":"https:\/\/www.biblia.work\/sermones\/wp-json\/wp\/v2\/categories?post=34972"},{"taxonomy":"post_tag","embeddable":true,"href":"https:\/\/www.biblia.work\/sermones\/wp-json\/wp\/v2\/tags?post=34972"}],"curies":[{"name":"wp","href":"https:\/\/api.w.org\/{rel}","templated":true}]}}