{"id":34973,"date":"2016-06-20T23:46:22","date_gmt":"2016-06-21T04:46:22","guid":{"rendered":"http:\/\/www.biblia.work\/sermones\/el-clericalismo-y-los-laicos-por-jose-luis-restan-director-editorial-de-la-cadena-cope-en-alfa-y-omega-del-12-de-mayo-de-2016\/"},"modified":"2016-06-20T23:46:22","modified_gmt":"2016-06-21T04:46:22","slug":"el-clericalismo-y-los-laicos-por-jose-luis-restan-director-editorial-de-la-cadena-cope-en-alfa-y-omega-del-12-de-mayo-de-2016","status":"publish","type":"post","link":"https:\/\/www.biblia.work\/sermones\/el-clericalismo-y-los-laicos-por-jose-luis-restan-director-editorial-de-la-cadena-cope-en-alfa-y-omega-del-12-de-mayo-de-2016\/","title":{"rendered":"El clericalismo y los laicos, por Jos\u00e9 Luis Rest\u00e1n, director editorial de la Cadena COPE, en Alfa y Omega del 12 de mayo de 2016"},"content":{"rendered":"<p style=\"text-align: justify;\"><strong>El clericalismo y los laicos, por<\/strong> <strong>Jos\u00e9 Luis Rest\u00e1n, director editorial de la Cadena COPE, en Alfa y Omega del 12 de mayo de 2016<\/strong><\/p>\n<p style=\"text-align: justify;\">El mensaje iba dirigido a los obispos de Am\u00e9rica Latina pero es de plena aplicaci\u00f3n entre nosotros. El Papa se ha preguntado qu\u00e9 significa para los pastores que los laicos est\u00e9n trabajando en la vida p\u00fablica, y ha respondido que significa buscar la manera de acompa\u00f1ar y alentar todo los intentos que se hacen por mantener viva la esperanza y la fe en un mundo lleno de contradicciones.<\/p>\n<p style=\"text-align: justify;\">Y en seguida Francisco ha advertido que son precisamente los laicos los que conocen la entra\u00f1a de las circunstancias sociales, pol\u00edticas o culturales en las que se mueven, y por eso no tiene sentido que los pastores pretendan decirles lo que tienen que hacer o decir en sus ambientes. Eso ser\u00eda lo que el Papa ha calificado sin ambages como clericalismo.<\/p>\n<p style=\"text-align: justify;\">Es muy aguda la observaci\u00f3n de que, muchas veces, los obispos y sacerdotes han identificado la imagen del laico comprometido con aquel que trabaja en las cosas de la parroquia o de la di\u00f3cesis, y sin embargo ha faltado una reflexi\u00f3n sobre lo que significa vivir la fe a la intemperie. Sobre todo, ha faltado un verdadero acompa\u00f1amiento (a veces incluso una aut\u00e9ntica simpat\u00eda pastoral) hacia aquellos creyentes \u00abque se debaten en la lucha cotidiana por vivir la fe en medio del mundo\u00bb. Con no poca iron\u00eda, Francisco advierte que a veces creamos esl\u00f3ganes que se quedan vac\u00edos, como aquel de los a\u00f1os 80 sobre <em>la hora de los laicos<\/em>. A lo mejor, mientras lo repet\u00edamos, el reloj se hab\u00eda quedado parado.<\/p>\n<p style=\"text-align: justify;\">Lo que el Papa valora en la vocaci\u00f3n del laico es que est\u00e1 inmersa en el coraz\u00f3n de la vida social, en medio de nuevas formas culturales que se gestan continuamente. Es, ciertamente, una lucha cotidiana para hacer presente la novedad cristiana en medio de un mundo cambiante y a menudo hostil. Tambi\u00e9n los propios laicos hemos de sacar las consecuencias de todo esto, porque a veces podemos ser m\u00e1s clericales que nadie, ya sea para evitar el riesgo de una fe vivida al aire libre, o porque estemos m\u00e1s preocupados de ganar influencia y poder dentro de la instituci\u00f3n, que de jug\u00e1rnosla en la misi\u00f3n.<\/p>\n<p style=\"text-align: justify;\">Newman reclamaba un laicado que no fuese arrogante ni alborotador, sino arraigado en la Iglesia, consciente de su riqueza y de sus l\u00edmites, capaz de dar cuenta de su fe en las circunstancias vertiginosas de la historia. No ser\u00eda poca cosa, como pide el Papa, que pastores y laicos colaboraran en ello.<\/p>\n<p align=\"justify\">Jos\u00e9 Luis Rest\u00e1n<\/p>\n<p>12 de Mayo de 2016<br \/>\nfoto de Ra\u00fal Doblado<\/p>\n","protected":false},"excerpt":{"rendered":"<p>El clericalismo y los laicos, por Jos\u00e9 Luis Rest\u00e1n, director editorial de la Cadena COPE, en Alfa y Omega del 12 de mayo de 2016 El mensaje iba dirigido a los obispos de Am\u00e9rica Latina pero es de plena aplicaci\u00f3n entre nosotros. El Papa se ha preguntado qu\u00e9 significa para los pastores que los laicos &hellip; <a href=\"https:\/\/www.biblia.work\/sermones\/el-clericalismo-y-los-laicos-por-jose-luis-restan-director-editorial-de-la-cadena-cope-en-alfa-y-omega-del-12-de-mayo-de-2016\/\" class=\"more-link\">Continuar leyendo<span class=\"screen-reader-text\"> \u00abEl clericalismo y los laicos, por Jos\u00e9 Luis Rest\u00e1n, director editorial de la Cadena COPE, en Alfa y Omega del 12 de mayo de 2016\u00bb<\/span><\/a><\/p>\n","protected":false},"author":1,"featured_media":0,"comment_status":"open","ping_status":"closed","sticky":false,"template":"","format":"standard","meta":{"footnotes":""},"categories":[1],"tags":[],"class_list":["post-34973","post","type-post","status-publish","format-standard","hentry","category-general"],"_links":{"self":[{"href":"https:\/\/www.biblia.work\/sermones\/wp-json\/wp\/v2\/posts\/34973","targetHints":{"allow":["GET"]}}],"collection":[{"href":"https:\/\/www.biblia.work\/sermones\/wp-json\/wp\/v2\/posts"}],"about":[{"href":"https:\/\/www.biblia.work\/sermones\/wp-json\/wp\/v2\/types\/post"}],"author":[{"embeddable":true,"href":"https:\/\/www.biblia.work\/sermones\/wp-json\/wp\/v2\/users\/1"}],"replies":[{"embeddable":true,"href":"https:\/\/www.biblia.work\/sermones\/wp-json\/wp\/v2\/comments?post=34973"}],"version-history":[{"count":0,"href":"https:\/\/www.biblia.work\/sermones\/wp-json\/wp\/v2\/posts\/34973\/revisions"}],"wp:attachment":[{"href":"https:\/\/www.biblia.work\/sermones\/wp-json\/wp\/v2\/media?parent=34973"}],"wp:term":[{"taxonomy":"category","embeddable":true,"href":"https:\/\/www.biblia.work\/sermones\/wp-json\/wp\/v2\/categories?post=34973"},{"taxonomy":"post_tag","embeddable":true,"href":"https:\/\/www.biblia.work\/sermones\/wp-json\/wp\/v2\/tags?post=34973"}],"curies":[{"name":"wp","href":"https:\/\/api.w.org\/{rel}","templated":true}]}}