{"id":34974,"date":"2016-06-20T23:46:33","date_gmt":"2016-06-21T04:46:33","guid":{"rendered":"http:\/\/www.biblia.work\/sermones\/pablo-vi-y-maria-por-jose-roman-flecha-andres-en-diario-de-leon-14-5-2016\/"},"modified":"2016-06-20T23:46:33","modified_gmt":"2016-06-21T04:46:33","slug":"pablo-vi-y-maria-por-jose-roman-flecha-andres-en-diario-de-leon-14-5-2016","status":"publish","type":"post","link":"https:\/\/www.biblia.work\/sermones\/pablo-vi-y-maria-por-jose-roman-flecha-andres-en-diario-de-leon-14-5-2016\/","title":{"rendered":"Pablo VI y Mar\u00eda, por Jos\u00e9-Rom\u00e1n Flecha Andr\u00e9s, en Diario de Le\u00f3n (14-5-2016)"},"content":{"rendered":"<p style=\"text-align: justify;\"><strong>Pablo VI y Mar\u00eda, por Jos\u00e9-Rom\u00e1n Flecha Andr\u00e9s, en Diario de Le\u00f3n (14-5-2016)<\/strong><\/p>\n<p style=\"text-align: justify;\">En algunos pa\u00edses del hemisferio norte dedicamos el mes de mayo a Mar\u00eda, la Madre de Jes\u00fas. Es un deleite evocar algunas de las reflexiones que sobre ella compart\u00eda Pablo VI con los fieles en los dos primeros a\u00f1os de su pontificado. <\/p>\n<p style=\"text-align: justify;\">1. El mi\u00e9rcoles 14 de agosto de 1963, v\u00edspera de la fiesta de la Asunci\u00f3n de Mar\u00eda a los cielos, Pablo VI explicaba a los peregrinos que el culto a Mar\u00eda es \u201cintroducci\u00f3n y consecuencia del culto \u00fanico y supremo que debemos a Jesucristo\u201d. Es, adem\u00e1s, \u201cgarant\u00eda de nuestra fe en sus misterios y en su misi\u00f3n\u201d. Y, finalmente, es \u201cexpresi\u00f3n de nuestra adhesi\u00f3n a la Iglesia, que tiene a Mar\u00eda como su hija m\u00e1s santa y m\u00e1s bella y que encuentra en Mar\u00eda su imagen ideal\u201d. <\/p>\n<p style=\"text-align: justify;\">Seg\u00fan el Papa, \u201ctodo esto nos llena de gozo y de esperanza y nos ense\u00f1a a imitar a nuestra Se\u00f1ora en sus virtudes, tan sublimes como humanas, y sobre todo en la virtud de la fe y de la aceptaci\u00f3n de la Palabra de Dios, que inicia en nuestras almas la vida de Cristo\u201d. <\/p>\n<p style=\"text-align: justify;\">2. En la audiencia general del mi\u00e9rcoles 27 de mayo de 1964, Pablo VI menciona las reflexiones que el Concilio estaba dedicando a la relaci\u00f3n entre Mar\u00eda y la Iglesia. Y a\u00f1ade que \u201cen Mar\u00eda, llena de gracia, encontramos todas las riquezas que la Iglesia representa, posee y dispensa; en Mar\u00eda tenemos sobre todo la madre virginal de Cristo, y en la Iglesia, la madre virginal de los cristianos\u201d. Seg\u00fan san Agust\u00edn, \u201cMar\u00eda engendr\u00f3 f\u00edsicamente la cabeza del cuerpo m\u00edstico, y la Iglesia engendra espiritualmente los miembros de aquella cabeza\u201d, que es Cristo. <\/p>\n<p style=\"text-align: justify;\">3. En la audiencia del d\u00eda 7 de octubre de 1964, fiesta del Santo Rosario, Pablo VI cita unas hermosas palabras de San Cirilo de Alejandr\u00eda: \u00abPor ti (Mar\u00eda), los Ap\u00f3stoles predicaron a los pueblos la doctrina de la salvaci\u00f3n; por ti la santa Cruz es alabada y adorada en el mundo entero; por ti los demonios son rechazados, y el hombre es llamado al cielo; por ti toda criatura, asediada por los errores y por la idolatr\u00eda, es reconducida al conocimiento de la verdad; por ti los fieles han venido al bautismo y en todas las partes del mundo han sido fundadas las Iglesias\u00bb.<\/p>\n<p style=\"text-align: justify;\">4. En la audiencia general del 18 de noviembre de 1964, Pablo VI anuncia a los peregrinos que terminar\u00e1 la tercera sesi\u00f3n del Concilio con la alegr\u00eda de reconocer a Mar\u00eda el t\u00edtulo de Madre de la Iglesia. \u201cSer\u00e1 este un t\u00edtulo que nos ayudar\u00e1 a celebrar a Mar\u00eda Sant\u00edsima como amorosa reina del mundo, centro materno de la unidad, piadosa esperanza de nuestra salvaci\u00f3n\u201d.<\/p>\n<p style=\"text-align: justify;\">A algunos les pareci\u00f3 un gesto para satisfacer al grupo que no hab\u00eda visto recogidas por el Concilio sus esperanzas de dedicar a Mar\u00eda un documento propio. En estos a\u00f1os hemos valorado m\u00e1s y m\u00e1s aquella decisi\u00f3n. El reconocimiento de la vinculaci\u00f3n de Mar\u00eda a la Iglesia ha sido m\u00e1s fecundo de lo que se esperaba.<\/p>\n<p style=\"text-align: justify;\">Jos\u00e9-Rom\u00e1n Flecha Andr\u00e9s<\/p>\n","protected":false},"excerpt":{"rendered":"<p>Pablo VI y Mar\u00eda, por Jos\u00e9-Rom\u00e1n Flecha Andr\u00e9s, en Diario de Le\u00f3n (14-5-2016) En algunos pa\u00edses del hemisferio norte dedicamos el mes de mayo a Mar\u00eda, la Madre de Jes\u00fas. Es un deleite evocar algunas de las reflexiones que sobre ella compart\u00eda Pablo VI con los fieles en los dos primeros a\u00f1os de su pontificado. &hellip; <a href=\"https:\/\/www.biblia.work\/sermones\/pablo-vi-y-maria-por-jose-roman-flecha-andres-en-diario-de-leon-14-5-2016\/\" class=\"more-link\">Continuar leyendo<span class=\"screen-reader-text\"> \u00abPablo VI y Mar\u00eda, por Jos\u00e9-Rom\u00e1n Flecha Andr\u00e9s, en Diario de Le\u00f3n (14-5-2016)\u00bb<\/span><\/a><\/p>\n","protected":false},"author":1,"featured_media":0,"comment_status":"open","ping_status":"closed","sticky":false,"template":"","format":"standard","meta":{"footnotes":""},"categories":[1],"tags":[],"class_list":["post-34974","post","type-post","status-publish","format-standard","hentry","category-general"],"_links":{"self":[{"href":"https:\/\/www.biblia.work\/sermones\/wp-json\/wp\/v2\/posts\/34974","targetHints":{"allow":["GET"]}}],"collection":[{"href":"https:\/\/www.biblia.work\/sermones\/wp-json\/wp\/v2\/posts"}],"about":[{"href":"https:\/\/www.biblia.work\/sermones\/wp-json\/wp\/v2\/types\/post"}],"author":[{"embeddable":true,"href":"https:\/\/www.biblia.work\/sermones\/wp-json\/wp\/v2\/users\/1"}],"replies":[{"embeddable":true,"href":"https:\/\/www.biblia.work\/sermones\/wp-json\/wp\/v2\/comments?post=34974"}],"version-history":[{"count":0,"href":"https:\/\/www.biblia.work\/sermones\/wp-json\/wp\/v2\/posts\/34974\/revisions"}],"wp:attachment":[{"href":"https:\/\/www.biblia.work\/sermones\/wp-json\/wp\/v2\/media?parent=34974"}],"wp:term":[{"taxonomy":"category","embeddable":true,"href":"https:\/\/www.biblia.work\/sermones\/wp-json\/wp\/v2\/categories?post=34974"},{"taxonomy":"post_tag","embeddable":true,"href":"https:\/\/www.biblia.work\/sermones\/wp-json\/wp\/v2\/tags?post=34974"}],"curies":[{"name":"wp","href":"https:\/\/api.w.org\/{rel}","templated":true}]}}