{"id":34976,"date":"2016-06-20T23:46:42","date_gmt":"2016-06-21T04:46:42","guid":{"rendered":"http:\/\/www.biblia.work\/sermones\/el-alcalde-de-valencia-por-amparo-tos-boix-2\/"},"modified":"2016-06-20T23:46:42","modified_gmt":"2016-06-21T04:46:42","slug":"el-alcalde-de-valencia-por-amparo-tos-boix-2","status":"publish","type":"post","link":"https:\/\/www.biblia.work\/sermones\/el-alcalde-de-valencia-por-amparo-tos-boix-2\/","title":{"rendered":"El alcalde de Valencia, por Amparo Tos Boix"},"content":{"rendered":"<p style=\"text-align: justify;\"><strong>El alcalde de Valencia, por Amparo Tos Boix<\/strong><\/p>\n<p style=\"text-align: justify;\"><strong>ALCALDE Y PARTE <\/strong>El Alcalde de Valencia, de COMPROM\u00cdS, no es Alcalde todos los valencianos. Una cosa, Sr. Rib\u00f3, es su criterio personal, y otra como Alcalde, respecto de su presencia a actos multitudinarios de car\u00e1cter religioso, como la celebraci\u00f3n de ayer a la Patrona de Valencia, la Virgen de los Desamparados, en cuyas celebraciones, por su decisi\u00f3n, no hubo representaci\u00f3n oficial del consistorio que preside.<\/p>\n<p style=\"text-align: justify;\">Sr. Rib\u00f3, no s\u00e9 de su partido, pero le advierto que entre la multitud que ayer piropeaba a la Virgen, hab\u00eda much\u00edsimos que votan socialismo. Vd. ver\u00e1\u2026<\/p>\n<p style=\"text-align: justify;\">Pese a la persistente lluvia, decenas de miles de personas, con la mayor concentraci\u00f3n de paraguas que se puede ver por estos lares, asistieron a la misa y traslado de la Virgen, as\u00ed como a la procesi\u00f3n vespertina.<\/p>\n<p style=\"text-align: right;\">\u00a0\u00a0\u00a0\u00a0\u00a0\u00a0\u00a0\u00a0\u00a0\u00a0\u00a0\u00a0\u00a0\u00a0\u00a0\u00a0\u00a0\u00a0\u00a0\u00a0\u00a0\u00a0\u00a0\u00a0\u00a0\u00a0\u00a0\u00a0\u00a0\u00a0\u00a0\u00a0\u00a0\u00a0\u00a0\u00a0\u00a0\u00a0\u00a0\u00a0\u00a0\u00a0\u00a0\u00a0\u00a0\u00a0\u00a0\u00a0\u00a0\u00a0\u00a0\u00a0\u00a0\u00a0\u00a0\u00a0\u00a0\u00a0\u00a0\u00a0\u00a0\u00a0\u00a0\u00a0\u00a0\u00a0\u00a0\u00a0\u00a0\u00a0\u00a0\u00a0\u00a0\u00a0\u00a0\u00a0\u00a0\u00a0\u00a0\u00a0\u00a0 Amparo Tos Boix, Valencia.<\/p>\n","protected":false},"excerpt":{"rendered":"<p>El alcalde de Valencia, por Amparo Tos Boix ALCALDE Y PARTE El Alcalde de Valencia, de COMPROM\u00cdS, no es Alcalde todos los valencianos. Una cosa, Sr. Rib\u00f3, es su criterio personal, y otra como Alcalde, respecto de su presencia a actos multitudinarios de car\u00e1cter religioso, como la celebraci\u00f3n de ayer a la Patrona de Valencia, &hellip; <a href=\"https:\/\/www.biblia.work\/sermones\/el-alcalde-de-valencia-por-amparo-tos-boix-2\/\" class=\"more-link\">Continuar leyendo<span class=\"screen-reader-text\"> \u00abEl alcalde de Valencia, por Amparo Tos Boix\u00bb<\/span><\/a><\/p>\n","protected":false},"author":1,"featured_media":0,"comment_status":"open","ping_status":"closed","sticky":false,"template":"","format":"standard","meta":{"footnotes":""},"categories":[1],"tags":[],"class_list":["post-34976","post","type-post","status-publish","format-standard","hentry","category-general"],"_links":{"self":[{"href":"https:\/\/www.biblia.work\/sermones\/wp-json\/wp\/v2\/posts\/34976","targetHints":{"allow":["GET"]}}],"collection":[{"href":"https:\/\/www.biblia.work\/sermones\/wp-json\/wp\/v2\/posts"}],"about":[{"href":"https:\/\/www.biblia.work\/sermones\/wp-json\/wp\/v2\/types\/post"}],"author":[{"embeddable":true,"href":"https:\/\/www.biblia.work\/sermones\/wp-json\/wp\/v2\/users\/1"}],"replies":[{"embeddable":true,"href":"https:\/\/www.biblia.work\/sermones\/wp-json\/wp\/v2\/comments?post=34976"}],"version-history":[{"count":0,"href":"https:\/\/www.biblia.work\/sermones\/wp-json\/wp\/v2\/posts\/34976\/revisions"}],"wp:attachment":[{"href":"https:\/\/www.biblia.work\/sermones\/wp-json\/wp\/v2\/media?parent=34976"}],"wp:term":[{"taxonomy":"category","embeddable":true,"href":"https:\/\/www.biblia.work\/sermones\/wp-json\/wp\/v2\/categories?post=34976"},{"taxonomy":"post_tag","embeddable":true,"href":"https:\/\/www.biblia.work\/sermones\/wp-json\/wp\/v2\/tags?post=34976"}],"curies":[{"name":"wp","href":"https:\/\/api.w.org\/{rel}","templated":true}]}}