{"id":34977,"date":"2016-06-20T23:46:49","date_gmt":"2016-06-21T04:46:49","guid":{"rendered":"http:\/\/www.biblia.work\/sermones\/fatima-cien-anos-despues-por-fidel-garcia-martinez\/"},"modified":"2016-06-20T23:46:49","modified_gmt":"2016-06-21T04:46:49","slug":"fatima-cien-anos-despues-por-fidel-garcia-martinez","status":"publish","type":"post","link":"https:\/\/www.biblia.work\/sermones\/fatima-cien-anos-despues-por-fidel-garcia-martinez\/","title":{"rendered":"F\u00e1tima cien a\u00f1os despu\u00e9s, por Fidel Garc\u00eda Mart\u00ednez"},"content":{"rendered":"<p style=\"text-align: justify;\" align=\"CENTER\"><strong>F\u00e1tima cien a\u00f1os despu\u00e9s, por Fidel Garc\u00eda Mart\u00ednez<\/strong><\/p>\n<p style=\"text-align: justify;\" align=\"JUSTIFY\">Se inicia el centenario de las apariciones de Nuestra Se\u00f1ora a tres humildes ni\u00f1os pastores, Luc\u00eda, Jacinta y Francisco testigos elegidos para ser destinatarios de un mensaje de Misericordia, Perd\u00f3n y Salvaci\u00f3n.<\/p>\n<p style=\"text-align: justify;\" align=\"JUSTIFY\">La realidad de las apariciones, al ser obra de la Providencia Divina y no fruto de las especulaciones ni estrategias humanas se ha impuesto y va camino de la celebraci\u00f3n del primer centenario 19017- a\u00f1o de la revoluci\u00f3n leninista- de las mismas. Desde el primer momento se percibi\u00f3 que lo de F\u00e1tima iba muy en serio, por eso las fuerzas m\u00e1s oscuras y reaccionarias intentaron por todo los medios destruir los mensajes que Nuestra Se\u00f1ora comunicaba a los tres ni\u00f1os pobres y analfabetos, pero piadosos. Se recurri\u00f3 a todas las estrategias para oscurecer el sol de F\u00e1tima. Violencia f\u00edsica y moral contra unos ni\u00f1os, a quienes se les someti\u00f3 a toda clase de presiones incluida la c\u00e1rcel para que mintieran y declarasen lo contrario de lo que les comunicaba la Virgen. La masoner\u00eda portuguesa tom\u00f3 armas en el asunto y trat\u00f3 con toda su maquinaria manipuladora de atacar a la Iglesia, como siempre hace, desatando una aut\u00e9ntica persecuci\u00f3n f\u00edsica e ideol\u00f3gica: incendiando capillas, propalando mentiras sobre el origen de las apariciones, aterrorizando e impidiendo a los cat\u00f3licos que acudieran a F\u00e1tima. Se trataba seg\u00fan los enemigos de F\u00e1tima de una manipulaci\u00f3n de la Iglesia, que se opon\u00eda as\u00ed a la Rep\u00fablica mas\u00f3nica implantado en Portugal en 1915. La verdad de F\u00e1tima se fue confirmando con dudas incluso entre el clero y la Jerarqu\u00eda Cat\u00f3lica, que en un primer momento miraron para otra parte, ante lo que pod\u00eda ser fruto de la fantas\u00eda de unos ni\u00f1os analfabetos y piadosos.<\/p>\n<p style=\"text-align: justify;\" align=\"JUSTIFY\">Nuestra Se\u00f1ora fue cumpliendo cada una de las entregas de su mensaje. Dos ni\u00f1os murieron en el tiempo que la Se\u00f1ora del Rosario les predijo, en plena ni\u00f1ez: hoy la Iglesia los ha declarado bienaventurados. Sor Luc\u00eda testigo hasta su muerte fue la receptora de todos los grandes mensajes de F\u00e1tima para trasmit\u00edrselos a los Papa. Todos desde San Juan XXIII, Pablo VI, y muy especialmente San Juan Pablo II, el Papa m\u00e1rtir de F\u00e1tima, hasta Benedicto XVI y el Papa Francisco ha reconocido que la Realidad de F\u00e1tima tal como la interpreta el magisterio digna de ser cre\u00edda, estimada y celebrada lit\u00fargicamente el 13 de Mayo. En torno a F\u00e1tima se han desatado teor\u00edas apocal\u00edpticas, relacionadas con el famoso Tercer Secreto que algunos desalmados han aprovechado para asustar y provocar entre personas cr\u00e9dulas, cuando la realidad es que la esencia del Mansaje es de Misericordia y Perd\u00f3n, con la necesaria conversi\u00f3n y arrepentimiento de los pecados personales, como le exige Jesucristo: convert\u00edos y creed en el Evangelio. En Gij\u00f3n y en Avil\u00e9s ha desarrollado un gran apostolado sobre F\u00e1tima, Antonio Colao Granda- fallecido hace unos meses- quien mantuvo con Sor Luc\u00eda una relaci\u00f3n estrecha y amistosa durante muchos a\u00f1os y a la que visitaba con toda su familia en el Convento de Carmelitas Descalzas de Coimbra. Antonio Colao Granda, ha escrito mucho y bien sobre sus vivencias de F\u00e1tima. Avil\u00e9s siempre ha celebrado en la iglesia de los Padres, como se la conoc\u00eda popularmente, la fiesta de F\u00e1tima, a la que acuden muchas mujeres de toda edad y condiciones a ofrecer sus ramos de flores a Nuestra Se\u00f1ora en su mes preferido: Mayo.<\/p>\n<p style=\"text-align: justify;\" align=\"JUSTIFY\">Fidel Garc\u00eda Mart\u00ednez<\/p>\n","protected":false},"excerpt":{"rendered":"<p>F\u00e1tima cien a\u00f1os despu\u00e9s, por Fidel Garc\u00eda Mart\u00ednez Se inicia el centenario de las apariciones de Nuestra Se\u00f1ora a tres humildes ni\u00f1os pastores, Luc\u00eda, Jacinta y Francisco testigos elegidos para ser destinatarios de un mensaje de Misericordia, Perd\u00f3n y Salvaci\u00f3n. La realidad de las apariciones, al ser obra de la Providencia Divina y no fruto &hellip; <a href=\"https:\/\/www.biblia.work\/sermones\/fatima-cien-anos-despues-por-fidel-garcia-martinez\/\" class=\"more-link\">Continuar leyendo<span class=\"screen-reader-text\"> \u00abF\u00e1tima cien a\u00f1os despu\u00e9s, por Fidel Garc\u00eda Mart\u00ednez\u00bb<\/span><\/a><\/p>\n","protected":false},"author":1,"featured_media":0,"comment_status":"open","ping_status":"closed","sticky":false,"template":"","format":"standard","meta":{"footnotes":""},"categories":[1],"tags":[],"class_list":["post-34977","post","type-post","status-publish","format-standard","hentry","category-general"],"_links":{"self":[{"href":"https:\/\/www.biblia.work\/sermones\/wp-json\/wp\/v2\/posts\/34977","targetHints":{"allow":["GET"]}}],"collection":[{"href":"https:\/\/www.biblia.work\/sermones\/wp-json\/wp\/v2\/posts"}],"about":[{"href":"https:\/\/www.biblia.work\/sermones\/wp-json\/wp\/v2\/types\/post"}],"author":[{"embeddable":true,"href":"https:\/\/www.biblia.work\/sermones\/wp-json\/wp\/v2\/users\/1"}],"replies":[{"embeddable":true,"href":"https:\/\/www.biblia.work\/sermones\/wp-json\/wp\/v2\/comments?post=34977"}],"version-history":[{"count":0,"href":"https:\/\/www.biblia.work\/sermones\/wp-json\/wp\/v2\/posts\/34977\/revisions"}],"wp:attachment":[{"href":"https:\/\/www.biblia.work\/sermones\/wp-json\/wp\/v2\/media?parent=34977"}],"wp:term":[{"taxonomy":"category","embeddable":true,"href":"https:\/\/www.biblia.work\/sermones\/wp-json\/wp\/v2\/categories?post=34977"},{"taxonomy":"post_tag","embeddable":true,"href":"https:\/\/www.biblia.work\/sermones\/wp-json\/wp\/v2\/tags?post=34977"}],"curies":[{"name":"wp","href":"https:\/\/api.w.org\/{rel}","templated":true}]}}