{"id":34980,"date":"2016-06-20T23:47:05","date_gmt":"2016-06-21T04:47:05","guid":{"rendered":"http:\/\/www.biblia.work\/sermones\/enterrar-a-los-muertos-obra-de-misericordia\/"},"modified":"2016-06-20T23:47:05","modified_gmt":"2016-06-21T04:47:05","slug":"enterrar-a-los-muertos-obra-de-misericordia","status":"publish","type":"post","link":"https:\/\/www.biblia.work\/sermones\/enterrar-a-los-muertos-obra-de-misericordia\/","title":{"rendered":"Enterrar a los muertos (Obra de misericordia)"},"content":{"rendered":"<p align=\"justify\"><em><strong>Enterrar a los muertos\u00a0(Obra de misericordia)<\/strong><\/em><\/p>\n<p align=\"justify\">Hace poco,\u00a0<strong>Mar\u00eda \u00c1ngeles<\/strong><strong>\u00a0<\/strong>se desped\u00eda de todos antes de partir para la vida eterna. Antes de ayer, los expertos le dec\u00edan a\u00a0<strong>Juan<\/strong><strong>\u00a0<\/strong>que, seg\u00fan el diagn\u00f3stico, deber\u00eda estar ya en el cielo, y \u00e9l nos dec\u00eda que aqu\u00ed segu\u00eda, \u00abrompiendo estad\u00edsticas\u00bb, luchando y agradecido por todo lo que ha vivido.\u00a0<strong>Felisa<\/strong>, con sus casi cien a\u00f1os,\u00a0 nos dice que ya est\u00e1 en la meta, \u00aba ver cu\u00e1ndo Dios le da el paso\u00bb. Historias con vida de estos tres hermanos, cercanos a nuestra parroquia.<\/p>\n<p align=\"justify\"><strong>Enterrar a los muertos<\/strong>\u00a0es una de las Obras de Misericordia que nos propone el Evangelio de Jes\u00fas. Todas las\u00a0 personas venimos a la existencia por la puerta de lo peque\u00f1o y lo diario a construir nuestra propia historia. Llegamos desde lo que somos \u2013mortales-, y la tarea no es otra que\u00a0<strong>saber vivir muriendo para morir viviendo<\/strong>. Cada d\u00eda en nuestras manos es como una flor del campo que por la ma\u00f1ana florece y por la tarde se seca y pide ser segada, para dejar lugar a la novedad de otro color ma\u00f1anero, tambi\u00e9n pasajero en la flor de un d\u00eda nuevo para ser acabado. Vivir y morir es nuestra realidad y saber hacerlo es nuestra identidad. Cada d\u00eda decidimos lo que vamos a hacer y c\u00f3mo lo vamos a vivir, morir, entregar, agotar, consumar\u2026<\/p>\n<p align=\"justify\">Esta tensi\u00f3n vital requiere una atenci\u00f3n fuerte cuando nos llega la presencia anunciada de un agotamiento vital, en la enfermedad, en el accidente, en la vejez\u2026 Tanto para el que tiene que protagonizar su camino hacia la muerte, como para aquellos que, amando al que muere, tienen que elaborar su duelo y su p\u00e9rdida. Vivir unidos ese proceso es un reto de vida cristiana, de<strong>compartir almado<\/strong>, de\u00a0<strong>compasi\u00f3n<\/strong>\u00a0y de\u00a0<strong>misericordia mutua<\/strong>. A la vez que es una llamada a la comunidad cristiana.<\/p>\n<p align=\"justify\">Todos tenemos que vivir este proceso en nuestra persona y a todos nos toca, de un modo u otro, acompa\u00f1ar a seres queridos y cercanos en esta<strong>vivencia del morir<\/strong>. Abramos el coraz\u00f3n a esta obra de misericordia.<\/p>\n<p align=\"justify\">En el evangelio, Jes\u00fas de Nazaret nos habla de un modo de vivir y de morir nuevos:<em>\u00abEl que cree en m\u00ed, aunque est\u00e9 muerto, vivir\u00e1.Y todo aquel que vive y cree en m\u00ed, no morir\u00e1 eternamente\u00bb<\/em>Juan 11, 25-26<\/p>\n<p align=\"justify\"><strong>Acompa\u00f1ar y amar<\/strong><\/p>\n<p align=\"justify\"><strong>\u00a0<\/strong>Tenemos ejemplos vivos y recientes de nuestras comunidades y familias que nos hablan de saber morir, de saber acompa\u00f1ar y amar en el proceso de esta vivencia tan radical de ser y de la existencia. Es\u00a0<strong>un momento \u00fanico de ultimidad y de profundidad para unos y para otros<\/strong>, y lo fundamental no puede ser otra medicina que la\u00a0<strong>compasi\u00f3n y la misericordia<\/strong>.\u00a0 Entrar en la pasi\u00f3n, para que nadie quede solo en el dolor, abrazar en el miedo, consolar en la tristeza, agradecer en la alabanza, gestionar y colaborar en la despedida, favorecer la reconciliaci\u00f3n, rodear de ternura y de paz todos los momentos. Despu\u00e9s, vendr\u00e1 el duelo de la ruptura y la p\u00e9rdida, y ah\u00ed la comunidad ha de estar unida y centrada para los que quedan rotos y heridos en el dolor de la separaci\u00f3n. Enterrar no es algo puramente f\u00edsico, es todo un proceso de vivencia de la p\u00e9rdida y su duelo. Todos necesitamos elaborar nuestros duelos y vivirlos acompa\u00f1ados.<\/p>\n<p align=\"justify\"><strong>\u00bfQu\u00e9 podemos hacer?<\/strong><\/p>\n<p align=\"justify\">No ocultar la debilidad y la muerte de nuestras vidas, no expulsarlas de la sociedad, ayudarnos a tomar conciencia de nuestro<strong>\u00a0<\/strong><strong>ser mortales y<\/strong><strong>\u00a0<\/strong>de<strong>\u00a0<\/strong><strong>vivir en la contemplaci\u00f3n<\/strong>\u00a0de lo que realmente somos y del valor de la vida diaria.<\/p>\n<p align=\"justify\">Acompa\u00f1ar a los que sabemos que viven situaciones y procesos de ultimidad, ya sea por enfermedad grave o por ancianidad.<\/p>\n<p align=\"justify\">Colaborar y agradecer el servicio de\u00a0<strong>cuidados paliativos<\/strong>\u00a0en la atenci\u00f3n a los enfermos.<\/p>\n<p align=\"justify\"><strong>Valorar, animar y favorecer asociaciones<\/strong>\u00a0como \u201cPor ellos\u201d, padres que se unen para vivir el duelo de los hijos que murieron.<\/p>\n<p align=\"justify\">Colaborar con el\u00a0<strong>Centro de Escucha<\/strong>\u00a0\u201cSan Camilo-Guadalupe\u201d , y otros,\u00a0 que entre sus funciones tiene ayudar a elaborar los duelos en la p\u00e9rdida de seres queridos.<\/p>\n<p align=\"justify\"><strong>Estar cercanos<\/strong>\u00a0a los que viven p\u00e9rdidas fuertes en sus familias.<\/p>\n<p align=\"justify\"><strong>\u00bfEstamos dispuestos?<\/strong><\/p>\n<p align=\"justify\">Y los creyentes tambi\u00e9n podemos orar.<\/p>\n<p align=\"justify\">&nbsp;<\/p>\n<p align=\"justify\">Por Jos\u00e9 Moreno Losada<\/p>\n","protected":false},"excerpt":{"rendered":"<p>Enterrar a los muertos\u00a0(Obra de misericordia) Hace poco,\u00a0Mar\u00eda \u00c1ngeles\u00a0se desped\u00eda de todos antes de partir para la vida eterna. Antes de ayer, los expertos le dec\u00edan a\u00a0Juan\u00a0que, seg\u00fan el diagn\u00f3stico, deber\u00eda estar ya en el cielo, y \u00e9l nos dec\u00eda que aqu\u00ed segu\u00eda, \u00abrompiendo estad\u00edsticas\u00bb, luchando y agradecido por todo lo que ha vivido.\u00a0Felisa, con &hellip; <a href=\"https:\/\/www.biblia.work\/sermones\/enterrar-a-los-muertos-obra-de-misericordia\/\" class=\"more-link\">Continuar leyendo<span class=\"screen-reader-text\"> \u00abEnterrar a los muertos (Obra de misericordia)\u00bb<\/span><\/a><\/p>\n","protected":false},"author":1,"featured_media":0,"comment_status":"open","ping_status":"closed","sticky":false,"template":"","format":"standard","meta":{"footnotes":""},"categories":[1],"tags":[],"class_list":["post-34980","post","type-post","status-publish","format-standard","hentry","category-general"],"_links":{"self":[{"href":"https:\/\/www.biblia.work\/sermones\/wp-json\/wp\/v2\/posts\/34980","targetHints":{"allow":["GET"]}}],"collection":[{"href":"https:\/\/www.biblia.work\/sermones\/wp-json\/wp\/v2\/posts"}],"about":[{"href":"https:\/\/www.biblia.work\/sermones\/wp-json\/wp\/v2\/types\/post"}],"author":[{"embeddable":true,"href":"https:\/\/www.biblia.work\/sermones\/wp-json\/wp\/v2\/users\/1"}],"replies":[{"embeddable":true,"href":"https:\/\/www.biblia.work\/sermones\/wp-json\/wp\/v2\/comments?post=34980"}],"version-history":[{"count":0,"href":"https:\/\/www.biblia.work\/sermones\/wp-json\/wp\/v2\/posts\/34980\/revisions"}],"wp:attachment":[{"href":"https:\/\/www.biblia.work\/sermones\/wp-json\/wp\/v2\/media?parent=34980"}],"wp:term":[{"taxonomy":"category","embeddable":true,"href":"https:\/\/www.biblia.work\/sermones\/wp-json\/wp\/v2\/categories?post=34980"},{"taxonomy":"post_tag","embeddable":true,"href":"https:\/\/www.biblia.work\/sermones\/wp-json\/wp\/v2\/tags?post=34980"}],"curies":[{"name":"wp","href":"https:\/\/api.w.org\/{rel}","templated":true}]}}