{"id":34982,"date":"2016-06-20T23:47:13","date_gmt":"2016-06-21T04:47:13","guid":{"rendered":"http:\/\/www.biblia.work\/sermones\/refugiados-sin-refugio-por-severino-calderon-martinez\/"},"modified":"2016-06-20T23:47:13","modified_gmt":"2016-06-21T04:47:13","slug":"refugiados-sin-refugio-por-severino-calderon-martinez","status":"publish","type":"post","link":"https:\/\/www.biblia.work\/sermones\/refugiados-sin-refugio-por-severino-calderon-martinez\/","title":{"rendered":"Refugiados sin refugio, por Severino Calder\u00f3n Mart\u00ednez"},"content":{"rendered":"<p style=\"text-align: justify;\"><strong>Refugiados sin refugio, por Severino Calder\u00f3n Mart\u00ednez<br \/>\n<\/strong><\/p>\n<p style=\"text-align: justify;\">\u00a0\u00a0\u00a0\u00a0\u00a0\u00a0\u00a0\u00a0\u00a0\u00a0\u00a0 La XXXI SEMANA DE FRANCISCANOS POR LA PAZ (9-14 mayo de 2016) lleva por lema el titulo de este art\u00edculo &#8220;<strong>REFUGIADOS SIN REFUGIO&#8221;<\/strong>. Son muchos los emigrantes en busca de libertad, de pan y de dignidad, as\u00ed como necesitados de pan y vestido, educaci\u00f3n y derechos.<\/p>\n<p style=\"text-align: justify;\">\u00a0\u00a0\u00a0\u00a0\u00a0\u00a0\u00a0\u00a0\u00a0\u00a0\u00a0 Es verdad que muchas personas de buena voluntad han sabido mantener abierto el coraz\u00f3n y las puertas para compartir con aquellos que carec\u00edan de todo, manifestando as\u00ed una fraterna cercan\u00eda.<\/p>\n<p style=\"text-align: justify;\">\u00a0\u00a0\u00a0\u00a0\u00a0\u00a0\u00a0\u00a0\u00a0\u00a0\u00a0 Ante esta situaci\u00f3n tan dram\u00e1tica para Europa y para toda la humanidad, es preciso que surja el grito de denuncia a los gobiernos, al tener tantos refugiados sin refugio, que est\u00e1n viviendo situaciones cr\u00edticas, a veces desesperadas, por las necesidades de todo tipo, que padecen la incertidumbre del futuro por todas partes, porque viven en el agobio del presente.<\/p>\n<p style=\"text-align: justify;\">\u00a0\u00a0\u00a0\u00a0\u00a0\u00a0\u00a0\u00a0\u00a0\u00a0\u00a0 Como \u201csu nombre es nadie\u201d hemos olvidado que antes que n\u00fameros son personas, con nombres y apellidos, con familias, historias y situaciones particulares que claman al cielo. Muchos son personas mayores y ni\u00f1os, que no han podido llegar a un lugar de acogida y acoplo digno, porque han perdido sus vidas en el mar, v\u00edctimas de un viaje sin retorno y sometidos a las vejaciones de verdugos vergonzosos.<\/p>\n<p style=\"text-align: justify;\">\u00a0\u00a0\u00a0\u00a0\u00a0\u00a0\u00a0\u00a0\u00a0\u00a0\u00a0 Y este permanente rumor sigue latiendo en el coraz\u00f3n de una humanidad, que sabe reconocer el rostro de cada uno, que quiere construir puentes y rechazar la ilusi\u00f3n de \u201clevantar muros\u201d y barreras, que crean divisi\u00f3n, en vez de ayudar al verdadero progreso de los pueblos, y las divisiones que, antes o despu\u00e9s, provocan enfrentamientos.<\/p>\n<p style=\"text-align: justify;\">\u00a0\u00a0\u00a0\u00a0\u00a0\u00a0\u00a0\u00a0\u00a0\u00a0\u00a0 Los Franciscanos, con el Grupo de San Francisco de Granada, con la adhesi\u00f3n de confer-granada, queremos esforzarnos en la eliminaci\u00f3n de las causas de esta dram\u00e1tica realidad. Queremos ser voz de los sin voz y construir la paz all\u00ed donde haya guerra, siguiendo el estilo de vida de Francisco de As\u00eds y del papa Francisco. Somos conscientes que tenemos que impedir que este c\u00e1ncer se propague por otras partes. Para ello nos oponemos firmemente a la proliferaci\u00f3n y al tr\u00e1fico de armas, y a sus tramas, a menudo ocultas; hay que dejar sin apoyos a todos los que conciben proyectos de violencia.<\/p>\n<p style=\"text-align: justify;\">\u00a0\u00a0\u00a0\u00a0\u00a0\u00a0\u00a0\u00a0\u00a0\u00a0\u00a0 Una semana para reflexionar, orar, celebrar y\u2026 vivir un proyecto de colaboraci\u00f3n para buscar juntos soluciones dignas del hombre a la compleja cuesti\u00f3n de los refugiados. Es clave la aportaci\u00f3n de todos, desde todas las instituciones civiles y religiosas, como una voluntad com\u00fan de seguir cooperando para que este desaf\u00edo crucial se convierta en una ocasi\u00f3n, no de confrontaci\u00f3n, sino de crecimiento de la civilizaci\u00f3n del amor.<\/p>\n<p style=\"text-align: justify;\">\u00a0\u00a0\u00a0\u00a0\u00a0\u00a0\u00a0\u00a0\u00a0\u00a0\u00a0 Ante estas tragedias, los que vivimos en el Esp\u00edritu de As\u00eds, creemos que Dios no es indiferente, no est\u00e1 lejos. Es el Padre nuestro, de todos, que nos sostiene en la construcci\u00f3n del bien y en el rechazo del mal. No s\u00f3lo nos apoya en Jes\u00fas de Nazaret, nos ha indicado el camino de la paz. S\u00f3lo el que sirve con amor construye la paz. Queremos proteger a las personas y sus tradiciones y tierras, para que nada se destruya, sino que protegi\u00e9ndonos los unos a los otros, nada se destruya, sino que superemos la cruda indiferenciada los \u201cdon nadie\u201d y pongamos rostros y nombre a esta realidad tan dura. Queremos ser custodios de los hambrientos y forasteros, refugiados y peregrinos (cf. Mt 25,35).<\/p>\n<p style=\"text-align: justify;\">\u00a0\u00a0\u00a0\u00a0\u00a0\u00a0\u00a0\u00a0\u00a0\u00a0\u00a0 Poniendo paz y abrazo, pan y acogida. Ofrecemos un testimonio de fraternidad y solidaridad juntas, con todas las acciones, que a modo de red, sumemos esfuerzos para que los refugiados tengan refugio y se les abran las puertas de la libertad donde se les reconozca por su nombre y con su identidad propia.<\/p>\n<p style=\"text-align: justify;\">\u00a0\u00a0\u00a0\u00a0\u00a0\u00a0\u00a0\u00a0\u00a0\u00a0\u00a0\u00a0\u00a0\u00a0\u00a0\u00a0\u00a0\u00a0\u00a0\u00a0\u00a0\u00a0\u00a0\u00a0\u00a0\u00a0\u00a0\u00a0\u00a0\u00a0\u00a0\u00a0\u00a0\u00a0 Severino Calder\u00f3n Mart\u00ednez, ofm<\/p>\n","protected":false},"excerpt":{"rendered":"<p>Refugiados sin refugio, por Severino Calder\u00f3n Mart\u00ednez \u00a0\u00a0\u00a0\u00a0\u00a0\u00a0\u00a0\u00a0\u00a0\u00a0\u00a0 La XXXI SEMANA DE FRANCISCANOS POR LA PAZ (9-14 mayo de 2016) lleva por lema el titulo de este art\u00edculo &#8220;REFUGIADOS SIN REFUGIO&#8221;. Son muchos los emigrantes en busca de libertad, de pan y de dignidad, as\u00ed como necesitados de pan y vestido, educaci\u00f3n y derechos. \u00a0\u00a0\u00a0\u00a0\u00a0\u00a0\u00a0\u00a0\u00a0\u00a0\u00a0 &hellip; <a href=\"https:\/\/www.biblia.work\/sermones\/refugiados-sin-refugio-por-severino-calderon-martinez\/\" class=\"more-link\">Continuar leyendo<span class=\"screen-reader-text\"> \u00abRefugiados sin refugio, por Severino Calder\u00f3n Mart\u00ednez\u00bb<\/span><\/a><\/p>\n","protected":false},"author":1,"featured_media":0,"comment_status":"open","ping_status":"closed","sticky":false,"template":"","format":"standard","meta":{"footnotes":""},"categories":[1],"tags":[],"class_list":["post-34982","post","type-post","status-publish","format-standard","hentry","category-general"],"_links":{"self":[{"href":"https:\/\/www.biblia.work\/sermones\/wp-json\/wp\/v2\/posts\/34982","targetHints":{"allow":["GET"]}}],"collection":[{"href":"https:\/\/www.biblia.work\/sermones\/wp-json\/wp\/v2\/posts"}],"about":[{"href":"https:\/\/www.biblia.work\/sermones\/wp-json\/wp\/v2\/types\/post"}],"author":[{"embeddable":true,"href":"https:\/\/www.biblia.work\/sermones\/wp-json\/wp\/v2\/users\/1"}],"replies":[{"embeddable":true,"href":"https:\/\/www.biblia.work\/sermones\/wp-json\/wp\/v2\/comments?post=34982"}],"version-history":[{"count":0,"href":"https:\/\/www.biblia.work\/sermones\/wp-json\/wp\/v2\/posts\/34982\/revisions"}],"wp:attachment":[{"href":"https:\/\/www.biblia.work\/sermones\/wp-json\/wp\/v2\/media?parent=34982"}],"wp:term":[{"taxonomy":"category","embeddable":true,"href":"https:\/\/www.biblia.work\/sermones\/wp-json\/wp\/v2\/categories?post=34982"},{"taxonomy":"post_tag","embeddable":true,"href":"https:\/\/www.biblia.work\/sermones\/wp-json\/wp\/v2\/tags?post=34982"}],"curies":[{"name":"wp","href":"https:\/\/api.w.org\/{rel}","templated":true}]}}