{"id":34983,"date":"2016-06-20T23:47:17","date_gmt":"2016-06-21T04:47:17","guid":{"rendered":"http:\/\/www.biblia.work\/sermones\/el-cardenal-muller-en-espana-por-jose-luis-restan\/"},"modified":"2016-06-20T23:47:17","modified_gmt":"2016-06-21T04:47:17","slug":"el-cardenal-muller-en-espana-por-jose-luis-restan","status":"publish","type":"post","link":"https:\/\/www.biblia.work\/sermones\/el-cardenal-muller-en-espana-por-jose-luis-restan\/","title":{"rendered":"El cardenal M\u00fcller en Espa\u00f1a, por Jos\u00e9 Luis Rest\u00e1n"},"content":{"rendered":"<p class=\"heditor_first\">El cardenal M\u00fcller en Espa\u00f1a, por Jos\u00e9 Luis Rest\u00e1n, director editorial de la Cadena Cope, en P\u00e1ginas Digital del 5\/5\/2016<\/p>\n<p class=\"heditor_first\">El cardenal Gerhard M\u00fcller, prefecto de la Doctrina de la Fe, ha recorrido varias ciudades espa\u00f1olas para presentar el libro-entrevista \u201cInforme sobre la esperanza\u201d, fruto de un amplio di\u00e1logo con el director de la BAC, Carlos Granados. M\u00fcller es una de las voces m\u00e1s significativas de la Iglesia, por su ministerio y por su propio empaque teol\u00f3gico.<\/p>\n<p>Eso explica la gran expectaci\u00f3n que ha despertado su periplo por Espa\u00f1a, que va m\u00e1s all\u00e1 del contenido del libro. Se esperaban sus opiniones sobre varios temas de candente actualidad, sobre todo una vez que se han difundido diversas caricaturas, m\u00e1s finas o m\u00e1s groseras, que le presentan como antagonista del Papa Francisco, e incluso como cabeza de una conspiraci\u00f3n de purpurados involucionistas. La fantas\u00eda da para mucho.Conviene refrescar algunos rasgos de este alem\u00e1n fornido, que creci\u00f3 en una familia de obreros industriales del Palatinado. Cuando Benedicto XVI le llam\u00f3 a Roma, para presidir la Congregaci\u00f3n para la Doctrina de la Fe, no faltaron voces de sospecha que le calificaban de filo-protestante o filo-progresista. Por deformar que no quede. Ahora, sin embargo, otros le sit\u00faan al frente de la caverna. Desde luego M\u00fcller no ha sido nunca un involucionista, prueba de ello es esta afirmaci\u00f3n en su primera entrevista como prefecto, concedida a L\u2019Osservatore Romano: \u201cen Jes\u00fas Dios ha dicho y dado todo, pero dado que \u00c9l es un tesoro inagotable, el Esp\u00edritu Santo jam\u00e1s termina de revelar y de actualizar su misterio\u2026 por ello la obra de Cristo y de la Iglesia no retrocede nunca, sino que siempre progresa\u201d. Adem\u00e1s, en el pensamiento y la sensibilidad de M\u00fcller siempre ha estado muy presente la dimensi\u00f3n social de la fe cristiana, que le ha llevado a un intenso di\u00e1logo cr\u00edtico con las diversas expresiones de la Teolog\u00eda de la Liberaci\u00f3n. Completemos el cuadro diciendo que estamos ante un hombre que no elude la batalla y no tiene pelos en la lengua. Lo demostr\u00f3 mientras fue obispo de Ratisbona, y lo ha demostrado en los casi cuatro a\u00f1os que lleva como prefecto.<\/p>\n<p align=\"justify\">El Papa Francisco ha mantenido a M\u00fcller en su puesto durante estos tres a\u00f1os. No estaba obligado a hacerlo, tampoco sabemos qu\u00e9 suceder\u00e1 en el futuro. Es verdad que, por ejemplo, Francisco ha llamado a otro cardenal-te\u00f3logo como Sch\u00f6nborn para presentar su Exhortaci\u00f3n sobre la familia, \u201cAmoris Laetitia\u201d. No es nada extra\u00f1o. En todo caso es evidente que al Papa le gusta jugar con diversos palos de la baraja. Tambi\u00e9n sabemos que Francisco detesta el ambiente cortesano y prefiere a su lado hombres leales y francos, aunque no siempre le den la raz\u00f3n. As\u00ed lo ha explicado en numerosas ocasiones. Puedo imaginarme a M\u00fcller protagonizando un choque de trenes, pero no participando en conspiraciones palaciegas. Lo que tiene que decir (tenga raz\u00f3n o se equivoque) lo dice siempre claro y de frente. As\u00ed lo hizo durante los debates sinodales, en los que tambi\u00e9n supo alcanzar f\u00f3rmulas compartidas con otros colegas como Marx, Kasper o el mencionado Sch\u00f6nborn. Creo sinceramente que Francisco estima este modo de proceder, y desea contar con colaboradores que no practican el halago sino que viven el celo por la verdad y el amor, juntos e inseparables.<\/p>\n<p class=\"heditor_first\">En Valencia, Oviedo y Madrid, M\u00fcller ha desarrollado su pensamiento y se ha sometido sin filtros a las preguntas de los periodistas. Se ve que lo suyo no es la iron\u00eda, pero ha tirado de ella para responder a la supuesta enemistad con Francisco que algunos le adjudican. \u201cEl Papa ha le\u00eddo mi libro y le ha gustado mucho\u201d, ha respondido, para a\u00f1adir que Francisco es un verdadero don del Esp\u00edritu para la Iglesia en este momento hist\u00f3rico. Y ha pedido que nadie contraponga de manera retorcida a los \u00faltimos papas, y que no caigamos en la tentaci\u00f3n (siempre latente) de ideologizar la fe: \u201cno somos bautizados en una ideolog\u00eda conservadora o progresista, somos bautizados en la Iglesia\u201d. La tesis central de su libro es que la esperanza cristiana es la \u00fanica que puede conferir la seguridad que tanto anhela el hombre de nuestro tiempo. Por eso la Iglesia tiene que volcarse en evangelizar. El desaf\u00edo de una sociedad plural, tantas veces alejada de la Iglesia, no puede conducirla a rebajar o edulcorar el mensaje de salvaci\u00f3n en aras de una visi\u00f3n presuntamente compasiva, ya que la misericordia va intr\u00ednsecamente unida a la llamada a la conversi\u00f3n.<\/p>\n<p align=\"justify\">M\u00fcller subraya que la Iglesia es madre y maestra, y en esa permanente tensi\u00f3n debe desenvolver su misi\u00f3n: debe conjugar la firmeza en el anuncio de los contenidos de la fe y sus consecuencias morales, con la cercan\u00eda pastoral y la ternura en el arduo camino de la existencia cotidiana, especialmente con aquellas personas que viven situaciones de grave dificultad. Personas a las que la Iglesia debe acoger, integrar, y ofrecer sin descanso la misericordia de Dios. Y como tantas veces ha subrayado el propio Francisco, su prefecto de la fe nos ha recordado que el centro de la vida eclesial no es la reforma de la curia o de las finanzas vaticanas, sino la conversi\u00f3n a Cristo y su comunicaci\u00f3n al mundo.<\/p>\n","protected":false},"excerpt":{"rendered":"<p>El cardenal M\u00fcller en Espa\u00f1a, por Jos\u00e9 Luis Rest\u00e1n, director editorial de la Cadena Cope, en P\u00e1ginas Digital del 5\/5\/2016 El cardenal Gerhard M\u00fcller, prefecto de la Doctrina de la Fe, ha recorrido varias ciudades espa\u00f1olas para presentar el libro-entrevista \u201cInforme sobre la esperanza\u201d, fruto de un amplio di\u00e1logo con el director de la BAC, &hellip; <a href=\"https:\/\/www.biblia.work\/sermones\/el-cardenal-muller-en-espana-por-jose-luis-restan\/\" class=\"more-link\">Continuar leyendo<span class=\"screen-reader-text\"> \u00abEl cardenal M\u00fcller en Espa\u00f1a, por Jos\u00e9 Luis Rest\u00e1n\u00bb<\/span><\/a><\/p>\n","protected":false},"author":1,"featured_media":0,"comment_status":"open","ping_status":"closed","sticky":false,"template":"","format":"standard","meta":{"footnotes":""},"categories":[1],"tags":[],"class_list":["post-34983","post","type-post","status-publish","format-standard","hentry","category-general"],"_links":{"self":[{"href":"https:\/\/www.biblia.work\/sermones\/wp-json\/wp\/v2\/posts\/34983","targetHints":{"allow":["GET"]}}],"collection":[{"href":"https:\/\/www.biblia.work\/sermones\/wp-json\/wp\/v2\/posts"}],"about":[{"href":"https:\/\/www.biblia.work\/sermones\/wp-json\/wp\/v2\/types\/post"}],"author":[{"embeddable":true,"href":"https:\/\/www.biblia.work\/sermones\/wp-json\/wp\/v2\/users\/1"}],"replies":[{"embeddable":true,"href":"https:\/\/www.biblia.work\/sermones\/wp-json\/wp\/v2\/comments?post=34983"}],"version-history":[{"count":0,"href":"https:\/\/www.biblia.work\/sermones\/wp-json\/wp\/v2\/posts\/34983\/revisions"}],"wp:attachment":[{"href":"https:\/\/www.biblia.work\/sermones\/wp-json\/wp\/v2\/media?parent=34983"}],"wp:term":[{"taxonomy":"category","embeddable":true,"href":"https:\/\/www.biblia.work\/sermones\/wp-json\/wp\/v2\/categories?post=34983"},{"taxonomy":"post_tag","embeddable":true,"href":"https:\/\/www.biblia.work\/sermones\/wp-json\/wp\/v2\/tags?post=34983"}],"curies":[{"name":"wp","href":"https:\/\/api.w.org\/{rel}","templated":true}]}}