{"id":34995,"date":"2016-06-20T23:48:19","date_gmt":"2016-06-21T04:48:19","guid":{"rendered":"http:\/\/www.biblia.work\/sermones\/ante-el-dia-del-trabajo-por-jose-roman-flecha-andres-en-diario-de-leon-30-4-2016\/"},"modified":"2016-06-20T23:48:19","modified_gmt":"2016-06-21T04:48:19","slug":"ante-el-dia-del-trabajo-por-jose-roman-flecha-andres-en-diario-de-leon-30-4-2016","status":"publish","type":"post","link":"https:\/\/www.biblia.work\/sermones\/ante-el-dia-del-trabajo-por-jose-roman-flecha-andres-en-diario-de-leon-30-4-2016\/","title":{"rendered":"Ante el D\u00eda del Trabajo, por Jos\u00e9-Rom\u00e1n Flecha Andr\u00e9s, en Diario de Le\u00f3n (30-4-2016)"},"content":{"rendered":"<p style=\"text-align: justify;\"><strong>Ante el D\u00eda del Trabajo, por Jos\u00e9-Rom\u00e1n Flecha Andr\u00e9s, en Diario de Le\u00f3n (30-4-2016)<\/strong><\/p>\n<p style=\"text-align: justify;\">\u201cPor el trabajo el hombre se une a sus hermanos y les presta un servicio, puede practicar la verdadera caridad y cooperar al perfeccionamiento de la creaci\u00f3n divina\u201d. Con motivo de la celebraci\u00f3n de la fiesta del trabajo, es importante recordar estas afirmaciones del Concilio Vaticano II.<\/p>\n<p style=\"text-align: justify;\">En el mismo contexto, se subraya el deber de la sociedad de ayudar a los ciudadanos (\u2026) para que puedan encontrar la oportunidad de un trabajo suficiente (GS 67). Como sabemos, la constituci\u00f3n conciliar sobre la Iglesia en el mundo de hoy fue aprobada el d\u00eda 7 de diciembre de 1965.<\/p>\n<p style=\"text-align: justify;\">Pues bien, exactamente cuatro meses despu\u00e9s el papa <strong>Pablo VI dirig\u00eda una carta a la XXV Semana Social Espa\u00f1ola<\/strong>. En ella se inclu\u00eda un p\u00e1rrafo que parece no haber perdido actualidad: \u201cLa pol\u00edtica de rentas ha de ser estudiada en estrecha dependencia de la renta nacional, y ha de ser siempre orientada a satisfacer las justas aspiraciones de las categor\u00edas sociales m\u00e1s necesitadas, de modo particular de aquellas que con su aportaci\u00f3n de trabajo, contribuyen a la expansi\u00f3n econ\u00f3mica, de tal modo que la estructura social del pa\u00eds, siguiendo las proporciones de la estructura econ\u00f3mica, pueda estar cada vez m\u00e1s al servicio del perfeccionamiento de la persona humana\u201d.<\/p>\n<p style=\"text-align: justify;\">Eran tiempos de expansi\u00f3n econ\u00f3mica, mientras que ahora vivimos en tiempos de crisis. Es cierto. Pero el primer principio sigue siendo v\u00e1lido. Ante el ambiente de corrupci\u00f3n o de fuga de capitales hay que plantearse la necesidad moral de atender a las clases sociales m\u00e1s necesitadas.<\/p>\n<p style=\"text-align: justify;\">El segundo principio parece m\u00e1s abstracto, pero es el fundamento de la eticidad de la actividad econ\u00f3mica y de la profesi\u00f3n pol\u00edtica. Es preciso orientar todas las fuerzas y compromisos, todos los proyectos y todos los intereses al logro del perfeccionamiento de la persona humana.<\/p>\n<p style=\"text-align: justify;\">Dos meses m\u00e1s tarde se cumpl\u00edan setenta y cinco a\u00f1os de la publicaci\u00f3n de la enc\u00edclica \u201cRerum novarum\u201d, del papa Le\u00f3n XIII.<\/p>\n<p style=\"text-align: justify;\">Con ese motivo, Pablo VI recordaba a los trabajadores que \u201cla Iglesia ha hablado de las relaciones entre capital y trabajo, se ha pronunciado sobre el contrato de trabajo, el salario, la asistencia, el derecho familiar, la propiedad privada, el ahorro y sobre numerosas cuestiones pr\u00e1cticas relacionadas con las honestas y leg\u00edtimas necesidades de la vida\u201d.<\/p>\n<p style=\"text-align: justify;\">Las orientaciones de la doctrina social de la Iglesia sobre estos temas son casi siempre ignoradas y con frecuencia despreciadas. No se trata aqu\u00ed de esbozar ni un lamento ni una cr\u00edtica.<\/p>\n<p style=\"text-align: justify;\">Por todas partes vemos las consecuencias del olvido de la moralidad. A los cincuenta a\u00f1os de aquellas declaraciones de Pablo VI debemos preguntarnos si la norma \u00e9tica no ser\u00e1 necesaria para reorientar las inversiones y las actividades econ\u00f3micas, as\u00ed como las orientaciones pol\u00edticas.<\/p>\n<p style=\"text-align: justify;\">Jos\u00e9-Rom\u00e1n Flecha Andr\u00e9s<\/p>\n","protected":false},"excerpt":{"rendered":"<p>Ante el D\u00eda del Trabajo, por Jos\u00e9-Rom\u00e1n Flecha Andr\u00e9s, en Diario de Le\u00f3n (30-4-2016) \u201cPor el trabajo el hombre se une a sus hermanos y les presta un servicio, puede practicar la verdadera caridad y cooperar al perfeccionamiento de la creaci\u00f3n divina\u201d. Con motivo de la celebraci\u00f3n de la fiesta del trabajo, es importante recordar &hellip; <a href=\"https:\/\/www.biblia.work\/sermones\/ante-el-dia-del-trabajo-por-jose-roman-flecha-andres-en-diario-de-leon-30-4-2016\/\" class=\"more-link\">Continuar leyendo<span class=\"screen-reader-text\"> \u00abAnte el D\u00eda del Trabajo, por Jos\u00e9-Rom\u00e1n Flecha Andr\u00e9s, en Diario de Le\u00f3n (30-4-2016)\u00bb<\/span><\/a><\/p>\n","protected":false},"author":1,"featured_media":0,"comment_status":"open","ping_status":"closed","sticky":false,"template":"","format":"standard","meta":{"footnotes":""},"categories":[1],"tags":[],"class_list":["post-34995","post","type-post","status-publish","format-standard","hentry","category-general"],"_links":{"self":[{"href":"https:\/\/www.biblia.work\/sermones\/wp-json\/wp\/v2\/posts\/34995","targetHints":{"allow":["GET"]}}],"collection":[{"href":"https:\/\/www.biblia.work\/sermones\/wp-json\/wp\/v2\/posts"}],"about":[{"href":"https:\/\/www.biblia.work\/sermones\/wp-json\/wp\/v2\/types\/post"}],"author":[{"embeddable":true,"href":"https:\/\/www.biblia.work\/sermones\/wp-json\/wp\/v2\/users\/1"}],"replies":[{"embeddable":true,"href":"https:\/\/www.biblia.work\/sermones\/wp-json\/wp\/v2\/comments?post=34995"}],"version-history":[{"count":0,"href":"https:\/\/www.biblia.work\/sermones\/wp-json\/wp\/v2\/posts\/34995\/revisions"}],"wp:attachment":[{"href":"https:\/\/www.biblia.work\/sermones\/wp-json\/wp\/v2\/media?parent=34995"}],"wp:term":[{"taxonomy":"category","embeddable":true,"href":"https:\/\/www.biblia.work\/sermones\/wp-json\/wp\/v2\/categories?post=34995"},{"taxonomy":"post_tag","embeddable":true,"href":"https:\/\/www.biblia.work\/sermones\/wp-json\/wp\/v2\/tags?post=34995"}],"curies":[{"name":"wp","href":"https:\/\/api.w.org\/{rel}","templated":true}]}}