{"id":34996,"date":"2016-06-20T23:48:23","date_gmt":"2016-06-21T04:48:23","guid":{"rendered":"http:\/\/www.biblia.work\/sermones\/porque-detras-de-cada-x-hay-una-historia-y-porque-son-tantas-las-razones-para-marcar-la-x-editorial-ecclesia\/"},"modified":"2016-06-20T23:48:23","modified_gmt":"2016-06-21T04:48:23","slug":"porque-detras-de-cada-x-hay-una-historia-y-porque-son-tantas-las-razones-para-marcar-la-x-editorial-ecclesia","status":"publish","type":"post","link":"https:\/\/www.biblia.work\/sermones\/porque-detras-de-cada-x-hay-una-historia-y-porque-son-tantas-las-razones-para-marcar-la-x-editorial-ecclesia\/","title":{"rendered":"Porque detr\u00e1s de cada X hay una historia y porque son tantas las razones para marcar la X \u2013 editorial ECCLESIA"},"content":{"rendered":"<p style=\"text-align: justify;\"><strong>Porque detr\u00e1s de cada X hay una historia y porque son tantas las razones para marcar la X \u2013 editorial ECCLESIA<\/strong><\/p>\n<p style=\"text-align: justify;\">\u00a0\u00a0\u00a0\u00a0\u00a0\u00a0\u00a0\u00a0 Desde el pasado 6 de abril y hasta el pr\u00f3ximo 30 de junio, m\u00e1s de veinte millones de contribuyentes residentes en Espa\u00f1a est\u00e1n llamados a realizar la anual declaraci\u00f3n de la renta de las personas f\u00edsicas. Mediante ella, se nutren las arcas de erario p\u00fablico, que posibilitan la prestaci\u00f3n de los servicios sociales y, en definitiva, el desarrollo de los derechos fundamentales de los ciudadanos.<\/p>\n<p style=\"text-align: justify;\">\u00a0\u00a0\u00a0\u00a0\u00a0\u00a0\u00a0\u00a0 Desde hace casi tres d\u00e9cadas, tambi\u00e9n el derecho a la libertad religiosa encuentra cauce de canalizaci\u00f3n y de participaci\u00f3n en la declaraci\u00f3n de la renta, a trav\u00e9s de la denominada asignaci\u00f3n tributaria a la Iglesia cat\u00f3lica. Se trata de una opci\u00f3n libre y soberana que los contribuyentes pueden utilizar, marcando una X en el casillero correspondiente. Y esta es precisamente la \u00fanica alternativa libre o decisi\u00f3n voluntaria que el actual modelo de la declaraci\u00f3n de la renta permite a los contribuyentes. Sobre el resto del destino concreto de sus impuestos no son preguntados y es el Estado el que directamente\u00a0 realiza los posteriores repartos y distribuciones. La asignaci\u00f3n tributaria no es, en modo alguno, un nuevo o encubierto impuesto, pues la cantidad a deducir del IRPF \u2013desde 2007, el 0,7%- se cargar\u00e1 igualmente.<\/p>\n<p style=\"text-align: justify;\">\u00a0\u00a0\u00a0\u00a0\u00a0\u00a0\u00a0\u00a0 La asignaci\u00f3n tributaria, adem\u00e1s, no solo es libre y democr\u00e1tica, sino que tampoco conlleva gasto ni descuento alguno: ni cobran ni devuelvan ni m\u00e1s\u00a0 ni menos por hacerla, ni por dejar de hacerla. Es, pues, gratis, no cuesta nada y su tramitaci\u00f3n es muy sencilla.<\/p>\n<p style=\"text-align: justify;\">\u00a0\u00a0\u00a0\u00a0\u00a0\u00a0\u00a0\u00a0 La asignaci\u00f3n tributaria para la Iglesia no es ning\u00fan privilegio o trato de favor, sino la respuesta a un derecho \u2013el de la libertad religiosa, as\u00ed reconocido en la Declaraci\u00f3n Universal de los Derechos Humanos y en la Constituci\u00f3n espa\u00f1ola de 1978- y a un clamor ciudadano, como, a\u00f1o tras a\u00f1o, demuestran los resultados. En el \u00faltimo ejercicio fiscal, el correspondiente a 2014 (ecclesia,\u00a0 n\u00famero 3.824, p\u00e1ginas 9 y 10), el total de declarantes que asignaron a la Iglesia en su declaraci\u00f3n de la renta volvi\u00f3 a subir. Un total de 7.291.771 declaraciones \u00a0(unos nueve millones de ciudadanos) se presentaron en toda Espa\u00f1a con la X a favor de la Iglesia cat\u00f3lica, con un aumento de 23.714 declaraciones. Porcentualmente representan un 34,76% del total, un porcentaje muy similar al de otro pa\u00eds cat\u00f3lico comparable a Espa\u00f1a, como es Italia, y que tiene un sistema de asignaci\u00f3n tributaria similar al nuestro. Y estas cifras y su continua y sostenida tendencia al alza demuestran que los contribuyentes asumen y avalan el sistema y quieren seguir colaborando con la Iglesia. Probablemente este apoyo, que se explicita y actualiza cada a\u00f1o, es el mayor gesto de adhesi\u00f3n que se da en Espa\u00f1a a una instituci\u00f3n.<\/p>\n<p style=\"text-align: justify;\">\u00a0\u00a0\u00a0\u00a0\u00a0\u00a0\u00a0\u00a0 Desde hace m\u00e1s de diez a\u00f1os, ya no hay contraposici\u00f3n entre la X para la Iglesia cat\u00f3lica y la X para otros fines de inter\u00e9s social. Era injusto y enojoso este dilema; era una manera falsa y da\u00f1ina de contraponer \u201cIglesia\u201d con \u201cpobres\u201d, cuando, adem\u00e1s, es precisamente la Iglesia la instituci\u00f3n m\u00e1s comprometida con la causa de los pobres y necesitados. Podemos, pues, marcar la dos X, sin que debamos pagar ni m\u00e1s ni menos; simplemente, el Estado, con este doble gesto, con esta doble X, se obliga a distribuir\u00a0 un doble el 0,7% del IRPF del signante: para la Iglesia y para otras instituciones de fines sociales.<\/p>\n<p style=\"text-align: justify;\">Y, por si fuera poco, \u201ceste el dinero -escribe el visecretario econ\u00f3mico de la CEE en la revista X Tantos- es el mejor invertido. Puedo conocer cada a\u00f1o, a trav\u00e9s de la Memoria Anual de Actividades de la Iglesia, en qu\u00e9 emplea sus recursos. Las cifras sobre la actividad celebrativa, evangelizadora, educativa, en defensa del patrimonio cultural e hist\u00f3rico art\u00edstico o la inmensa actividad asistencial, demuestran a\u00f1o a a\u00f1o el enorme servicio que prestan las instituciones de la Iglesia en nuestro pa\u00eds\u201d. \u00a0Dicho como otras palabras y parafraseando el lema de la presente campa\u00f1a eclesial, este dinero es X (por y para) \u00a0tantas historias de tantas personas, personas que se entregan por los dem\u00e1s, personas que est\u00e1n necesitadas de tantas cosas, de consuelo y esperanza. Es una X, un dinero, por tantos que necesitan tanto, y que no cuesta nada asignarlo.<\/p>\n<p style=\"text-align: justify;\">Y, claro, para los cat\u00f3licos marcar la X es tambi\u00e9n un deber y un gozo de corresponsibilidad, de misi\u00f3n y de compromiso.<\/p>\n<p style=\"text-align: justify;\">\n","protected":false},"excerpt":{"rendered":"<p>Porque detr\u00e1s de cada X hay una historia y porque son tantas las razones para marcar la X \u2013 editorial ECCLESIA \u00a0\u00a0\u00a0\u00a0\u00a0\u00a0\u00a0\u00a0 Desde el pasado 6 de abril y hasta el pr\u00f3ximo 30 de junio, m\u00e1s de veinte millones de contribuyentes residentes en Espa\u00f1a est\u00e1n llamados a realizar la anual declaraci\u00f3n de la renta de &hellip; <a href=\"https:\/\/www.biblia.work\/sermones\/porque-detras-de-cada-x-hay-una-historia-y-porque-son-tantas-las-razones-para-marcar-la-x-editorial-ecclesia\/\" class=\"more-link\">Continuar leyendo<span class=\"screen-reader-text\"> \u00abPorque detr\u00e1s de cada X hay una historia y porque son tantas las razones para marcar la X \u2013 editorial ECCLESIA\u00bb<\/span><\/a><\/p>\n","protected":false},"author":1,"featured_media":0,"comment_status":"open","ping_status":"closed","sticky":false,"template":"","format":"standard","meta":{"footnotes":""},"categories":[1],"tags":[],"class_list":["post-34996","post","type-post","status-publish","format-standard","hentry","category-general"],"_links":{"self":[{"href":"https:\/\/www.biblia.work\/sermones\/wp-json\/wp\/v2\/posts\/34996","targetHints":{"allow":["GET"]}}],"collection":[{"href":"https:\/\/www.biblia.work\/sermones\/wp-json\/wp\/v2\/posts"}],"about":[{"href":"https:\/\/www.biblia.work\/sermones\/wp-json\/wp\/v2\/types\/post"}],"author":[{"embeddable":true,"href":"https:\/\/www.biblia.work\/sermones\/wp-json\/wp\/v2\/users\/1"}],"replies":[{"embeddable":true,"href":"https:\/\/www.biblia.work\/sermones\/wp-json\/wp\/v2\/comments?post=34996"}],"version-history":[{"count":0,"href":"https:\/\/www.biblia.work\/sermones\/wp-json\/wp\/v2\/posts\/34996\/revisions"}],"wp:attachment":[{"href":"https:\/\/www.biblia.work\/sermones\/wp-json\/wp\/v2\/media?parent=34996"}],"wp:term":[{"taxonomy":"category","embeddable":true,"href":"https:\/\/www.biblia.work\/sermones\/wp-json\/wp\/v2\/categories?post=34996"},{"taxonomy":"post_tag","embeddable":true,"href":"https:\/\/www.biblia.work\/sermones\/wp-json\/wp\/v2\/tags?post=34996"}],"curies":[{"name":"wp","href":"https:\/\/api.w.org\/{rel}","templated":true}]}}