{"id":34998,"date":"2016-06-20T23:48:32","date_gmt":"2016-06-21T04:48:32","guid":{"rendered":"http:\/\/www.biblia.work\/sermones\/santa-teresa-y-miguel-de-cervantes-unidos-por-la-poesia-por-fidel-garcia-martinez\/"},"modified":"2016-06-20T23:48:32","modified_gmt":"2016-06-21T04:48:32","slug":"santa-teresa-y-miguel-de-cervantes-unidos-por-la-poesia-por-fidel-garcia-martinez","status":"publish","type":"post","link":"https:\/\/www.biblia.work\/sermones\/santa-teresa-y-miguel-de-cervantes-unidos-por-la-poesia-por-fidel-garcia-martinez\/","title":{"rendered":"Santa Teresa y Miguel de Cervantes: unidos por la poes\u00eda, por Fidel Garc\u00eda Mart\u00ednez"},"content":{"rendered":"<p style=\"text-align: justify;\"><strong>Santa Teresa y Miguel de Cervantes: unidos por la poes\u00eda, por Fidel Garc\u00eda Mart\u00ednez<\/strong><\/p>\n<p style=\"text-align: justify;\">Mientras la celebraci\u00f3n del V Centenario del Nacimiento de Santa Teresa, la mejor escritora en la lengua de Espa\u00f1a seg\u00fan el testimonio cr\u00edtico de Fray Luis de Le\u00f3n, fue un \u00e9xito mundial en la m\u00e1s amplia acepci\u00f3n del t\u00e9rmino, porque en todo el mundo desde Asia a Europa, desde las dos Am\u00e9ricas a \u00c1frica e incluso en Ocean\u00eda, entre otras razones porque Santa Teresa es Doctora de la Iglesia Cat\u00f3lica extendida por todo el mundo.<\/p>\n<p style=\"text-align: justify;\">\n<p style=\"text-align: justify;\">Tambi\u00e9n porque el Carmelo Teresiano, femenino y masculino, est\u00e1 presente en todos los Continentes. A todo esto se debe a\u00f1adir que los actos religiosos: l\u00edricos, narrativos, dram\u00e1ticos, televisivos cinematogr\u00e1ficos fueron muy numerosos y contin\u00faan hoy, como se puede verificar entrando en la direcci\u00f3n de Internet: DE LA RUECA A LA PLUMA, de las a Madres Carmelitas Descalzas de Puzol (Valencia). Por el contrario, la celebraci\u00f3n del IV Centenario de la muerte de Miguel de Cervantes tiene poca relevancia en Espa\u00f1a y m\u00e1s parece un funeral en el que se entierra su cad\u00e1ver con m\u00e1s pena gloria; de prisa y corriendo. Mientras que el Centenario de Santa Teresa tuvo un marcado acento popular y participativo de j\u00f3venes, y mayores; de hombres y mujeres se sabios investigadores y humildes ciudadanos, el centenario de Cervantes est\u00e1 encerrado en los venerables salones de la RAE, en\u00a0\u00a0 c\u00e1tedras de universidades o c\u00edrculos de expertos.<\/p>\n<p style=\"text-align: justify;\">Una de las causas para esta desidia es la situaci\u00f3n cultural que vive Espa\u00f1a, de un patetismo desolador, en parte por el esperpento pol\u00edtico de unos actores que est\u00e1 interpretado a la perfecci\u00f3n <em>Los cuernos de do\u00f1a friolera<\/em>, de Valle Incl\u00e1n y para nada preocupados de las necesidades reales de los espa\u00f1oles ni materiales ni espirituales y s\u00ed pendientes de sus poltronas y sus sueldos de fin de mes, muy levados s\u00f3lo por conspirar.<\/p>\n<p style=\"text-align: justify;\">Santa Teresa y Cervantes siempre estar\u00e1n unidos por <strong><em>los libros de caballer\u00eda<\/em><\/strong>, ella porque ley\u00f3 muchos y Cervantes porque escribi\u00f3 el m\u00e1s grande de todos ellos y la madre de todas las novelas modernas, la Vida del Ingenioso Hidalgo. Pero estos dos genios de la narrativa tienen una diferencia, santa Teresa paso de la lectura a la realidad de una vida personal llena de aventuras a lo Divino, luchando contra toda clase de elementos personales e institucionales que se opon\u00edan a Reforma del Carmen Descalzo y que dej\u00f3 escrita en esa obra singular amena y divertida como el Libro de <strong><em>Fundaciones<\/em><\/strong>, un verdadera retablo de la Espa\u00f1a profunda y superficial del Siglo XVI. En el Libro de <strong><em>Castillo Interior<\/em><\/strong> narra su propia vida desde la dimisi\u00f3n m\u00e1s heroica y grandiosa de su experiencia m\u00edstica, hasta el libro de<em> <strong>Las<\/strong><\/em><strong> <em>Fundaciones<\/em><\/strong> una ventura a lo divino, pero real como la vida misma. Santa Teresa es un testigo excepcional en primera persona. Esta personalidad egregia de la Madre Teresa fue alabada y poetizada por el autor del Ingenioso Hidalgo de la Mancha en un poema memorable y que Cervantes titula A LOS \u00c9XTASIS DE LA BEATA MADRE TERESA. En el poema, Cervantes no s\u00f3lo admira a Santa Teresa, sino que le suplica: Oye mi voz cansada \/ y esfuerza, oh Madre, el desmayado canto.<\/p>\n<p style=\"text-align: justify;\">Cervantes, como se puede ver por el mismo t\u00edtulo del poema, celebra las grandes experiencias que la Santa describe en sus obras tanto en prosa como en verso, pero muy especialmente en los libros de la <strong><em>Vida<\/em><\/strong> y en <strong><em>El Castillo interior,<\/em><\/strong> y ve en ellos Cervantes su mayor timbre de gloria, como se puede deducir de la lectura de esta estrofa en la m\u00e1s pura est\u00e9tica barroca conceptista basada en la ant\u00edtesis y en la paradoja (\u2026)<\/p>\n<p style=\"text-align: justify;\">\u201c Aunque naciste en \u00c1vila, se puede\/ decir que en Alba fue donde naciste\/ pues all\u00ed nace donde muere el justo\/ desde Alba, oh madre, al cielo te partiste\/ alba pura, hermosa a quien sucede\/ al claro d\u00eda del inmenso gusto\/ Que le goces es justo\/ en \u00e9xtasis divinos\/ por todos las caminos, \/ por donde Dios llevar a un alma sabe\/ para darle de s\u00ed cuanto ella sabe\/ y aun ensancha, dilata y o engrandece\/ y, con amor suave\/ a s\u00ed y de s\u00ed junto y enriquece\/\/<\/p>\n<p style=\"text-align: justify;\">C\u00f3mo no recordar los versos de Santa Teresa<strong><em>: <\/em><\/strong>\u201cVivo sin vivir en m\u00ed\/ y tan alto vida espero\/ que muero porque no muero\/ vivo ya fuera de mi\/despu\u00e9s que muero de amor, \/ porque vivo en el Se\u00f1or\u201d que me quiso para s\u00ed\/\/<\/p>\n<p style=\"text-align: justify;\">Fidel Garc\u00eda Mart\u00ednez, Catedr\u00e1tico Lengua Literatura, doctor Filolog\u00eda Rom\u00e1nica<\/p>\n","protected":false},"excerpt":{"rendered":"<p>Santa Teresa y Miguel de Cervantes: unidos por la poes\u00eda, por Fidel Garc\u00eda Mart\u00ednez Mientras la celebraci\u00f3n del V Centenario del Nacimiento de Santa Teresa, la mejor escritora en la lengua de Espa\u00f1a seg\u00fan el testimonio cr\u00edtico de Fray Luis de Le\u00f3n, fue un \u00e9xito mundial en la m\u00e1s amplia acepci\u00f3n del t\u00e9rmino, porque en &hellip; <a href=\"https:\/\/www.biblia.work\/sermones\/santa-teresa-y-miguel-de-cervantes-unidos-por-la-poesia-por-fidel-garcia-martinez\/\" class=\"more-link\">Continuar leyendo<span class=\"screen-reader-text\"> \u00abSanta Teresa y Miguel de Cervantes: unidos por la poes\u00eda, por Fidel Garc\u00eda Mart\u00ednez\u00bb<\/span><\/a><\/p>\n","protected":false},"author":1,"featured_media":0,"comment_status":"open","ping_status":"closed","sticky":false,"template":"","format":"standard","meta":{"footnotes":""},"categories":[1],"tags":[],"class_list":["post-34998","post","type-post","status-publish","format-standard","hentry","category-general"],"_links":{"self":[{"href":"https:\/\/www.biblia.work\/sermones\/wp-json\/wp\/v2\/posts\/34998","targetHints":{"allow":["GET"]}}],"collection":[{"href":"https:\/\/www.biblia.work\/sermones\/wp-json\/wp\/v2\/posts"}],"about":[{"href":"https:\/\/www.biblia.work\/sermones\/wp-json\/wp\/v2\/types\/post"}],"author":[{"embeddable":true,"href":"https:\/\/www.biblia.work\/sermones\/wp-json\/wp\/v2\/users\/1"}],"replies":[{"embeddable":true,"href":"https:\/\/www.biblia.work\/sermones\/wp-json\/wp\/v2\/comments?post=34998"}],"version-history":[{"count":0,"href":"https:\/\/www.biblia.work\/sermones\/wp-json\/wp\/v2\/posts\/34998\/revisions"}],"wp:attachment":[{"href":"https:\/\/www.biblia.work\/sermones\/wp-json\/wp\/v2\/media?parent=34998"}],"wp:term":[{"taxonomy":"category","embeddable":true,"href":"https:\/\/www.biblia.work\/sermones\/wp-json\/wp\/v2\/categories?post=34998"},{"taxonomy":"post_tag","embeddable":true,"href":"https:\/\/www.biblia.work\/sermones\/wp-json\/wp\/v2\/tags?post=34998"}],"curies":[{"name":"wp","href":"https:\/\/api.w.org\/{rel}","templated":true}]}}