{"id":35091,"date":"2016-06-20T23:57:59","date_gmt":"2016-06-21T04:57:59","guid":{"rendered":"http:\/\/www.biblia.work\/sermones\/hacia-la-canonizacion-de-henri-de-lubac-por-jose-maria-salaverri\/"},"modified":"2016-06-20T23:57:59","modified_gmt":"2016-06-21T04:57:59","slug":"hacia-la-canonizacion-de-henri-de-lubac-por-jose-maria-salaverri","status":"publish","type":"post","link":"https:\/\/www.biblia.work\/sermones\/hacia-la-canonizacion-de-henri-de-lubac-por-jose-maria-salaverri\/","title":{"rendered":"\u00bfHacia la canonizaci\u00f3n de Henri de Lubac?, por Jos\u00e9 Mar\u00eda Salaverri"},"content":{"rendered":"<p style=\"text-align: justify;\"><strong>\u00bfHacia la canonizaci\u00f3n de Henri de Lubac?, por Jos\u00e9 Mar\u00eda Salaverri<\/strong><\/p>\n<p style=\"text-align: justify;\"><strong>Una buena noticia<\/strong><\/p>\n<p style=\"text-align: justify;\">El cardenal Barbarin, arzobispo de Lyon, ha visitado al papa em\u00e9rito Benedito XVI. Para hablar con \u00e9l del proyecto que tienen los obispos franceses de iniciar en Par\u00eds la Causa del padre de Lubac. Efectivamente Joseph Ratzinger fue muy amigo de este jesuita y colaboraron juntos en bastantes ocasiones. Fue un te\u00f3logo extraordinario que sufri\u00f3 mucho en su larga vida de 95 a\u00f1os\u2026 Pero \u00bfun santo? Pues s\u00ed\u2026 y que ha dejado una huella profunda en la Iglesia, no s\u00f3lo con sus escritos, sino tambi\u00e9n, y sobre todo, con su actitud. Tuve la suerte de descubrirlo pronto al poder leerlo directamente en franc\u00e9s. \u00bfPor qu\u00e9 se tard\u00f3 tanto en traducirlo al espa\u00f1ol?<\/p>\n<p style=\"text-align: justify;\">No, no soy un especialista en de Lubac; no me he le\u00eddo los casi cincuenta libros tan variados que escribi\u00f3 en su vida, pero algunos s\u00ed. Y me orientaron mucho, tanto en lo espiritual como en lo apost\u00f3lico.<\/p>\n<p style=\"text-align: justify;\"><strong>Hay santos tambi\u00e9n hoy<\/strong><\/p>\n<p style=\"text-align: justify;\">\u00a0\u00a0\u00a0\u00a0\u00a0\u00a0\u00a0\u00a0 Me permito volver atr\u00e1s en el tiempo. En 1947, le papa P\u00edo XII canonizaba a Nicolas de Fl\u00fce (siglo XV), patrono de Suiza. Le\u00ed el discurso del Papa en el que, de paso, recalcaba que la santidad no era cosa de siglos pasados. Copi\u00e9 esta frase que me s\u00e9 de memoria: \u201cEn el d\u00eda de hoy el n\u00famero de los buenos cristianos no es tan peque\u00f1o; el de los h\u00e9roes y santos de la Iglesia es acaso mayor que nunca\u201d. Esto me abri\u00f3 los ojos para ir comprob\u00e1ndolo a lo largo de mi vida; hoy a la altura de mis 90 a\u00f1os puedo afirmar que P\u00edo XII ten\u00eda raz\u00f3n. \u00bfCu\u00e1ntos buenos cristianos y religiosos sencillos, santos del 1 de noviembre, habr\u00e9 encontrado en mi vida? Imposible calcular, pero muchos. De algunos he escrito una semblanza para que su memoria permanezca. Me asombra tambi\u00e9n ver la cantidad de santos beatificados, canonizados o en proceso, entre las personas o personajes que han sido contempor\u00e1neos m\u00edos\u2026 El siglo XX ha sido un siglo convulso, con dos guerras mundiales, la civil espa\u00f1ola, una guerra fr\u00eda e innumerables conflictos y persecuciones contra los cristianos. Y en \u00e9l se ha cumplido una ley no escrita de la santidad, la del equilibrio ecol\u00f3gico-espiritual del mundo: \u201cA m\u00e1s miserias morales en el mundo, m\u00e1s santos suscita Dios para compensar\u201d. \u00bfEs cierto? Creo que s\u00ed.<\/p>\n<p style=\"text-align: justify;\"><strong>Un te\u00f3logo controvertido<\/strong><\/p>\n<p style=\"text-align: justify;\">Pero volvamos a Henri de Lubac (1896-1991). Joven jesuita, destaca por su piedad y por su inteligencia. Profesor de teolog\u00eda fundamental en Lyon. Con otros, propugna la vuelta a los Padres de la Iglesia. Un obra suya \u201cSobrenatual\u201d (1946), y alguna otra de otros autores, no es vista con buenos ojos. Se le condena a no ense\u00f1ar; y hasta P\u00edo XII escribe una enc\u00edclica contra esa \u201cnueva teolog\u00eda\u201d. Su mismo superior general le amonesta. A\u00f1os duros, que acepta con humildad y un inmenso amor a la Iglesia. Escribe:<\/p>\n<p style=\"text-align: justify;\">\u201cPuede suceder que nos desilusionen muchas cosas que forman parte de la contextura humana de la Iglesia. Puede que tambi\u00e9n, sin que tengamos la menor culpa, seamos profundamente incomprendidos en ella. Y lo que es m\u00e1s, puede darse el caso de que tengamos que padecer persecuci\u00f3n en su seno. Sepamos que lo que m\u00e1s vale es la paciencia y el silencio amoroso\u2026\u201d<\/p>\n<p style=\"text-align: justify;\">Y m\u00e1s adelante:<\/p>\n<p style=\"text-align: justify;\">\u201c\u2026 en definitiva no hay otra cosa que hacer que insertarse en el plan de Dios que le conduce por sus representantes, que participa de manera infalible en la infalible seguridad de la Providencia, y que finalmente no se traiciona ninguna causa, nunca se es infiel al pr\u00f3jimo, a s\u00ed mismo y a Dios, cuando con toda sencillez, se obedece\u201d.<\/p>\n<p style=\"text-align: justify;\">Son dos peque\u00f1as alusiones a s\u00ed mismo en el magn\u00edfico libro \u201cMeditaci\u00f3n sobre la Iglesia\u201d (1953), en honor de esa Iglesia en la que ha sido incomprendido. Su lectura nos entusiasm\u00f3 a muchos y nos confirm\u00f3 en el amor a la Iglesia. En 1957 publica en un solo volumen \u201cParadoxes et nouveaux paradoxes\u201d. Seg\u00fan Urs von Balthasar es la obra que mejor refleja su pensamiento m\u00e1s \u00edntimo. Adquirida inmediatamente, nos ha servido a algunos de faro luminoso en muchos aspectos de nuestra vida.<\/p>\n<p style=\"text-align: justify;\">Juan XXIII lo \u201cdescubri\u00f3\u201d pronto: lo nombr\u00f3 miembro de la Comisi\u00f3n preparatoria del Vaticano II, y Pablo VI miembro de la Comisi\u00f3n teol\u00f3gica del mismo. En en el postconcilio, Henri de Lubac vuelve a sufrir por la Iglesia, pero esta vez por la tergiversaci\u00f3n que bastantes hacen del Concilio. El famoso \u201chumo de Satan\u00e1s\u201d, como lo llam\u00f3 Pablo VI. Y Henri de Lubac sali\u00f3 al quite: junto con Urs von Balthasar, Joseph Ratzinger, Walter Kasper y otros\u2026 funda la revista \u201cCommunio\u201d para su recta interpretaci\u00f3n. Juan Pablo II, que lo estimaba mucho desde antes de ser papa, lo nombr\u00f3 cardenal en 1983.<\/p>\n<p style=\"text-align: justify;\"><strong>El \u201cpor qu\u00e9\u201d de sus escritos<\/strong><\/p>\n<p style=\"text-align: justify;\">En 1975 entreg\u00f3 a su amigo Urs el original de un libro \u201cM\u00e9moire sur l\u2019occasion de mes \u00e9crits\u201d. All\u00ed explica el por qu\u00e9 de cada una de sus obras y la resonancia que tuvieron. Resulta apasionante pues refleja las inquietudes y los problemas de toda una \u00e9poca en la Iglesia. No son \u201cmemorias\u201d -lo dice claramente-, sino \u201cmemoria\u201d-recuerdo del contexto de sus libros. Pero al final del cap\u00edtulo octavo, que \u00e9l pens\u00f3 ser\u00eda el \u00faltimo dada su edad avanzada, se permite hacer \u2018memoria\u2019 -una confidencia- sobre su madre, una mujer sencilla:<\/p>\n<p style=\"text-align: justify;\">\u201cToda su cultura era a base de tradici\u00f3n y de piedad cristiana. En ella siempre he<\/p>\n<p style=\"text-align: justify;\">visto tan solo olvido de s\u00ed y bondad. (\u2026) Cuando hacia 1950, un religioso indiscreto crey\u00f3 obrar bien al inquietarle por mi ortodoxia y mi conducta, ella le replic\u00f3 suavemente: \u2018Conozco a mi hijo; s\u00e9 que ser\u00e1 siempre un hijo sumiso de la santa Iglesia\u2019. Cuando se enter\u00f3 de que hab\u00eda yo sido elegido para el \u2018Institut de France\u2019 y, un poco m\u00e1s tarde, llamado a Roma para el Concilio, preocupada por todo esto que le parec\u00edan \u2018honores\u2019, en las dos cartas que entonces me escribi\u00f3, me dec\u00eda m\u00e1s o menos lo mismo: \u2018Pido a nuestro Se\u00f1or que te conserve en la humildad\u2019. Muri\u00f3 a los 95 a\u00f1os\u201d.<\/p>\n<p style=\"text-align: justify;\">Estas palabras son una aut\u00e9ntica declaraci\u00f3n de santidad de su madre, santidad del 1 de noviembre. Y de tal madre, tal hijo. Tal fue el gran te\u00f3logo propuesto ahora a la santidad oficial. Algunas de sus obras han llegando a Espa\u00f1a gracias a la Editorial Encuentro, siempre atenta a lo valioso para hoy en la Iglesia. Lo siguen siendo. \u00a1Ojal\u00e1 esta noticia del inicio de su Causa, anime a muchos a alimentarse de este tesoro de amor a Dios y a la Iglesia!<\/p>\n<p style=\"text-align: justify;\">\u00a0\u00a0\u00a0\u00a0\u00a0\u00a0\u00a0\u00a0\u00a0\u00a0\u00a0\u00a0\u00a0\u00a0\u00a0\u00a0\u00a0\u00a0\u00a0\u00a0\u00a0\u00a0\u00a0\u00a0\u00a0\u00a0\u00a0\u00a0\u00a0\u00a0\u00a0\u00a0\u00a0\u00a0\u00a0\u00a0\u00a0\u00a0\u00a0\u00a0\u00a0\u00a0\u00a0\u00a0\u00a0\u00a0\u00a0\u00a0\u00a0\u00a0\u00a0\u00a0 Jos\u00e9 Mar\u00eda Salaverri, sm<\/p>\n","protected":false},"excerpt":{"rendered":"<p>\u00bfHacia la canonizaci\u00f3n de Henri de Lubac?, por Jos\u00e9 Mar\u00eda Salaverri Una buena noticia El cardenal Barbarin, arzobispo de Lyon, ha visitado al papa em\u00e9rito Benedito XVI. Para hablar con \u00e9l del proyecto que tienen los obispos franceses de iniciar en Par\u00eds la Causa del padre de Lubac. Efectivamente Joseph Ratzinger fue muy amigo de &hellip; <a href=\"https:\/\/www.biblia.work\/sermones\/hacia-la-canonizacion-de-henri-de-lubac-por-jose-maria-salaverri\/\" class=\"more-link\">Continuar leyendo<span class=\"screen-reader-text\"> \u00ab\u00bfHacia la canonizaci\u00f3n de Henri de Lubac?, por Jos\u00e9 Mar\u00eda Salaverri\u00bb<\/span><\/a><\/p>\n","protected":false},"author":1,"featured_media":0,"comment_status":"open","ping_status":"closed","sticky":false,"template":"","format":"standard","meta":{"footnotes":""},"categories":[1],"tags":[],"class_list":["post-35091","post","type-post","status-publish","format-standard","hentry","category-general"],"_links":{"self":[{"href":"https:\/\/www.biblia.work\/sermones\/wp-json\/wp\/v2\/posts\/35091","targetHints":{"allow":["GET"]}}],"collection":[{"href":"https:\/\/www.biblia.work\/sermones\/wp-json\/wp\/v2\/posts"}],"about":[{"href":"https:\/\/www.biblia.work\/sermones\/wp-json\/wp\/v2\/types\/post"}],"author":[{"embeddable":true,"href":"https:\/\/www.biblia.work\/sermones\/wp-json\/wp\/v2\/users\/1"}],"replies":[{"embeddable":true,"href":"https:\/\/www.biblia.work\/sermones\/wp-json\/wp\/v2\/comments?post=35091"}],"version-history":[{"count":0,"href":"https:\/\/www.biblia.work\/sermones\/wp-json\/wp\/v2\/posts\/35091\/revisions"}],"wp:attachment":[{"href":"https:\/\/www.biblia.work\/sermones\/wp-json\/wp\/v2\/media?parent=35091"}],"wp:term":[{"taxonomy":"category","embeddable":true,"href":"https:\/\/www.biblia.work\/sermones\/wp-json\/wp\/v2\/categories?post=35091"},{"taxonomy":"post_tag","embeddable":true,"href":"https:\/\/www.biblia.work\/sermones\/wp-json\/wp\/v2\/tags?post=35091"}],"curies":[{"name":"wp","href":"https:\/\/api.w.org\/{rel}","templated":true}]}}