{"id":35093,"date":"2016-06-20T23:58:09","date_gmt":"2016-06-21T04:58:09","guid":{"rendered":"http:\/\/www.biblia.work\/sermones\/estuve-en-la-carcel-y-me-visitasteis-por-fidel-garcia-martinez\/"},"modified":"2016-06-20T23:58:09","modified_gmt":"2016-06-21T04:58:09","slug":"estuve-en-la-carcel-y-me-visitasteis-por-fidel-garcia-martinez","status":"publish","type":"post","link":"https:\/\/www.biblia.work\/sermones\/estuve-en-la-carcel-y-me-visitasteis-por-fidel-garcia-martinez\/","title":{"rendered":"Estuve en la c\u00e1rcel y me visitasteis, por Fidel Garc\u00eda Mart\u00ednez"},"content":{"rendered":"<p style=\"text-align: justify;\"><strong>Estuve en la c\u00e1rcel y me visitasteis, por Fidel Garc\u00eda Mart\u00ednez<\/strong><\/p>\n<p style=\"text-align: justify;\">La visita pastoral del Papa Francisco a las periferias de M\u00e9xico, incluido el Palacio del Presidencia del Gobierno del Estado, donde ha sido recibido con exquisita cortes\u00eda por el Presidente Pe\u00f1a y muy especialmente por su se\u00f1ora, ha roto una tab\u00fa que parec\u00eda irrompible, debido al car\u00e1cter marcadamente laicista del gobierno mexicano, que nada tiene que ver con la realidad profundamente cat\u00f3lica del pueblo mexicano. Algunos masones han puesto el grito en el averno por la osad\u00eda del presidente Pe\u00f1a por recibir al Papa de Roma en el palacio propiedad casi del PRI.<\/p>\n<p style=\"text-align: justify;\">La visita del Papa Francisco ha descolocado a muchos de dentro y a todos de fuerza. El Papa es profundo sin petulancias teol\u00f3gicas escol\u00e1sticas: su capacidad de convicci\u00f3n es proverbial sin alardes proselitista; con su <strong><em>ternura-terapia<\/em><\/strong> ha llegado m\u00e1s all\u00e1 de todos los c\u00e1lculos de pastoral de sal\u00f3n; prepara concienzudamente sus viajes y luego se conf\u00eda de la acci\u00f3n del Esp\u00edritu Santo. Si algo estremeci\u00f3 de su reciente viaje al M\u00e9xico profundo, cuyo s\u00edmbolo es Ciudad Ju\u00e1rez, que por unas horas que pas\u00f3 en la ciudad m\u00e1s peligrosa del Mundo, la m\u00e1s espiritual, gracias a la presencia del Papa Francisco, quien con su encuentro con los reclusos, dio el ejemplo m\u00e1s claro de su profunda humildad, el mismo se puso como ejemplo de la Misericordia Divina. Gracias a la magn\u00edfica transmisi\u00f3n de la cadena de la Madre Ang\u00e9lica, EWNT, todo el que quiso, pudo contemplar la piedad intensa de muchos reclusos y reclusas, cuyas l\u00e1grimas de arrepentimiento emocionaron profundamente al Papa, quien con ternura abraz\u00f3 a muchos de ellos. Con profundidad y sin demagogia reconoci\u00f3 la realidad de las prisiones, sintetizada las inteligentes palabras de una reclusa que no se interrogaba a s\u00ed misma por qu\u00e9 estaba all\u00ed, sino para qu\u00e9 estaba.<\/p>\n<p style=\"text-align: justify;\">Ante los empresarios reivindic\u00f3 la Doctrina Social de la Iglesia, que es mucho m\u00e1s que un simple placebo intermedio entre capitalismo y socialismo. Esa Doctrina Social que el Papa conoce a la perfecci\u00f3n y aplica con perspicacia, frente a los cl\u00e9rigos y laicos seducidos por el mito de Cristianos por el Socialismo, del que algunos que se llamaban cat\u00f3licos y no dudan en tomar medidas que atacan a la Iglesia en su doctrina social y educativa.Fidel Garc\u00eda Mart\u00ednez<\/p>\n<p style=\"text-align: justify;\">\n","protected":false},"excerpt":{"rendered":"<p>Estuve en la c\u00e1rcel y me visitasteis, por Fidel Garc\u00eda Mart\u00ednez La visita pastoral del Papa Francisco a las periferias de M\u00e9xico, incluido el Palacio del Presidencia del Gobierno del Estado, donde ha sido recibido con exquisita cortes\u00eda por el Presidente Pe\u00f1a y muy especialmente por su se\u00f1ora, ha roto una tab\u00fa que parec\u00eda irrompible, &hellip; <a href=\"https:\/\/www.biblia.work\/sermones\/estuve-en-la-carcel-y-me-visitasteis-por-fidel-garcia-martinez\/\" class=\"more-link\">Continuar leyendo<span class=\"screen-reader-text\"> \u00abEstuve en la c\u00e1rcel y me visitasteis, por Fidel Garc\u00eda Mart\u00ednez\u00bb<\/span><\/a><\/p>\n","protected":false},"author":1,"featured_media":0,"comment_status":"open","ping_status":"closed","sticky":false,"template":"","format":"standard","meta":{"footnotes":""},"categories":[1],"tags":[],"class_list":["post-35093","post","type-post","status-publish","format-standard","hentry","category-general"],"_links":{"self":[{"href":"https:\/\/www.biblia.work\/sermones\/wp-json\/wp\/v2\/posts\/35093","targetHints":{"allow":["GET"]}}],"collection":[{"href":"https:\/\/www.biblia.work\/sermones\/wp-json\/wp\/v2\/posts"}],"about":[{"href":"https:\/\/www.biblia.work\/sermones\/wp-json\/wp\/v2\/types\/post"}],"author":[{"embeddable":true,"href":"https:\/\/www.biblia.work\/sermones\/wp-json\/wp\/v2\/users\/1"}],"replies":[{"embeddable":true,"href":"https:\/\/www.biblia.work\/sermones\/wp-json\/wp\/v2\/comments?post=35093"}],"version-history":[{"count":0,"href":"https:\/\/www.biblia.work\/sermones\/wp-json\/wp\/v2\/posts\/35093\/revisions"}],"wp:attachment":[{"href":"https:\/\/www.biblia.work\/sermones\/wp-json\/wp\/v2\/media?parent=35093"}],"wp:term":[{"taxonomy":"category","embeddable":true,"href":"https:\/\/www.biblia.work\/sermones\/wp-json\/wp\/v2\/categories?post=35093"},{"taxonomy":"post_tag","embeddable":true,"href":"https:\/\/www.biblia.work\/sermones\/wp-json\/wp\/v2\/tags?post=35093"}],"curies":[{"name":"wp","href":"https:\/\/api.w.org\/{rel}","templated":true}]}}