{"id":35106,"date":"2016-06-20T23:59:22","date_gmt":"2016-06-21T04:59:22","guid":{"rendered":"http:\/\/www.biblia.work\/sermones\/ruben-dario-ante-su-centenario-por-fidel-garcia-martinez\/"},"modified":"2016-06-20T23:59:22","modified_gmt":"2016-06-21T04:59:22","slug":"ruben-dario-ante-su-centenario-por-fidel-garcia-martinez","status":"publish","type":"post","link":"https:\/\/www.biblia.work\/sermones\/ruben-dario-ante-su-centenario-por-fidel-garcia-martinez\/","title":{"rendered":"Rub\u00e9n Dar\u00edo ante su centenario, por Fidel Garc\u00eda Mart\u00ednez"},"content":{"rendered":"<p style=\"text-align: justify;\" align=\"CENTER\"><strong>Rub\u00e9n Dar\u00edo ante su centenario, por Fidel Garc\u00eda Mart\u00ednez<\/strong><\/p>\n<p style=\"text-align: justify;\" align=\"JUSTIFY\">Se cumple en este 2016 el primer centenario de la muerte de Rub\u00e9n Dar\u00edo una de las cumbres de la l\u00edrica espa\u00f1ola de todos los tiempos. En esta \u00e9poca postmoderna en la que la vulgaridad y la fealdad imponen su tiran\u00eda est\u00e9tica, por la que bello y lo verdadero son objeto de mofa y desprecio, es m\u00e1s necesario que nunca volver al gran autor de <b>Cantos de Vida y Esperanza; Prosa Profanas<\/b>, <b>Salutaci\u00f3n Optimista<\/b> o <b>Los motivos del Lobo<\/b>.<\/p>\n<p style=\"text-align: justify;\" align=\"JUSTIFY\">El modernismo de Rub\u00e9n Dar\u00edo es mucho m\u00e1s que una simple cosm\u00e9tica formal po\u00e9tica. Supone la superaci\u00f3n del mundo cerrado del realismo y naturalismo, para bucear en el yo m\u00e1s profundo del poeta abierto a la transcendencia, en forma de evocaciones fastuosas de lejanos ambientes situados en Grecia, Roma o en la Edad Media, o en la Francia de Varlaine.<\/p>\n<p style=\"text-align: justify;\" align=\"JUSTIFY\">En su poes\u00eda viven princesas de ojos azules, califas pensativos y vizcondes rubios (&#8230;) Dos componentes de la poes\u00eda de Rub\u00e9n Dar\u00edo son el cosmopolitismo y el mestizaje. Todo este universo po\u00e9tico es sometido a un proceso de depuraci\u00f3n est\u00e9tica de gran esplendor por su color y musicalidad y por su riqueza m\u00e9trica y estr\u00f3fica. Rub\u00e9n no rechaza a la herencia literaria del Siglo de Oro, sino que es un gran admirador de Lope y de Garcilaso, de Santa Teresa y de Cervantes. Rub\u00e9n Dar\u00edo nunca cr\u00edtico ni rechazo el gran legado de Espa\u00f1a que pervive en Hispanoam\u00e9rica, por mucho que los seguidores de la leyenda negra contin\u00faen contin\u00faan con sus mentiras y su sectarismo reaccionario: la realidad es como la describi\u00f3 Rub\u00e9n Dar\u00edo cuando exalto los ideales hisp\u00e1nicos: (\u2026) <b>la Am\u00e9rica ingenua que tiene sangre ind\u00edgena, que a\u00fan reza a Jesucristo y a\u00fan habla en espa\u00f1ol.<\/b><\/p>\n<p style=\"text-align: justify;\" align=\"JUSTIFY\">Rub\u00e9n Dar\u00edo se defini\u00f3 perfectamente cuando poetiz\u00f3: <b>Yo soy aquel que ayer no m\u00e1s dec\u00eda\/ el verso azul y la canci\u00f3n profana\/ en cuya noche un ruise\u00f1or hab\u00eda\/ que era alondra de luz por la ma\u00f1ana\/\/<\/b><\/p>\n<p style=\"text-align: justify;\">Fidel Garc\u00eda Mart\u00ednez Catedr\u00e1tico Lengua Literatura, Doctor Filolog\u00eda Rom\u00e1nica.<\/p>\n","protected":false},"excerpt":{"rendered":"<p>Rub\u00e9n Dar\u00edo ante su centenario, por Fidel Garc\u00eda Mart\u00ednez Se cumple en este 2016 el primer centenario de la muerte de Rub\u00e9n Dar\u00edo una de las cumbres de la l\u00edrica espa\u00f1ola de todos los tiempos. En esta \u00e9poca postmoderna en la que la vulgaridad y la fealdad imponen su tiran\u00eda est\u00e9tica, por la que bello &hellip; <a href=\"https:\/\/www.biblia.work\/sermones\/ruben-dario-ante-su-centenario-por-fidel-garcia-martinez\/\" class=\"more-link\">Continuar leyendo<span class=\"screen-reader-text\"> \u00abRub\u00e9n Dar\u00edo ante su centenario, por Fidel Garc\u00eda Mart\u00ednez\u00bb<\/span><\/a><\/p>\n","protected":false},"author":1,"featured_media":0,"comment_status":"open","ping_status":"closed","sticky":false,"template":"","format":"standard","meta":{"footnotes":""},"categories":[1],"tags":[],"class_list":["post-35106","post","type-post","status-publish","format-standard","hentry","category-general"],"_links":{"self":[{"href":"https:\/\/www.biblia.work\/sermones\/wp-json\/wp\/v2\/posts\/35106","targetHints":{"allow":["GET"]}}],"collection":[{"href":"https:\/\/www.biblia.work\/sermones\/wp-json\/wp\/v2\/posts"}],"about":[{"href":"https:\/\/www.biblia.work\/sermones\/wp-json\/wp\/v2\/types\/post"}],"author":[{"embeddable":true,"href":"https:\/\/www.biblia.work\/sermones\/wp-json\/wp\/v2\/users\/1"}],"replies":[{"embeddable":true,"href":"https:\/\/www.biblia.work\/sermones\/wp-json\/wp\/v2\/comments?post=35106"}],"version-history":[{"count":0,"href":"https:\/\/www.biblia.work\/sermones\/wp-json\/wp\/v2\/posts\/35106\/revisions"}],"wp:attachment":[{"href":"https:\/\/www.biblia.work\/sermones\/wp-json\/wp\/v2\/media?parent=35106"}],"wp:term":[{"taxonomy":"category","embeddable":true,"href":"https:\/\/www.biblia.work\/sermones\/wp-json\/wp\/v2\/categories?post=35106"},{"taxonomy":"post_tag","embeddable":true,"href":"https:\/\/www.biblia.work\/sermones\/wp-json\/wp\/v2\/tags?post=35106"}],"curies":[{"name":"wp","href":"https:\/\/api.w.org\/{rel}","templated":true}]}}