{"id":35107,"date":"2016-06-20T23:59:26","date_gmt":"2016-06-21T04:59:26","guid":{"rendered":"http:\/\/www.biblia.work\/sermones\/ley-de-educacion-y-de-silencio-por-amparo-tos-boix\/"},"modified":"2016-06-20T23:59:26","modified_gmt":"2016-06-21T04:59:26","slug":"ley-de-educacion-y-de-silencio-por-amparo-tos-boix","status":"publish","type":"post","link":"https:\/\/www.biblia.work\/sermones\/ley-de-educacion-y-de-silencio-por-amparo-tos-boix\/","title":{"rendered":"Ley de Educaci\u00f3n y de silencio, por Amparo Tos Boix"},"content":{"rendered":"<p style=\"text-align: justify;\"><strong>Ley de Educaci\u00f3n y de silencio, por Amparo Tos Boix<\/strong><\/p>\n<p style=\"text-align: justify;\"><strong>EL DERECHO Y EL SILENCIO.<\/strong>\u00a0 En derecho se suele decir que hay que tenerlo, saberlo pedir, y que te lo quieran dar.<\/p>\n<p align=\"justify\">Tenemos el derecho sobre la educaci\u00f3n de nuestros hijos, y ning\u00fan gobierno democr\u00e1tico puede violarlo. Pero falta la segunda condici\u00f3n: \u201csaberlo pedir\u201d, porque el que calla otorga, Y para poder elegir hay que poner en pie de igualdad \u2013tambi\u00e9n en lo econ\u00f3mico- la ense\u00f1anza p\u00fablica y la privada. Hemos de llenar las redes sociales con mensajes que reivindiquen nuestro derecho a elegir la educaci\u00f3n que queremos para nuestros hijos. De cuando en cuando conviene recordar a Mahatma Gandhi: \u201cLo m\u00e1s atroz de las cosas malas de la gente mala es el silencio de la gente buena\u201d.<\/p>\n<p align=\"justify\">Amparo Tos Boix, Valencia.<\/p>\n","protected":false},"excerpt":{"rendered":"<p>Ley de Educaci\u00f3n y de silencio, por Amparo Tos Boix EL DERECHO Y EL SILENCIO.\u00a0 En derecho se suele decir que hay que tenerlo, saberlo pedir, y que te lo quieran dar. Tenemos el derecho sobre la educaci\u00f3n de nuestros hijos, y ning\u00fan gobierno democr\u00e1tico puede violarlo. Pero falta la segunda condici\u00f3n: \u201csaberlo pedir\u201d, porque &hellip; <a href=\"https:\/\/www.biblia.work\/sermones\/ley-de-educacion-y-de-silencio-por-amparo-tos-boix\/\" class=\"more-link\">Continuar leyendo<span class=\"screen-reader-text\"> \u00abLey de Educaci\u00f3n y de silencio, por Amparo Tos Boix\u00bb<\/span><\/a><\/p>\n","protected":false},"author":1,"featured_media":0,"comment_status":"open","ping_status":"closed","sticky":false,"template":"","format":"standard","meta":{"footnotes":""},"categories":[1],"tags":[],"class_list":["post-35107","post","type-post","status-publish","format-standard","hentry","category-general"],"_links":{"self":[{"href":"https:\/\/www.biblia.work\/sermones\/wp-json\/wp\/v2\/posts\/35107","targetHints":{"allow":["GET"]}}],"collection":[{"href":"https:\/\/www.biblia.work\/sermones\/wp-json\/wp\/v2\/posts"}],"about":[{"href":"https:\/\/www.biblia.work\/sermones\/wp-json\/wp\/v2\/types\/post"}],"author":[{"embeddable":true,"href":"https:\/\/www.biblia.work\/sermones\/wp-json\/wp\/v2\/users\/1"}],"replies":[{"embeddable":true,"href":"https:\/\/www.biblia.work\/sermones\/wp-json\/wp\/v2\/comments?post=35107"}],"version-history":[{"count":0,"href":"https:\/\/www.biblia.work\/sermones\/wp-json\/wp\/v2\/posts\/35107\/revisions"}],"wp:attachment":[{"href":"https:\/\/www.biblia.work\/sermones\/wp-json\/wp\/v2\/media?parent=35107"}],"wp:term":[{"taxonomy":"category","embeddable":true,"href":"https:\/\/www.biblia.work\/sermones\/wp-json\/wp\/v2\/categories?post=35107"},{"taxonomy":"post_tag","embeddable":true,"href":"https:\/\/www.biblia.work\/sermones\/wp-json\/wp\/v2\/tags?post=35107"}],"curies":[{"name":"wp","href":"https:\/\/api.w.org\/{rel}","templated":true}]}}