{"id":35111,"date":"2016-06-20T23:59:49","date_gmt":"2016-06-21T04:59:49","guid":{"rendered":"http:\/\/www.biblia.work\/sermones\/el-hambre-y-la-siembra-por-jose-roman-flecha-andres-en-diario-de-leon-13-2-2016\/"},"modified":"2016-06-20T23:59:49","modified_gmt":"2016-06-21T04:59:49","slug":"el-hambre-y-la-siembra-por-jose-roman-flecha-andres-en-diario-de-leon-13-2-2016","status":"publish","type":"post","link":"https:\/\/www.biblia.work\/sermones\/el-hambre-y-la-siembra-por-jose-roman-flecha-andres-en-diario-de-leon-13-2-2016\/","title":{"rendered":"El hambre y la siembra, por Jos\u00e9-Rom\u00e1n Flecha Andr\u00e9s, en Diario de Le\u00f3n (13-2-2016)"},"content":{"rendered":"<p style=\"text-align: justify;\"><strong>El hambre y la siembra, por Jos\u00e9-Rom\u00e1n Flecha Andr\u00e9s, en Diario de Le\u00f3n (13-2-2016)<\/strong><\/p>\n<p style=\"text-align: justify;\">\n<p style=\"text-align: justify;\">\u201cPl\u00e1ntale cara al hambre: siembra\u201d. As\u00ed exhorta e interpela a nuestra conciencia y a nuestras estructuras el lema elegido por Manos Unidas para la campa\u00f1a de este a\u00f1o 2016. La campa\u00f1a n. 57 se lanza al aire por medio de varios eventos y celebraciones que se agrupan en torno al d\u00eda 14 de febrero.<\/p>\n<p style=\"text-align: justify;\">Como se sabe, Manos Unidas es una prestigiosa y benem\u00e9rita ONG de Desarrollo de la Iglesia Cat\u00f3lica. Aunque su actividad a favor de la justicia es muy amplia, se ha dado especialmente a conocer por sus campa\u00f1as en torno a la Jornada del Hambre en el mundo, que se celebra todos los a\u00f1os en el mes de febrero.<\/p>\n<p style=\"text-align: justify;\">Pues bien, con esta campa\u00f1a se inicia un nuevo trienio de lucha contra el hambre en el mundo. A lo largo de estos pr\u00f3ximos a\u00f1os, Manos Unidas se propone trabajar para dar respuesta a las causas y problemas que provocan todav\u00eda hoy el hambre en el mundo.<\/p>\n<p style=\"text-align: justify;\">Al finalizar el Gran Jubileo del a\u00f1o 2000, el Papa Juan Pablo II se lamentaba de que, a estas alturas de la historia, el hambre fuese todav\u00eda un grav\u00edsimo problema para el cual no se hallaba una soluci\u00f3n. Sabemos que en el mundo unos 800 millones de personas padecen la plaga apocal\u00edptica del hambre.<\/p>\n<p style=\"text-align: justify;\">Como respondiendo a viejos prejuicios, en su exhortaci\u00f3n \u201cLa alegr\u00eda del Evangelio\u201d, el papa Francisco afirma que \u201cexiste alimento para todos; el hambre se debe a la mala distribuci\u00f3n de los bienes y de la renta\u2026y de la pr\u00e1ctica generalizada del desperdicio\u201d (EG 191). Ya desde el primer momento de su pontificado, ha denunciado varias veces el desperdicio de objetos y de alimentos que lleva tambi\u00e9n al descarte de las personas que se consideran in\u00fatiles en la sociedad.<\/p>\n<p style=\"text-align: justify;\">La Organizaci\u00f3n de las Naciones Unidas para la Alimentaci\u00f3n y la Agricultura (FAO), a la que se ha dirigido recientemente el mismo Papa, le da la raz\u00f3n. De hecho, admite que la capacidad productiva de la poblaci\u00f3n mundial podr\u00eda ser m\u00e1s que suficiente para alimentar a 12 mil millones de personas. Casi el doble de los siete mil millones de habitantes del planeta.<\/p>\n<p style=\"text-align: justify;\">Pues bien, aun antes de pensar en las posibles soluciones del drama, la organizaci\u00f3n Manos Unidas desea invitarnos a todos a tener ante la vista una triple constataci\u00f3n:<\/p>\n<p style=\"text-align: justify;\">1. El mal uso que generalmente y de forma poco responsable estamos dando a los recursos alimentarios y energ\u00e9ticos.<\/p>\n<p style=\"text-align: justify;\">2. La amplia difusi\u00f3n de un sistema econ\u00f3mico internacional que privilegia el beneficio y excluye a los m\u00e1s d\u00e9biles de la sociedad.<\/p>\n<p style=\"text-align: justify;\">3. Un estilo general de vida y de consumo que termina por aumentar la exclusi\u00f3n y la vulnerabilidad de muchos ciudadanos.<\/p>\n<p style=\"text-align: justify;\">As\u00ed pues, Manos Unidas cuenta con la generosidad de los cat\u00f3licos y de todas las personas de buena voluntad. Pero su objetivo principal no es pedir una limosna, sino promover un nuevo estilo de vida, cambiar nuestra mentalidad antes que nuestras leyes. La promoci\u00f3n de la siembra es una buena imagen de lo que se impone con urgencia.<\/p>\n<p style=\"text-align: justify;\">Jos\u00e9-Rom\u00e1n Flecha Andr\u00e9s<\/p>\n","protected":false},"excerpt":{"rendered":"<p>El hambre y la siembra, por Jos\u00e9-Rom\u00e1n Flecha Andr\u00e9s, en Diario de Le\u00f3n (13-2-2016) \u201cPl\u00e1ntale cara al hambre: siembra\u201d. As\u00ed exhorta e interpela a nuestra conciencia y a nuestras estructuras el lema elegido por Manos Unidas para la campa\u00f1a de este a\u00f1o 2016. La campa\u00f1a n. 57 se lanza al aire por medio de varios &hellip; <a href=\"https:\/\/www.biblia.work\/sermones\/el-hambre-y-la-siembra-por-jose-roman-flecha-andres-en-diario-de-leon-13-2-2016\/\" class=\"more-link\">Continuar leyendo<span class=\"screen-reader-text\"> \u00abEl hambre y la siembra, por Jos\u00e9-Rom\u00e1n Flecha Andr\u00e9s, en Diario de Le\u00f3n (13-2-2016)\u00bb<\/span><\/a><\/p>\n","protected":false},"author":1,"featured_media":0,"comment_status":"open","ping_status":"closed","sticky":false,"template":"","format":"standard","meta":{"footnotes":""},"categories":[1],"tags":[],"class_list":["post-35111","post","type-post","status-publish","format-standard","hentry","category-general"],"_links":{"self":[{"href":"https:\/\/www.biblia.work\/sermones\/wp-json\/wp\/v2\/posts\/35111","targetHints":{"allow":["GET"]}}],"collection":[{"href":"https:\/\/www.biblia.work\/sermones\/wp-json\/wp\/v2\/posts"}],"about":[{"href":"https:\/\/www.biblia.work\/sermones\/wp-json\/wp\/v2\/types\/post"}],"author":[{"embeddable":true,"href":"https:\/\/www.biblia.work\/sermones\/wp-json\/wp\/v2\/users\/1"}],"replies":[{"embeddable":true,"href":"https:\/\/www.biblia.work\/sermones\/wp-json\/wp\/v2\/comments?post=35111"}],"version-history":[{"count":0,"href":"https:\/\/www.biblia.work\/sermones\/wp-json\/wp\/v2\/posts\/35111\/revisions"}],"wp:attachment":[{"href":"https:\/\/www.biblia.work\/sermones\/wp-json\/wp\/v2\/media?parent=35111"}],"wp:term":[{"taxonomy":"category","embeddable":true,"href":"https:\/\/www.biblia.work\/sermones\/wp-json\/wp\/v2\/categories?post=35111"},{"taxonomy":"post_tag","embeddable":true,"href":"https:\/\/www.biblia.work\/sermones\/wp-json\/wp\/v2\/tags?post=35111"}],"curies":[{"name":"wp","href":"https:\/\/api.w.org\/{rel}","templated":true}]}}