{"id":35115,"date":"2016-06-21T00:00:09","date_gmt":"2016-06-21T05:00:09","guid":{"rendered":"http:\/\/www.biblia.work\/sermones\/carlos-iii-y-jovellanos-por-fidel-garcia-martinez\/"},"modified":"2016-06-21T00:00:09","modified_gmt":"2016-06-21T05:00:09","slug":"carlos-iii-y-jovellanos-por-fidel-garcia-martinez","status":"publish","type":"post","link":"https:\/\/www.biblia.work\/sermones\/carlos-iii-y-jovellanos-por-fidel-garcia-martinez\/","title":{"rendered":"Carlos III y Jovellanos, por Fidel Garc\u00eda Mart\u00ednez"},"content":{"rendered":"<p align=\"CENTER\"><strong>Carlos III y Jovellanos, por Fidel Garc\u00eda Mart\u00ednez<\/strong><\/p>\n<p align=\"JUSTIFY\">Hace 300 a\u00f1os, un 20 de enero, nac\u00eda Carlos III. Efem\u00e9rides que ha pasado desapercibida por las convulsiones pol\u00edticas que sufren los espa\u00f1oles por la irresponsabilidad de unos pol\u00edticos que han hecho de sus ambiciones la raz\u00f3n de toda acci\u00f3n u omisi\u00f3n. Espa\u00f1a necesita reformas pol\u00edticas, sociales y econ\u00f3micas de gran calado, como las que intent\u00f3 rode\u00e1ndose de pol\u00edticos ilustres Carlos III, como fueron los asturianos Campomanes y Jovellanos. Carlos III fue sin duda un rey capaz, muy instruido y con una visi\u00f3n de la Espa\u00f1a de su tiempo renovadora e ilustrada. Los partidarios de la ilustraci\u00f3n vieron en el maduro monarca un modelo para que Espa\u00f1a saliese de su situaci\u00f3n de descomposici\u00f3n institucional. El testimonio de Jovellanos sobre lo que supuso Carlos III , lo plasm\u00f3 en su c\u00e9lebre elogio, una magn\u00edfica pieza ret\u00f3rica junto con otras como <b>El Elogio de las Bellas<\/b> Artes o el <b>Elogio del gran arquitecto Ventura Rodr\u00edguez. <\/b><\/p>\n<p align=\"JUSTIFY\">Carlos III desde el inicio de su reinado se preocup\u00f3 reformar sectores tan importantes como la agricultura, la Instrucci\u00f3n del pueblo y la reforma de las bellas artes, que estaban sumidas en un postbarroco sin aliento art\u00edstico y plagado de imitaciones vulgares del siglo barroco XVII. Para Carlos III la agricultura necesitaba un reforma integral y profunda con un reparto m\u00e1s justo de las tierras a favor de los verdaderos protagonistas que no eran si no los campesinos y ganaderos. Esta actitud reformista la plasm\u00f3 Jovellanos en su obra capital, el Expediente de la Ley Agraria. Propon\u00eda Jovellanos como lo intent\u00f3 Carlos III, eliminar los obst\u00e1culos que se opon\u00eda a la reforma de la agricultura, como eran los mayorazgos y las grandes extensiones de terreno en mano de la alta nobleza y el alto clero, para Jovellanos los verdaderos protagonistas de las reforma eran los agricultura en los que viv\u00edan de ella y la trabajaban, no los te\u00f3ricos especulativos que no ten\u00edan ninguna referencia de la misma. Otro sector de la sociedad del siglo XVIII era la instrucci\u00f3n p\u00fablica a la que Carlos III daba mucha importancia y a la que Jovellanos dedic\u00f3 mucho esfuerza y tiempo. Su proyecto de Instrucci\u00f3n P\u00fablica es realmente maravilloso por el concepto tan elevado que tiene la instrucci\u00f3n fundamentado sobre la educaci\u00f3n religiosa cat\u00f3lica, la moralidad \u00edntegra y el cultivo de las ciencias naturales. Hablar de educaci\u00f3n laicista en Jovellanos, un hombre que recib\u00eda el Sacramento de la Sagrada Comuni\u00f3n cada 10 d\u00edas, es una mentira sectaria.<\/p>\n<p align=\"JUSTIFY\">Lo que realmente signific\u00f3 Carlos III en la Espa\u00f1a de su tiempo queda perfectamente reflejado en esa pieza oratoria excepcional que es el Elogio. En donde Jovellanos se enardece con la memoria del rey borb\u00f3n:<\/p>\n<p align=\"JUSTIFY\">\u201cPero a ti, oh buen Carlos, se debe siempre la mayor de esta gloria y de nuestra gratitud. Sin tu protecci\u00f3n, sin tu generosidad, sin el ardiente amor que profesabas a tus pueblos, estas preciosas semillas hubieran perecido. Ca\u00eddas en una tierra est\u00e9ril, la ciza\u00f1a de la contradicci\u00f3n las hubiera sofocado en su seno. T\u00fa has hecho respetar las tiernas plantas que generaron, t\u00fa vas a recoger su fruto este, fruto de la ilustraci\u00f3n y de verdad ser\u00e1 prenda m\u00e1s cierta de la felicidad de tu pueblo\u201d.<\/p>\n<p align=\"JUSTIFY\">Fidel Garc\u00eda Mart\u00ednez<\/p>\n","protected":false},"excerpt":{"rendered":"<p>Carlos III y Jovellanos, por Fidel Garc\u00eda Mart\u00ednez Hace 300 a\u00f1os, un 20 de enero, nac\u00eda Carlos III. Efem\u00e9rides que ha pasado desapercibida por las convulsiones pol\u00edticas que sufren los espa\u00f1oles por la irresponsabilidad de unos pol\u00edticos que han hecho de sus ambiciones la raz\u00f3n de toda acci\u00f3n u omisi\u00f3n. Espa\u00f1a necesita reformas pol\u00edticas, sociales &hellip; <a href=\"https:\/\/www.biblia.work\/sermones\/carlos-iii-y-jovellanos-por-fidel-garcia-martinez\/\" class=\"more-link\">Continuar leyendo<span class=\"screen-reader-text\"> \u00abCarlos III y Jovellanos, por Fidel Garc\u00eda Mart\u00ednez\u00bb<\/span><\/a><\/p>\n","protected":false},"author":1,"featured_media":0,"comment_status":"open","ping_status":"closed","sticky":false,"template":"","format":"standard","meta":{"footnotes":""},"categories":[1],"tags":[],"class_list":["post-35115","post","type-post","status-publish","format-standard","hentry","category-general"],"_links":{"self":[{"href":"https:\/\/www.biblia.work\/sermones\/wp-json\/wp\/v2\/posts\/35115","targetHints":{"allow":["GET"]}}],"collection":[{"href":"https:\/\/www.biblia.work\/sermones\/wp-json\/wp\/v2\/posts"}],"about":[{"href":"https:\/\/www.biblia.work\/sermones\/wp-json\/wp\/v2\/types\/post"}],"author":[{"embeddable":true,"href":"https:\/\/www.biblia.work\/sermones\/wp-json\/wp\/v2\/users\/1"}],"replies":[{"embeddable":true,"href":"https:\/\/www.biblia.work\/sermones\/wp-json\/wp\/v2\/comments?post=35115"}],"version-history":[{"count":0,"href":"https:\/\/www.biblia.work\/sermones\/wp-json\/wp\/v2\/posts\/35115\/revisions"}],"wp:attachment":[{"href":"https:\/\/www.biblia.work\/sermones\/wp-json\/wp\/v2\/media?parent=35115"}],"wp:term":[{"taxonomy":"category","embeddable":true,"href":"https:\/\/www.biblia.work\/sermones\/wp-json\/wp\/v2\/categories?post=35115"},{"taxonomy":"post_tag","embeddable":true,"href":"https:\/\/www.biblia.work\/sermones\/wp-json\/wp\/v2\/tags?post=35115"}],"curies":[{"name":"wp","href":"https:\/\/api.w.org\/{rel}","templated":true}]}}