{"id":35117,"date":"2016-06-21T00:00:18","date_gmt":"2016-06-21T05:00:18","guid":{"rendered":"http:\/\/www.biblia.work\/sermones\/la-trata-de-personas-esclavitud-del-siglo-xxi-sta-josefina-bakita-8-de-febrero\/"},"modified":"2016-06-21T00:00:18","modified_gmt":"2016-06-21T05:00:18","slug":"la-trata-de-personas-esclavitud-del-siglo-xxi-sta-josefina-bakita-8-de-febrero","status":"publish","type":"post","link":"https:\/\/www.biblia.work\/sermones\/la-trata-de-personas-esclavitud-del-siglo-xxi-sta-josefina-bakita-8-de-febrero\/","title":{"rendered":"La trata de personas, esclavitud del siglo XXI  (Sta. Josefina Bakita. 8 de Febrero)"},"content":{"rendered":"<p><strong>La trata de personas, esclavitud del siglo XXI \u00a0(Sta. Josefina Bakita. 8 de Febrero)<\/strong><br \/>\nEl crimen de la trata de personas \u00a0hace que hombres, mujeres y ni\u00f1os, sean juguetes desechables o sue\u00f1os rotos \u00a0En muchos casos, atravesando pa\u00edses y culturas en peregrinajes eternos, buscando mejorar sus condiciones de vida.<\/p>\n<p>Terminan sometidos a situaciones de explotaci\u00f3n y acoso \u00a0de todo tipo,(sexuales, laborales, etc) \u00a0similares a la esclavitud. Y al respecto, son bien recientes las noticias de la trata de ni\u00f1os en Europa. Seg\u00fan estimaciones de la Europol al menos 10.000 ni\u00f1os refugiados, que viajaban solos, habr\u00edan desaparecido nada m\u00e1s llegar a Europa.<\/p>\n<p>Este art\u00edculo trata de ello.<\/p>\n<p>Jose Luis Pinilla Martin s.j.<br \/>\nDirector de Migraciones\u00a0\n<\/p>\n<p><b>Comisi\u00f3n Ep\u00ecscopal de Migraciones. Conferencia Episcopal Espa\u00f1ola<\/b><\/p>\n","protected":false},"excerpt":{"rendered":"<p>La trata de personas, esclavitud del siglo XXI \u00a0(Sta. Josefina Bakita. 8 de Febrero) El crimen de la trata de personas \u00a0hace que hombres, mujeres y ni\u00f1os, sean juguetes desechables o sue\u00f1os rotos \u00a0En muchos casos, atravesando pa\u00edses y culturas en peregrinajes eternos, buscando mejorar sus condiciones de vida. Terminan sometidos a situaciones de explotaci\u00f3n &hellip; <a href=\"https:\/\/www.biblia.work\/sermones\/la-trata-de-personas-esclavitud-del-siglo-xxi-sta-josefina-bakita-8-de-febrero\/\" class=\"more-link\">Continuar leyendo<span class=\"screen-reader-text\"> \u00abLa trata de personas, esclavitud del siglo XXI  (Sta. Josefina Bakita. 8 de Febrero)\u00bb<\/span><\/a><\/p>\n","protected":false},"author":1,"featured_media":0,"comment_status":"open","ping_status":"closed","sticky":false,"template":"","format":"standard","meta":{"footnotes":""},"categories":[1],"tags":[],"class_list":["post-35117","post","type-post","status-publish","format-standard","hentry","category-general"],"_links":{"self":[{"href":"https:\/\/www.biblia.work\/sermones\/wp-json\/wp\/v2\/posts\/35117","targetHints":{"allow":["GET"]}}],"collection":[{"href":"https:\/\/www.biblia.work\/sermones\/wp-json\/wp\/v2\/posts"}],"about":[{"href":"https:\/\/www.biblia.work\/sermones\/wp-json\/wp\/v2\/types\/post"}],"author":[{"embeddable":true,"href":"https:\/\/www.biblia.work\/sermones\/wp-json\/wp\/v2\/users\/1"}],"replies":[{"embeddable":true,"href":"https:\/\/www.biblia.work\/sermones\/wp-json\/wp\/v2\/comments?post=35117"}],"version-history":[{"count":0,"href":"https:\/\/www.biblia.work\/sermones\/wp-json\/wp\/v2\/posts\/35117\/revisions"}],"wp:attachment":[{"href":"https:\/\/www.biblia.work\/sermones\/wp-json\/wp\/v2\/media?parent=35117"}],"wp:term":[{"taxonomy":"category","embeddable":true,"href":"https:\/\/www.biblia.work\/sermones\/wp-json\/wp\/v2\/categories?post=35117"},{"taxonomy":"post_tag","embeddable":true,"href":"https:\/\/www.biblia.work\/sermones\/wp-json\/wp\/v2\/tags?post=35117"}],"curies":[{"name":"wp","href":"https:\/\/api.w.org\/{rel}","templated":true}]}}