{"id":35118,"date":"2016-06-21T00:00:23","date_gmt":"2016-06-21T05:00:23","guid":{"rendered":"http:\/\/www.biblia.work\/sermones\/con-pasion-y-compasion-por-la-jec\/"},"modified":"2016-06-21T00:00:23","modified_gmt":"2016-06-21T05:00:23","slug":"con-pasion-y-compasion-por-la-jec","status":"publish","type":"post","link":"https:\/\/www.biblia.work\/sermones\/con-pasion-y-compasion-por-la-jec\/","title":{"rendered":"Con pasi\u00f3n y compasi\u00f3n, por la JEC"},"content":{"rendered":"<p align=\"justify\"><strong>Con pasi\u00f3n y compasi\u00f3n, por la JEC<br \/>\n<\/strong><\/p>\n<p align=\"justify\">Esta semana, los miembros del Equipo Permanente de la Juventud Estudiante Cat\u00f3lica Carmen Ledesma Chamorro y \u00c1lvaro Mota Medina han visitado a D. Jes\u00fas Garc\u00eda Burillo, obispo de \u00c1vila, para presentarle el Encuentro General de Militantes que el movimiento de Acci\u00f3n Cat\u00f3lica especializado en el ambiente estudiantil va a celebrar en Semana Santa.<br \/>\nCon pasi\u00f3n y compasi\u00f3n es el lema que enmarca esta cita que congregar\u00e1 a j\u00f3venes de diversas di\u00f3cesis del territorio espa\u00f1ol para poner en com\u00fan el trabajo que est\u00e1n realizando mediante campa\u00f1as de incidencia en el medio para concienciar a la juventud actual de la necesidad de reaccionar ante las injusticias en el entorno acad\u00e9mico, de la importancia de la participaci\u00f3n en las estructuras pol\u00edticas para transformar la realidad y de que, a trav\u00e9s del magisterio de la Iglesia, es posible buscar principios y valores que iluminen el dif\u00edcil paso del mundo del estudio al mundo laboral.<\/p>\n<p align=\"justify\">Todo este trabajo se celebrar\u00e1 bajo el p\u00f3rtico del Triduo Pascual, con ponentes expertos que dinamizar\u00e1n e iluminar\u00e1n la reflexi\u00f3n de los j\u00f3venes en las etapas de Educaci\u00f3n Secundaria, Universidad y Graduados con las claves de la Pasi\u00f3n, Muerte y Resurrecci\u00f3n del Se\u00f1or para, por las tardes, compartir un espacio orante que les ayude a entrar en este clima de celebraci\u00f3n en comunidad.<\/p>\n<p align=\"justify\">El encuentro, que ser\u00e1 una ocasi\u00f3n para disfrutar de la convivencia entre personas de distintas edades y de diferentes procedencias, se celebrar\u00e1 en el Centro Internacional Teresiano Sanjuanista (Universidad de la M\u00edstica) de \u00c1vila y est\u00e1n invitados a participar los miembros de la JEC y aquellos j\u00f3venes que tenga inquietud por acercarse a conocer su carisma y su modo de trabajar.<\/p>\n<p align=\"justify\">La elecci\u00f3n de esta fecha y este lugar responden al deseo de la JEC de poner el acento en el cultivo de la espiritualidad y la reflexi\u00f3n sobre la misericordia, aprovechando la inauguraci\u00f3n del Jubileo por parte del papa Francisco.<\/p>\n<p align=\"justify\">D. Jes\u00fas Garc\u00eda Burillo mostr\u00f3 su voluntad de acompa\u00f1ar a los miembros de la JEC en este encuentro y manifest\u00f3 su inter\u00e9s y apoyo al proyecto pastoral de este movimiento de Acci\u00f3n Cat\u00f3lica en un momento en el que considera importante ayudar al joven a madurar y crecer en la fe desde el estudio como actividad que condiciona y determina su manera de comprender y de acercarse al mundo.<\/p>\n<p align=\"justify\">Los miembros del Equipo Permanente aprovecharon la visita a \u00c1vila para presentar el encuentro y su programa a los delegados de Pastoral Juvenil y Pastoral Universitaria de la di\u00f3cesis.<\/p>\n","protected":false},"excerpt":{"rendered":"<p>Con pasi\u00f3n y compasi\u00f3n, por la JEC Esta semana, los miembros del Equipo Permanente de la Juventud Estudiante Cat\u00f3lica Carmen Ledesma Chamorro y \u00c1lvaro Mota Medina han visitado a D. Jes\u00fas Garc\u00eda Burillo, obispo de \u00c1vila, para presentarle el Encuentro General de Militantes que el movimiento de Acci\u00f3n Cat\u00f3lica especializado en el ambiente estudiantil va &hellip; <a href=\"https:\/\/www.biblia.work\/sermones\/con-pasion-y-compasion-por-la-jec\/\" class=\"more-link\">Continuar leyendo<span class=\"screen-reader-text\"> \u00abCon pasi\u00f3n y compasi\u00f3n, por la JEC\u00bb<\/span><\/a><\/p>\n","protected":false},"author":1,"featured_media":0,"comment_status":"open","ping_status":"closed","sticky":false,"template":"","format":"standard","meta":{"footnotes":""},"categories":[1],"tags":[],"class_list":["post-35118","post","type-post","status-publish","format-standard","hentry","category-general"],"_links":{"self":[{"href":"https:\/\/www.biblia.work\/sermones\/wp-json\/wp\/v2\/posts\/35118","targetHints":{"allow":["GET"]}}],"collection":[{"href":"https:\/\/www.biblia.work\/sermones\/wp-json\/wp\/v2\/posts"}],"about":[{"href":"https:\/\/www.biblia.work\/sermones\/wp-json\/wp\/v2\/types\/post"}],"author":[{"embeddable":true,"href":"https:\/\/www.biblia.work\/sermones\/wp-json\/wp\/v2\/users\/1"}],"replies":[{"embeddable":true,"href":"https:\/\/www.biblia.work\/sermones\/wp-json\/wp\/v2\/comments?post=35118"}],"version-history":[{"count":0,"href":"https:\/\/www.biblia.work\/sermones\/wp-json\/wp\/v2\/posts\/35118\/revisions"}],"wp:attachment":[{"href":"https:\/\/www.biblia.work\/sermones\/wp-json\/wp\/v2\/media?parent=35118"}],"wp:term":[{"taxonomy":"category","embeddable":true,"href":"https:\/\/www.biblia.work\/sermones\/wp-json\/wp\/v2\/categories?post=35118"},{"taxonomy":"post_tag","embeddable":true,"href":"https:\/\/www.biblia.work\/sermones\/wp-json\/wp\/v2\/tags?post=35118"}],"curies":[{"name":"wp","href":"https:\/\/api.w.org\/{rel}","templated":true}]}}