{"id":35119,"date":"2016-06-21T00:00:33","date_gmt":"2016-06-21T05:00:33","guid":{"rendered":"http:\/\/www.biblia.work\/sermones\/catolicos-y-cientificos-juan-cabre-aguilo-por-alfonso-v-carrascosa-cientifico-del-mncn-csic\/"},"modified":"2016-06-21T00:00:33","modified_gmt":"2016-06-21T05:00:33","slug":"catolicos-y-cientificos-juan-cabre-aguilo-por-alfonso-v-carrascosa-cientifico-del-mncn-csic","status":"publish","type":"post","link":"https:\/\/www.biblia.work\/sermones\/catolicos-y-cientificos-juan-cabre-aguilo-por-alfonso-v-carrascosa-cientifico-del-mncn-csic\/","title":{"rendered":"Cat\u00f3licos y cient\u00edficos: Juan Cabr\u00e9 Aguil\u00f3, por Alfonso V. Carrascosa, cient\u00edfico del MNCN-CSIC"},"content":{"rendered":"<p style=\"text-align: justify;\" align=\"JUSTIFY\"><strong>Cat\u00f3licos y cient\u00edficos: Juan Cabr\u00e9 Aguil\u00f3, por Alfonso V. Carrascosa, cient\u00edfico del MNCN-CSIC<\/strong><\/p>\n<p style=\"text-align: justify;\" align=\"JUSTIFY\"><b><\/b><b><\/b>Se exhibe en el Museo Nacional de Ciencias Naturales (MNCN, CSIC)<b> <\/b>de Madrid la exposici\u00f3n temporal ARTE Y NATURALEZA EN LA PREHISTORIA en la que se muestran una peque\u00f1a parte de la colecci\u00f3n de calcos de arte rupestre que se guardan en el MNCN.<\/p>\n<p style=\"text-align: justify;\" align=\"JUSTIFY\">. Dichos calcos eran llevados a cabo sobre pinturas rupestres para catalogar las mismas, estudiarlas, y finalmente en algunos casos reproducirlas a todo color, simulando el aspecto del original en la cueva. Las condiciones climatol\u00f3gicas o el vandalismo han hecho desaparecer algunas pinturas rupestres de las cuales s\u00f3lo se conservan las pinturas y los calcos del MNCN. <b>Juan Cabr\u00e9 Aguil\u00f3<\/b> (1882-1947) fue uno de los dibujantes de las pinturas y calcos que se exhiben: era cat\u00f3lico y cient\u00edfico.<\/p>\n<p style=\"text-align: justify;\" align=\"JUSTIFY\">Trabaj\u00f3 codo con codo con el Marqu\u00e9s de Cerralbo, presidente fundador de la Comisi\u00f3n de Investigaciones Paleontol\u00f3gicas y Prehist\u00f3ricas a la que tambi\u00e9n perteneci\u00f3 durante alg\u00fan tiempo Juan Cabr\u00e9. La amistad que le uni\u00f3 al Marqu\u00e9s de Cerralbo fue m\u00e1s all\u00e1 de lo profesional, siendo los dos miembros del Partido Carlista, cuyo lema es Dios, Patria y Rey. La fuerte catolicidad de sus miembros era se\u00f1a de identidad de los mismos. Cabr\u00e9 y el Marqu\u00e9s fueron cient\u00edficos cat\u00f3licos. Cabr\u00e9, como todos los carlistas, vivi\u00f3 en la semiclandestinidad su ideolog\u00eda durante el franquismo: los mon\u00e1rquicos tambi\u00e9n sufrieron exilio interior.<\/p>\n<p style=\"text-align: justify;\" align=\"JUSTIFY\">Formado en el Seminario de San Jos\u00e9 en Tortosa (Tarragona), o sea, recibiendo religi\u00f3n en la escuela, en la Escuela de Artes y Oficios y en el estudio de Mariano Oliver Aznar de Zaragoza, Cabr\u00e9 estudi\u00f3 becado en la Real Academia de San Fernando de Madrid. Se relacion\u00f3 con el c\u00edrculo de la Real Academia de la Historia y, especialmente, con Enrique de Aguilera y Gamboa, Marqu\u00e9s de Cerralbo. Lo que le termin\u00f3 por decantar hacia la prehistoria fue el hallazgo de las primeras pinturas de arte rupestre levantino que se daban a conocer en Espa\u00f1a, la Roca dels Moros en Calapat\u00e1 (Teruel), que le permitieron trabajar con Henri Breuil, cient\u00edfico cat\u00f3lico y cura para m\u00e1s se\u00f1as, que demostr\u00f3 la autenticidad de las Cuevas de Altamira en 1902, y el Institut de Pal\u00e9ontologie Humaine de Par\u00eds, en el que trabajaban varios cient\u00edficos cat\u00f3licos europeos de la \u00e9poca. Cabr\u00e9 conoci\u00f3 as\u00ed la arqueolog\u00eda que se estaba llevando a cabo en Europa, al tiempo que iba a misa los domingos o a caso todos los d\u00edas.<\/p>\n<p style=\"text-align: justify;\" align=\"JUSTIFY\">Juan Cabr\u00e9 colabor\u00f3 con la Comisi\u00f3n hasta 1917, a partir de cuyo momento se dedic\u00f3 enteramente a la arqueolog\u00eda. Su formaci\u00f3n se ampli\u00f3 gracias a una de las becas que la Junta para Ampliaci\u00f3n de Estudios le concedi\u00f3 para visitar Francia, Alemania, Austria, Italia y Suiza. Fue nombrado jefe de la secci\u00f3n de Prehistoria del Instituto &#8220;Diego de Vel\u00e1zquez&#8221; de Arte y Arqueolog\u00eda del CSIC, fundado por cient\u00edficos cat\u00f3licos. En julio de 1942, obtuvo, por oposici\u00f3n, la plaza de preparador de la secci\u00f3n de Prehistoria y Edad Antigua del Museo Arqueol\u00f3gico Nacional, cargo que desempe\u00f1\u00f3 hasta el momento de su muerte, el 2 de agosto de 1947. Su legado alcanz\u00f3 casi el millar de obras y un buen n\u00famero de publicaciones cient\u00edficas, algunas de las cuales se exhiben en la exposici\u00f3n, junto a objetos como un rosario, y libros religiosos que manifiestan tambi\u00e9n la compatibilidad ciencia y fe, ya que los llevaban a la exploraci\u00f3n de las grutas para ahcer sus oraciones cotidianas. Cabr\u00e9 form\u00f3 parte de la Comisi\u00f3n de Investigaciones Paleontol\u00f3gicas y Prehist\u00f3ricas (1912-1916) y del Centro de Estudios Hist\u00f3ricos (1917-1939). Al mismo tiempo dirig\u00eda el Museo Cerralbo (1922-1939) y colaboraba con el Museo de Antropolog\u00eda. Su hija M\u00aa Encarnaci\u00f3n Cabr\u00e9 Herreros ser\u00eda una de las primeras mujeres en emprender el camino cient\u00edfico del estudio de la prehistoria ayudada por su padre con qui\u00e9n trabaj\u00f3.<\/p>\n<p style=\"text-align: justify;\" align=\"JUSTIFY\">Con personajes como Cabr\u00e9 es evidente que ciencia y religi\u00f3n o raz\u00f3n y fe son compatibles, y que se puede llegar a ser una eminencia cient\u00edfica internacional a la que le dediquen una exposici\u00f3n habiendo estudiado en un seminario, o sea, habiendo recibido religi\u00f3n en la escuela, tras todo lo cual se puede introducir a una mujer \u2013su hija- en la carrera cient\u00edfica en \u00e9poca donde tal pr\u00e1ctica no era precisamente lo m\u00e1s habitual.<\/p>\n","protected":false},"excerpt":{"rendered":"<p>Cat\u00f3licos y cient\u00edficos: Juan Cabr\u00e9 Aguil\u00f3, por Alfonso V. Carrascosa, cient\u00edfico del MNCN-CSIC Se exhibe en el Museo Nacional de Ciencias Naturales (MNCN, CSIC) de Madrid la exposici\u00f3n temporal ARTE Y NATURALEZA EN LA PREHISTORIA en la que se muestran una peque\u00f1a parte de la colecci\u00f3n de calcos de arte rupestre que se guardan en &hellip; <a href=\"https:\/\/www.biblia.work\/sermones\/catolicos-y-cientificos-juan-cabre-aguilo-por-alfonso-v-carrascosa-cientifico-del-mncn-csic\/\" class=\"more-link\">Continuar leyendo<span class=\"screen-reader-text\"> \u00abCat\u00f3licos y cient\u00edficos: Juan Cabr\u00e9 Aguil\u00f3, por Alfonso V. Carrascosa, cient\u00edfico del MNCN-CSIC\u00bb<\/span><\/a><\/p>\n","protected":false},"author":1,"featured_media":0,"comment_status":"open","ping_status":"closed","sticky":false,"template":"","format":"standard","meta":{"footnotes":""},"categories":[1],"tags":[],"class_list":["post-35119","post","type-post","status-publish","format-standard","hentry","category-general"],"_links":{"self":[{"href":"https:\/\/www.biblia.work\/sermones\/wp-json\/wp\/v2\/posts\/35119","targetHints":{"allow":["GET"]}}],"collection":[{"href":"https:\/\/www.biblia.work\/sermones\/wp-json\/wp\/v2\/posts"}],"about":[{"href":"https:\/\/www.biblia.work\/sermones\/wp-json\/wp\/v2\/types\/post"}],"author":[{"embeddable":true,"href":"https:\/\/www.biblia.work\/sermones\/wp-json\/wp\/v2\/users\/1"}],"replies":[{"embeddable":true,"href":"https:\/\/www.biblia.work\/sermones\/wp-json\/wp\/v2\/comments?post=35119"}],"version-history":[{"count":0,"href":"https:\/\/www.biblia.work\/sermones\/wp-json\/wp\/v2\/posts\/35119\/revisions"}],"wp:attachment":[{"href":"https:\/\/www.biblia.work\/sermones\/wp-json\/wp\/v2\/media?parent=35119"}],"wp:term":[{"taxonomy":"category","embeddable":true,"href":"https:\/\/www.biblia.work\/sermones\/wp-json\/wp\/v2\/categories?post=35119"},{"taxonomy":"post_tag","embeddable":true,"href":"https:\/\/www.biblia.work\/sermones\/wp-json\/wp\/v2\/tags?post=35119"}],"curies":[{"name":"wp","href":"https:\/\/api.w.org\/{rel}","templated":true}]}}