{"id":35123,"date":"2016-06-21T00:00:50","date_gmt":"2016-06-21T05:00:50","guid":{"rendered":"http:\/\/www.biblia.work\/sermones\/con-maria-junto-al-enfermo-por-jose-roman-flecha-andres-en-diario-de-leon-6-2-2016\/"},"modified":"2016-06-21T00:00:50","modified_gmt":"2016-06-21T05:00:50","slug":"con-maria-junto-al-enfermo-por-jose-roman-flecha-andres-en-diario-de-leon-6-2-2016","status":"publish","type":"post","link":"https:\/\/www.biblia.work\/sermones\/con-maria-junto-al-enfermo-por-jose-roman-flecha-andres-en-diario-de-leon-6-2-2016\/","title":{"rendered":"Con Mar\u00eda junto al enfermo, por Jos\u00e9-Rom\u00e1n Flecha Andr\u00e9s, en Diario de Le\u00f3n (6-2-2016)"},"content":{"rendered":"<p style=\"text-align: justify;\"><strong>Con Mar\u00eda junto al enfermo, por Jos\u00e9-Rom\u00e1n Flecha Andr\u00e9s, en Diario de Le\u00f3n (6-2-2016)<\/strong><\/p>\n<p style=\"text-align: justify;\">Confiar en Jes\u00fas misericordioso como Mar\u00eda: \u201cHaced lo que \u00c9l os diga\u201d (Jn 2,5). Ese es el lema del mensaje del papa Francisco para la <strong>Jornada Mundial del Enfermo<\/strong>. Como es habitual se celebrar\u00e1 el d\u00eda 11 de febrero. Pero este a\u00f1o 2016 tendr\u00e1 como escenario la ciudad de Nazaret, en Tierra Santa. <\/p>\n<p style=\"text-align: justify;\">Aprovechando esa circunstancia. El Papa nos recuerda el episodio evang\u00e9lico de las bodas de Can\u00e1. En aquella ocasi\u00f3n, ante la falta del vino, la atenci\u00f3n de Mar\u00eda hizo posible el primero de los signos obrados por su Hijo Jes\u00fas. <\/p>\n<p style=\"text-align: justify;\">Cabe preguntarse qu\u00e9 ense\u00f1anza nos proporciona aquel acontecimiento con relaci\u00f3n a la Jornada Mundial del Enfermo. Pues bien, el Papa responde a esta pregunta, invit\u00e1ndonos a fijar nuestra atenci\u00f3n en tres protagonistas del relato evang\u00e9lico. <\/p>\n<p style=\"text-align: justify;\">1. En primer lugar est\u00e1 Mar\u00eda. En ella \u201ctenemos una Madre con ojos vigilantes y compasivos, como los de su Hijo; con un coraz\u00f3n maternal lleno de misericordia, como \u00c9l; con unas manos que quieren ayudar, como las manos de Jes\u00fas, que part\u00edan el pan para los hambrientos, que tocaban a los enfermos y los sanaba\u201d. <\/p>\n<p style=\"text-align: justify;\">Hay una frase del Papa que vale por un discurso: \u201cEn la solicitud de Mar\u00eda se refleja la ternura de Dios\u201d. Pues bien, esa ternura de Mar\u00eda se refleja y ha de reflejarse en los sentimientos y en las personas que \u201cse encuentran junto a los enfermos y saben comprender sus necesidades, a\u00fan las m\u00e1s ocultas, porque miran con ojos llenos de amor\u201d. <\/p>\n<p style=\"text-align: justify;\">2. El puesto central del relato corresponde obviamente a Jes\u00fas. \u201c\u00c9l es Aquel que socorre al que est\u00e1 en dificultad y pasa necesidad. En efecto, en su ministerio mesi\u00e1nico curar\u00e1 a muchos de sus enfermedades, dolencias y malos esp\u00edritus, dar\u00e1 la vista a los ciegos, har\u00e1 caminar a los cojos, devolver\u00e1 la salud y la dignidad a los leprosos, resucitar\u00e1 a los muertos y a los pobres anunciar\u00e1 la buena nueva (cf. Lc 7,21-22)\u201d. <\/p>\n<p style=\"text-align: justify;\">En el d\u00eda de hoy la actividad de la Iglesia y la presencia afectiva y efectiva de los que siguen a Jes\u00fas ha de manifestar \u201cno s\u00f3lo el poder mesi\u00e1nico de Jes\u00fas sino tambi\u00e9n su misericordia\u201d.<\/p>\n<p style=\"text-align: justify;\">3. Adem\u00e1s de Jes\u00fas y de su Madre, en Can\u00e1 estaban tambi\u00e9n los \u201csirvientes\u201d. Estos personajes an\u00f3nimos del Evangelio \u201cno s\u00f3lo obedecen, sino que lo hacen generosamente\u2026 Se f\u00edan de la Madre, y con prontitud hacen bien lo que se les pide, sin lamentarse, sin hacer c\u00e1lculos\u201d.<\/p>\n<p style=\"text-align: justify;\">Tambi\u00e9n hoy, es impagable la profesionalidad y la cercan\u00eda de tantas personas que mantienen la esperanza de los enfermos, alivian sus dolores y hacen posible su reinserci\u00f3n en la comunidad. <\/p>\n<p style=\"text-align: justify;\">Seg\u00fan el Papa Francisco, cada vez que se ayuda discretamente a quien sufre, o cuando se est\u00e1 enfermo, se tiene la ocasi\u00f3n de cargar sobre los propios hombros la cruz de cada d\u00eda y de seguir al Maestro (cf. Lc 9,23); y a\u00fan cuando el encuentro con el sufrimiento sea siempre un misterio, Jes\u00fas nos ayuda a encontrarle sentido\u201d.<\/p>\n<p style=\"text-align: justify;\">En este a\u00f1o, Mar\u00eda de Nazaret nos ense\u00f1a a llevar la ternura de Dios a todos nuestros hermanos que sufren. <\/p>\n<p style=\"text-align: justify;\">Jos\u00e9-Rom\u00e1n Flecha Andr\u00e9s <\/p>\n","protected":false},"excerpt":{"rendered":"<p>Con Mar\u00eda junto al enfermo, por Jos\u00e9-Rom\u00e1n Flecha Andr\u00e9s, en Diario de Le\u00f3n (6-2-2016) Confiar en Jes\u00fas misericordioso como Mar\u00eda: \u201cHaced lo que \u00c9l os diga\u201d (Jn 2,5). Ese es el lema del mensaje del papa Francisco para la Jornada Mundial del Enfermo. Como es habitual se celebrar\u00e1 el d\u00eda 11 de febrero. Pero este &hellip; <a href=\"https:\/\/www.biblia.work\/sermones\/con-maria-junto-al-enfermo-por-jose-roman-flecha-andres-en-diario-de-leon-6-2-2016\/\" class=\"more-link\">Continuar leyendo<span class=\"screen-reader-text\"> \u00abCon Mar\u00eda junto al enfermo, por Jos\u00e9-Rom\u00e1n Flecha Andr\u00e9s, en Diario de Le\u00f3n (6-2-2016)\u00bb<\/span><\/a><\/p>\n","protected":false},"author":1,"featured_media":0,"comment_status":"open","ping_status":"closed","sticky":false,"template":"","format":"standard","meta":{"footnotes":""},"categories":[1],"tags":[],"class_list":["post-35123","post","type-post","status-publish","format-standard","hentry","category-general"],"_links":{"self":[{"href":"https:\/\/www.biblia.work\/sermones\/wp-json\/wp\/v2\/posts\/35123","targetHints":{"allow":["GET"]}}],"collection":[{"href":"https:\/\/www.biblia.work\/sermones\/wp-json\/wp\/v2\/posts"}],"about":[{"href":"https:\/\/www.biblia.work\/sermones\/wp-json\/wp\/v2\/types\/post"}],"author":[{"embeddable":true,"href":"https:\/\/www.biblia.work\/sermones\/wp-json\/wp\/v2\/users\/1"}],"replies":[{"embeddable":true,"href":"https:\/\/www.biblia.work\/sermones\/wp-json\/wp\/v2\/comments?post=35123"}],"version-history":[{"count":0,"href":"https:\/\/www.biblia.work\/sermones\/wp-json\/wp\/v2\/posts\/35123\/revisions"}],"wp:attachment":[{"href":"https:\/\/www.biblia.work\/sermones\/wp-json\/wp\/v2\/media?parent=35123"}],"wp:term":[{"taxonomy":"category","embeddable":true,"href":"https:\/\/www.biblia.work\/sermones\/wp-json\/wp\/v2\/categories?post=35123"},{"taxonomy":"post_tag","embeddable":true,"href":"https:\/\/www.biblia.work\/sermones\/wp-json\/wp\/v2\/tags?post=35123"}],"curies":[{"name":"wp","href":"https:\/\/api.w.org\/{rel}","templated":true}]}}