{"id":35124,"date":"2016-06-21T00:01:00","date_gmt":"2016-06-21T05:01:00","guid":{"rendered":"http:\/\/www.biblia.work\/sermones\/la-unidad-de-los-cristianos-exige-tambien-gestos-y-testimonios-audaces-editorial-ecclesia\/"},"modified":"2016-06-21T00:01:00","modified_gmt":"2016-06-21T05:01:00","slug":"la-unidad-de-los-cristianos-exige-tambien-gestos-y-testimonios-audaces-editorial-ecclesia","status":"publish","type":"post","link":"https:\/\/www.biblia.work\/sermones\/la-unidad-de-los-cristianos-exige-tambien-gestos-y-testimonios-audaces-editorial-ecclesia\/","title":{"rendered":"La unidad de los cristianos exige tambi\u00e9n gestos y testimonios audaces \u2013 editorial ECCLESIA"},"content":{"rendered":"<p style=\"text-align: justify;\"><strong>La unidad de los cristianos exige tambi\u00e9n gestos y testimonios audaces \u2013 editorial ECCLESIA<\/strong><\/p>\n<p style=\"text-align: justify;\">La p\u00e1gina 38 del n\u00famero de ecclesia \u00a0de la pasada semana recogi\u00f3 ya la informaci\u00f3n vaticana de \u00faltima hora, que comunicaba que el Papa participar\u00e1 el 31 de octubre pr\u00f3ximo en una conmemoraci\u00f3n del quinientos aniversario de la reforma luterana. Dicha conmemoraci\u00f3n ser\u00e1 en la ciudad sueca de Lund y Francisco ser\u00e1 acompa\u00f1ado, en la presidencia del correspondiente acto, por el presidente y por el secretario general de la Federaci\u00f3n Luterana Mundial.<\/p>\n<p style=\"text-align: justify;\">\u00a0\u00a0\u00a0\u00a0\u00a0\u00a0\u00a0\u00a0 Esta es la esencia de la noticia, noticia de indudable calado y trascendencia. \u00bfCu\u00e1les son las claves para su, a nuestro juicio, correcta interpretaci\u00f3n y valoraci\u00f3n? En primer lugar, es preciso subrayar, una vez m\u00e1s, que la unidad de los cristianos es una cuesti\u00f3n apremiante y prioritaria, que requiere conversi\u00f3n del coraz\u00f3n, oraci\u00f3n, di\u00e1logo, humildad, encuentro y tambi\u00e9n gestos y testimonios. El camino de la unidad solo se hace caminando y en el camino \u2014como repite Francisco con intuici\u00f3n y acierto\u2014 comienza ya la unidad. Por ello, solo cabe recibir y saludar esta decisi\u00f3n del Papa con alegr\u00eda, satisfacci\u00f3n y esperanza. Francisco sigue, de este modo, adentr\u00e1ndose por la misma senda de signos y de gestos ecum\u00e9nicos que nuestra Iglesia y la entera cristiandad llevan realizando desde el Concilio Vaticano II. Y la audacia de estos gestos no se contrapone con la prudencia cuando, a protocolos, proporcionalidades, cuotas de representatividad y dem\u00e1s par\u00e1metros mundanos, lo que se antepone es el servicio, la contribuci\u00f3n a la unidad desde la verdad y desde el amor.<\/p>\n<p style=\"text-align: justify;\">\n<p style=\"text-align: justify;\">\u00a0\u00a0\u00a0\u00a0\u00a0\u00a0\u00a0\u00a0 La conmemoraci\u00f3n de Lund tendr\u00e1 lugar el 31 de octubre de 2016, esto es, todav\u00eda en el A\u00f1o Jubilar de la Misericordia. Y estamos convencidos de que ha sido Francisco quien ha elegido la fecha \u2014concretamente el a\u00f1o\u2014 para visibilizar que igualmente en materia ecum\u00e9nica hay que predicar, s\u00ed, pero tambi\u00e9n dar trigo\u2026 Y todo lo que conduzca, en este caso, a la reconciliaci\u00f3n y la unidad es obra, ejercicio, manifestaci\u00f3n y fruto de la misericordia.<\/p>\n<p style=\"text-align: justify;\">\u00a0\u00a0\u00a0\u00a0\u00a0\u00a0\u00a0\u00a0 Consideramos asimismo importante ahondar m\u00e1s en la fecha elegida \u201431 de octubre de 2016\u2014 por otro motivo, a nuestro parecer, muy significativo. Fue el 31 de octubre, s\u00ed, pero no de 1516, sino de 1517 cuando el te\u00f3logo y fraile agustino alem\u00e1n Mart\u00edn Lutero clav\u00f3 las 95 tesis de su protesta \u2014de ah\u00ed, el nombre de \u201cProtestantismo\u201d y el germen, el sustrato de la reforma luterana\u2014 en las puertas de la iglesia palatina de Wittenberg. Esto es, Francisco participar\u00e1 en una conmemoraci\u00f3n de la Reforma un a\u00f1o antes del quinientos aniversario de la misma. Y, adem\u00e1s, repitamos, en el A\u00f1o de la Misericordia.<\/p>\n<p style=\"text-align: justify;\">\u00a0\u00a0\u00a0\u00a0\u00a0\u00a0\u00a0\u00a0 Esta conmemoraci\u00f3n resaltar\u00e1 asimismo, como ha destacado la Santa Sede, \u00ablos s\u00f3lidos progresos ecum\u00e9nicos entre cat\u00f3licos y luteranos y los dones rec\u00edprocos surgidos del di\u00e1logo. Del evento formar\u00e1 parte una celebraci\u00f3n com\u00fan basada en la gu\u00eda lit\u00fargica cat\u00f3lico-luterana \u201c<em>Common Prayer\u201d<\/em> (\u201c<em>Oraci\u00f3n com\u00fan\u201d<\/em>), publicada recientemente\u00bb. Y se insertar\u00e1 en el camino de los acuerdos logrados, en materia teol\u00f3gica, entre la Iglesia cat\u00f3lica y la Federaci\u00f3n Luterana Mundial como la \u00abDeclaraci\u00f3n conjunta sobre la\u00a0 doctrina de la Justificaci\u00f3n\u00bb de 1999 y el documento de estudio, de 2013, \u00abDel conflicto a la comuni\u00f3n\u00bb. Y es que precisamente este documento es el primer intento, por ambas partes, de describir juntos la historia de la Reforma y de sus intenciones. \u00abDel conflicto a la comuni\u00f3n\u00bb presenta, adem\u00e1s, \u00a0los temas de\u00a0 acci\u00f3n de gracias, arrepentimiento y compromiso de testimonio com\u00fan, con el fin de expresar los dones de la Reforma y pedir perd\u00f3n por las divisiones que siguieron a las disputas teol\u00f3gicas.<\/p>\n<p style=\"text-align: justify;\">\u00a0\u00a0\u00a0\u00a0\u00a0\u00a0\u00a0\u00a0 En este sentido, bueno ser\u00e1 recordar que el decreto del Concilio Vaticano II \u2013uno de sus textos m\u00e1s emblem\u00e1ticos- sobre el ecumenismo <em>Unitatis redintegratio<\/em> afirma expresamente que \u00abel pecado\u00bb de la separaci\u00f3n se produjo \u00abno sin responsabilidad de ambas partes\u00bb y que, por ello, el camino hacia la unidad solo se puede recorrer pidiendo humildemente \u00abperd\u00f3n a Dios y a los hermanos separados, como nosotros perdonamos a quienes nos hayan ofendido\u00bb. Porque \u00aba las faltas contra la unidad pueden aplicarse las palabras de san Juan: &#8220;Si decimos que no hemos pecado, hacemos a Dios mentiroso, y su palabra no est\u00e1 en nosotros&#8221;\u00bb.<\/p>\n<p style=\"text-align: justify;\">\u00a0\u00a0\u00a0\u00a0\u00a0\u00a0\u00a0\u00a0 Bienvenido, sea, pues el gesto del Papa Francisco. Y no tengamos ni miedos ni prisas. Y, en tiempos recios de increencias, aprovechemos el testimonio com\u00fan de la fe en Cristo crucificado y resucitado que en Lund se producir\u00e1.<\/p>\n","protected":false},"excerpt":{"rendered":"<p>La unidad de los cristianos exige tambi\u00e9n gestos y testimonios audaces \u2013 editorial ECCLESIA La p\u00e1gina 38 del n\u00famero de ecclesia \u00a0de la pasada semana recogi\u00f3 ya la informaci\u00f3n vaticana de \u00faltima hora, que comunicaba que el Papa participar\u00e1 el 31 de octubre pr\u00f3ximo en una conmemoraci\u00f3n del quinientos aniversario de la reforma luterana. Dicha &hellip; <a href=\"https:\/\/www.biblia.work\/sermones\/la-unidad-de-los-cristianos-exige-tambien-gestos-y-testimonios-audaces-editorial-ecclesia\/\" class=\"more-link\">Continuar leyendo<span class=\"screen-reader-text\"> \u00abLa unidad de los cristianos exige tambi\u00e9n gestos y testimonios audaces \u2013 editorial ECCLESIA\u00bb<\/span><\/a><\/p>\n","protected":false},"author":1,"featured_media":0,"comment_status":"open","ping_status":"closed","sticky":false,"template":"","format":"standard","meta":{"footnotes":""},"categories":[1],"tags":[],"class_list":["post-35124","post","type-post","status-publish","format-standard","hentry","category-general"],"_links":{"self":[{"href":"https:\/\/www.biblia.work\/sermones\/wp-json\/wp\/v2\/posts\/35124","targetHints":{"allow":["GET"]}}],"collection":[{"href":"https:\/\/www.biblia.work\/sermones\/wp-json\/wp\/v2\/posts"}],"about":[{"href":"https:\/\/www.biblia.work\/sermones\/wp-json\/wp\/v2\/types\/post"}],"author":[{"embeddable":true,"href":"https:\/\/www.biblia.work\/sermones\/wp-json\/wp\/v2\/users\/1"}],"replies":[{"embeddable":true,"href":"https:\/\/www.biblia.work\/sermones\/wp-json\/wp\/v2\/comments?post=35124"}],"version-history":[{"count":0,"href":"https:\/\/www.biblia.work\/sermones\/wp-json\/wp\/v2\/posts\/35124\/revisions"}],"wp:attachment":[{"href":"https:\/\/www.biblia.work\/sermones\/wp-json\/wp\/v2\/media?parent=35124"}],"wp:term":[{"taxonomy":"category","embeddable":true,"href":"https:\/\/www.biblia.work\/sermones\/wp-json\/wp\/v2\/categories?post=35124"},{"taxonomy":"post_tag","embeddable":true,"href":"https:\/\/www.biblia.work\/sermones\/wp-json\/wp\/v2\/tags?post=35124"}],"curies":[{"name":"wp","href":"https:\/\/api.w.org\/{rel}","templated":true}]}}