{"id":35125,"date":"2016-06-21T00:01:05","date_gmt":"2016-06-21T05:01:05","guid":{"rendered":"http:\/\/www.biblia.work\/sermones\/dia-de-la-vida-consagrada-testimonio-de-fray-jose-borja-profeso-trinitario\/"},"modified":"2016-06-21T00:01:05","modified_gmt":"2016-06-21T05:01:05","slug":"dia-de-la-vida-consagrada-testimonio-de-fray-jose-borja-profeso-trinitario","status":"publish","type":"post","link":"https:\/\/www.biblia.work\/sermones\/dia-de-la-vida-consagrada-testimonio-de-fray-jose-borja-profeso-trinitario\/","title":{"rendered":"D\u00eda de la Vida Consagrada: testimonio de fray Jos\u00e9 Borja, profeso Trinitario"},"content":{"rendered":"<p style=\"text-align: justify;\"><strong>D\u00eda de la Vida Consagrada: testimonio de fray Jos\u00e9 Borja, profeso Trinitario<\/strong><\/p>\n<p style=\"text-align: justify;\">Sent\u00eda la llamada al sacerdocio desde muy peque\u00f1o ya que he nacido en una familia cristiana y practicante.<br \/>\nSiempre hab\u00eda estado metido en una parroquia diocesana, en catequesis, y era monaguillo. Entr\u00e9 en el seminario menor, ya que mi idea siempre era ser cura diocesano.<\/p>\n<p style=\"text-align: justify;\"><em>A los 20, algo me suced\u00eda, no era feliz\u2026 Algo me faltaba. Estando una noche en una red social, vi fotos de la ordenaci\u00f3n sacerdotal de un conocido. Eso me impact\u00f3.<br \/>\nVe\u00eda su cara de felicidad en momentos concretos de la celebraci\u00f3n&#8230; Hasta que segu\u00eda pasando fotos, y no me lo pod\u00eda creer. Era religioso.<\/p>\n<p align=\"justify\">Por un tiempo estuve con muchas preguntas, aunque me las guardabas para m\u00ed&#8230; Esa inquietud, se acrecentaba por d\u00eda&#8230;\u00a0 Meses despu\u00e9s, por esa misma red social, puso que lo destinaban a mi ciudad, reci\u00e9n ordenado. Y me anim\u00e9 esa noche a escribirle. Y le dije de quedar.Lo primero que me ense\u00f1\u00f3 cuando quedamos fue el barrio y la parroquia donde ellos viven. Un barrio con riesgo de exclusi\u00f3n social.<\/p>\n<p align=\"justify\">Pasado un tiempo, empec\u00e9 un proceso de discernimiento. Por dentro la cosa cambiaba, me sent\u00eda a gusto&#8230; Se me vino a la cabeza algo nuevo, \u00bfpor qu\u00e9 no ser religioso trinitario? Sent\u00eda que Dios me llamaba a un nuevo camino. \u00c9l iba actuando a trav\u00e9s de esos religiosos. Entr\u00e9 en la orden en el 2012.<\/p>\n<p align=\"justify\">El 5 de septiembre de 2015, hice mi primera profesi\u00f3n temporal y recib\u00ed el h\u00e1bito. Un d\u00eda m\u00e1gico, lleno de emoci\u00f3n\u2026 No me pod\u00eda creer que Dios me estuviera eligiendo a m\u00ed\u2026 Recuerdo con mucho cari\u00f1o cuando pronunci\u00e9 las palabras: \u201cMe consagro a ti\u2026 en castidad, pobreza y obediencia\u201d, y la acogida fraternal de los hermanos. Dios me cog\u00eda de la mano y empezaba un plan, un camino de amor m\u00e1s \u00edntimo y perfecto.<\/em><\/p>\n<p style=\"text-align: justify;\">Le doy gracias a Dios por esta llamada a la vida religiosa, y el poder compartir en una comunidad con los hermanos mi propia vida.<\/p>\n<p style=\"text-align: justify;\">Fray Jos\u00e9 Borja<\/p>\n","protected":false},"excerpt":{"rendered":"<p>D\u00eda de la Vida Consagrada: testimonio de fray Jos\u00e9 Borja, profeso Trinitario Sent\u00eda la llamada al sacerdocio desde muy peque\u00f1o ya que he nacido en una familia cristiana y practicante. Siempre hab\u00eda estado metido en una parroquia diocesana, en catequesis, y era monaguillo. Entr\u00e9 en el seminario menor, ya que mi idea siempre era ser &hellip; <a href=\"https:\/\/www.biblia.work\/sermones\/dia-de-la-vida-consagrada-testimonio-de-fray-jose-borja-profeso-trinitario\/\" class=\"more-link\">Continuar leyendo<span class=\"screen-reader-text\"> \u00abD\u00eda de la Vida Consagrada: testimonio de fray Jos\u00e9 Borja, profeso Trinitario\u00bb<\/span><\/a><\/p>\n","protected":false},"author":1,"featured_media":0,"comment_status":"open","ping_status":"closed","sticky":false,"template":"","format":"standard","meta":{"footnotes":""},"categories":[1],"tags":[],"class_list":["post-35125","post","type-post","status-publish","format-standard","hentry","category-general"],"_links":{"self":[{"href":"https:\/\/www.biblia.work\/sermones\/wp-json\/wp\/v2\/posts\/35125","targetHints":{"allow":["GET"]}}],"collection":[{"href":"https:\/\/www.biblia.work\/sermones\/wp-json\/wp\/v2\/posts"}],"about":[{"href":"https:\/\/www.biblia.work\/sermones\/wp-json\/wp\/v2\/types\/post"}],"author":[{"embeddable":true,"href":"https:\/\/www.biblia.work\/sermones\/wp-json\/wp\/v2\/users\/1"}],"replies":[{"embeddable":true,"href":"https:\/\/www.biblia.work\/sermones\/wp-json\/wp\/v2\/comments?post=35125"}],"version-history":[{"count":0,"href":"https:\/\/www.biblia.work\/sermones\/wp-json\/wp\/v2\/posts\/35125\/revisions"}],"wp:attachment":[{"href":"https:\/\/www.biblia.work\/sermones\/wp-json\/wp\/v2\/media?parent=35125"}],"wp:term":[{"taxonomy":"category","embeddable":true,"href":"https:\/\/www.biblia.work\/sermones\/wp-json\/wp\/v2\/categories?post=35125"},{"taxonomy":"post_tag","embeddable":true,"href":"https:\/\/www.biblia.work\/sermones\/wp-json\/wp\/v2\/tags?post=35125"}],"curies":[{"name":"wp","href":"https:\/\/api.w.org\/{rel}","templated":true}]}}