{"id":35126,"date":"2016-06-21T00:01:09","date_gmt":"2016-06-21T05:01:09","guid":{"rendered":"http:\/\/www.biblia.work\/sermones\/la-leyenda-negra-en-el-ateneo-jovellanos-por-fidel-garcia-martinez\/"},"modified":"2016-06-21T00:01:09","modified_gmt":"2016-06-21T05:01:09","slug":"la-leyenda-negra-en-el-ateneo-jovellanos-por-fidel-garcia-martinez","status":"publish","type":"post","link":"https:\/\/www.biblia.work\/sermones\/la-leyenda-negra-en-el-ateneo-jovellanos-por-fidel-garcia-martinez\/","title":{"rendered":"La leyenda negra en el Ateneo Jovellanos, por Fidel Garc\u00eda Mart\u00ednez"},"content":{"rendered":"<p align=\"justify\"><strong>La leyenda negra en el Ateneo Jovellanos, por Fidel Garc\u00eda Mart\u00ednez<\/strong><\/p>\n<p style=\"text-align: justify;\">El pasado viernes el D.<strong> Ignacio Moll\u00e1 Ayuso<\/strong>, Consultor y Formador de directivos, ante un p\u00fablico numeroso y expectante, analiz\u00f3 con profundidad y rigor el mito de la leyenda negra antiespa\u00f1ola, repetido hasta la saciedad durante siglos por los enemigos de Espa\u00f1a de dentro y fuera.<\/p>\n<p style=\"text-align: justify;\">A\u00fan hoy no faltan pol\u00edticos e intelectuales de la nada y del revanchismo que piensan que la historia de Espa\u00f1a empieza en el Siglo XX, abominando e ignorando su historia m\u00e1s grande, y repiten como papagayos sin el menor sentido cr\u00edtico todas las mentiras y falsedades contra la Espa\u00f1a de los Reyes Cat\u00f3licos, Carlos V y muy especialmente Felipe II, reinados que coinciden con el mayor esplendor de Espa\u00f1a en todos los niveles, cultura, pol\u00edtica y religiosa. Es la Espa\u00f1a del descubrimiento de Am\u00e9rica, de la Unidad Nacional, del Imperio donde nunca se pon\u00eda el sol. La leyenda negra se basa en relatos fant\u00e1sticos, en descripciones grotescas contra Espa\u00f1a y todo lo espa\u00f1ol. A\u00fan hoy en universidades e Institutos profesores repiten todos los t\u00f3picos antiespa\u00f1oles m\u00e1s sectarios y reaccionarios con total desfachatez. La leyenda negra tiene sus or\u00edgenes a mediados del siglo XVI, con la Espa\u00f1a de Carlos V cuando inicia la lucha contra la Falsa Reforma protestante. Pero fue el gran Rey Felipe II quien sufri\u00f3 los m\u00e1s odiosos ataques y descalificaciones. Los grandes creadores de la leyenda negra fueron Guillermo de Orange un traidor a Espa\u00f1a que se dedic\u00f3 a difamar al Rey con toda clase de mentiras y calumnias que corrieron como la p\u00f3lvora por Francia, Holanda e Inglaterra principalmente. A la leyenda negra contra Espa\u00f1a contribuy\u00f3 y mucho Antonio P\u00e9rez, secretario de Felipe II quien divulg\u00f3 por Europa todas las falsedades que pudo, fruto de la revancha y del odio.<\/p>\n<p style=\"text-align: justify;\">Ignacio Ayuso desmont\u00f3 todo los t\u00f3picos contra Espa\u00f1a, base de la leyenda negra, con una clara documentaci\u00f3n y con un comparativo de lo que llevaron a cabo otras naciones como Portugal, Inglaterra, Estados Unidos y Francia. Los Siglos de Oro XVI y XVII son el ment\u00eds m\u00e1s grande a todas las leyendas negras. Siglos de Cervantes, Santa Teresa y San Juan de la Cruz, de Calder\u00f3n de Lope; de grandes te\u00f3logos como los jesuitas y los dominicos, de grandes pintores, escultores (\u2026) Siglo del Escorial, considerada la octava del mundo, mandado edificar por Felipe II. Pero donde mejor se demuestra la gran obra de Espa\u00f1a fue en el Nuevo Mundo descubierto por Cal\u00f3n en el que los espa\u00f1oles dejaron una herencia que a\u00fan pervive hoy y que es la admiraci\u00f3n del mundo: mestizaje, leyes en defensa de los indios a quien la Reina Isabel quer\u00eda como hijos y como tales deb\u00edan ser tratados. La ingente labor de los misioneros, como San Jun\u00edpero de Serra y quien sembr\u00f3 lo que hoy es California, Los \u00c1ngeles de misiones. El barroco hispanoamericano con sus catedrales, sus monasterios, universidades, imprentas y grandes figuras como el Inca Garcilaso y Sor Juana In\u00e9s de la Cruz. De los grandes te\u00f3logos del concilio de Trento. Ciertamente hubo abusos por parte de algunos espa\u00f1oles pero fueron denunciados y perseguidos por leyes oportunas. Espa\u00f1a permiti\u00f3 que algunos misioneros como, el dominico Fry. Bartolom\u00e9 de la Casas denunciaron con evidente exageraci\u00f3n los abusos de algunos encomenderos, pero nunca fue perseguido ni censurado. La Espa\u00f1a de la ignorancia, fanatismo, de la intransigencia y de la leyenda Negra y de la Inquisici\u00f3n solo la sostienen algunos espa\u00f1oles resentidos y ning\u00fan hispanista de prestigio. Espa\u00f1a fue en su tiempo, comparada con otras naciones, Francia, Holanda, Inglaterra y la misma Portugal un imperio m\u00e1s justo, tolerante y culto. En Espa\u00f1a el gran Vitoria concibi\u00f3 el derecho natural como protecci\u00f3n de los indios. Los jesuitas construyeron las reducciones una genialidad social y legislativa para defender a los indios de los abusos de aventureros sin escr\u00fapulos. El mito del genocidio espa\u00f1ol en Hispanoam\u00e9rica s\u00f3lo lo defienden hoy los bolivarianos populistas Morales, Maduro y sus corifeos, comunistas, socialistas y podemitas espa\u00f1oles capitaneados por Pablo Iglesia, y algunos progres neoliberales acomplejados. Espa\u00f1a como escribe <strong><em>Juli\u00e1n Juder\u00edas<\/em><\/strong> en su ensayo <strong><em>La Leyenda negra de Espa\u00f1a<\/em><\/strong> (de obligada lectura) <em>fue la naci\u00f3n que cerr\u00f3 el camino a los \u00e1rabes; que salv\u00f3 la Cristiandad en Lepanto; que descubri\u00f3 un Nuevo Mundo y llev\u00f3 la civilizaci\u00f3n basa en el humanismo cristiano.<\/em><\/p>\n<p style=\"text-align: justify;\">Fidel Garc\u00eda Mart\u00ednez, Catedr\u00e1tico Lengua Literatura Doctor Filolog\u00eda Rom\u00e1nica<\/p>\n<p style=\"text-align: justify;\">Foto: Ignacio Moll\u00e1 Ayuso<\/p>\n","protected":false},"excerpt":{"rendered":"<p>La leyenda negra en el Ateneo Jovellanos, por Fidel Garc\u00eda Mart\u00ednez El pasado viernes el D. Ignacio Moll\u00e1 Ayuso, Consultor y Formador de directivos, ante un p\u00fablico numeroso y expectante, analiz\u00f3 con profundidad y rigor el mito de la leyenda negra antiespa\u00f1ola, repetido hasta la saciedad durante siglos por los enemigos de Espa\u00f1a de dentro &hellip; <a href=\"https:\/\/www.biblia.work\/sermones\/la-leyenda-negra-en-el-ateneo-jovellanos-por-fidel-garcia-martinez\/\" class=\"more-link\">Continuar leyendo<span class=\"screen-reader-text\"> \u00abLa leyenda negra en el Ateneo Jovellanos, por Fidel Garc\u00eda Mart\u00ednez\u00bb<\/span><\/a><\/p>\n","protected":false},"author":1,"featured_media":0,"comment_status":"open","ping_status":"closed","sticky":false,"template":"","format":"standard","meta":{"footnotes":""},"categories":[1],"tags":[],"class_list":["post-35126","post","type-post","status-publish","format-standard","hentry","category-general"],"_links":{"self":[{"href":"https:\/\/www.biblia.work\/sermones\/wp-json\/wp\/v2\/posts\/35126","targetHints":{"allow":["GET"]}}],"collection":[{"href":"https:\/\/www.biblia.work\/sermones\/wp-json\/wp\/v2\/posts"}],"about":[{"href":"https:\/\/www.biblia.work\/sermones\/wp-json\/wp\/v2\/types\/post"}],"author":[{"embeddable":true,"href":"https:\/\/www.biblia.work\/sermones\/wp-json\/wp\/v2\/users\/1"}],"replies":[{"embeddable":true,"href":"https:\/\/www.biblia.work\/sermones\/wp-json\/wp\/v2\/comments?post=35126"}],"version-history":[{"count":0,"href":"https:\/\/www.biblia.work\/sermones\/wp-json\/wp\/v2\/posts\/35126\/revisions"}],"wp:attachment":[{"href":"https:\/\/www.biblia.work\/sermones\/wp-json\/wp\/v2\/media?parent=35126"}],"wp:term":[{"taxonomy":"category","embeddable":true,"href":"https:\/\/www.biblia.work\/sermones\/wp-json\/wp\/v2\/categories?post=35126"},{"taxonomy":"post_tag","embeddable":true,"href":"https:\/\/www.biblia.work\/sermones\/wp-json\/wp\/v2\/tags?post=35126"}],"curies":[{"name":"wp","href":"https:\/\/api.w.org\/{rel}","templated":true}]}}