{"id":35128,"date":"2016-06-21T00:01:17","date_gmt":"2016-06-21T05:01:17","guid":{"rendered":"http:\/\/www.biblia.work\/sermones\/bicentenario-de-san-juan-bosco-en-aviles-por-fidel-garcia-martinez\/"},"modified":"2016-06-21T00:01:17","modified_gmt":"2016-06-21T05:01:17","slug":"bicentenario-de-san-juan-bosco-en-aviles-por-fidel-garcia-martinez","status":"publish","type":"post","link":"https:\/\/www.biblia.work\/sermones\/bicentenario-de-san-juan-bosco-en-aviles-por-fidel-garcia-martinez\/","title":{"rendered":"Bicentenario de San Juan Bosco en Avil\u00e9s, por Fidel Garc\u00eda Mart\u00ednez"},"content":{"rendered":"<p style=\"text-align: justify;\" align=\"CENTER\"><strong>Bicentenario de San Juan Bosco en Avil\u00e9s, por Fidel Garc\u00eda Mart\u00ednez\u00a0<\/strong><\/p>\n<p style=\"text-align: justify;\" align=\"JUSTIFY\">Celebran, hoy 31 de enero, los padres y hermanos salesianos la festividad de su santo patrono Juan Bosco y se clausura el bicentenario de su nacimiento.<\/p>\n<p style=\"text-align: justify;\" align=\"JUSTIFY\">Don Bosco fue un educador que se adelant\u00f3 a los tiempos: renovador en el aut\u00e9ntico sentido de la palabra, todo lo contrario de los nuevos visionarios radicales que quieren desterrar del sistema educativo todos los valores morales y religiosos, para dejar a los educandos en el nihilismo y amoralismo m\u00e1s destructor para las j\u00f3venes generaciones. San Juan Bosco bas\u00f3 su modelo educativo en la <b>prevenci\u00f3n<\/b>, la mejor forma de evitar males (fracaso y abandono escolares; vicios que conducen a la droga, al alcohol y la pornograf\u00eda) aut\u00e9nticas lacras que corrompen a muchos j\u00f3venes de los que se sirven adultos para ganar millones de euros.<\/p>\n<p style=\"text-align: justify;\" align=\"JUSTIFY\">Por experiencia en la ciudad de Tur\u00edn, San Juan Bosco sab\u00eda muy bien que los j\u00f3venes estaban expuestos a muchos peligros f\u00edsicos y morales que los conduc\u00edan a la marginaci\u00f3n social, a la ignorancia y al crimen. Alejarlos de aquellos peligros fue la primera medida que tom\u00f3, y as\u00ed poder empezar un nuevo modelo educativo, basado en la compresi\u00f3n y amor hacia los chicos. No esperaba que los muchachos llegaran a su instituci\u00f3n innovadora en su tiempo, el Oratorio, sino que \u00e9l los buscaba en aquellos lugares l\u00fagubres donde los chicos pasaban su triste vida sin m\u00e1s futuro que la pobreza y la miseria. Se serv\u00eda de todas sus muchas habilidades sociales para atraer a los j\u00f3venes: teatro, m\u00fasica, circo, juegos malabares (\u2026) todo le serv\u00eda para que sus queridos chicos se formasen como buenos cristianos y buenos ciudadanos, que es lo mismo. Aquella novedad educativa basada en la prevenci\u00f3n y en la libertad de los alumnos, no fue vista con buenos ojos por los nobles e incluso por el mismo arzobispo de Tur\u00edn, lo que motiv\u00f3 que San Juan Bosco durante tiempo se viese marginado, hasta que el Papa reconoci\u00f3 su instituci\u00f3n educativa, los Salesianos, nombre que tom\u00f3 de San Francisco de Sales, el dulce obispo, Patr\u00f3n de los periodistas. Don Bosco no s\u00f3lo fue un hombre de Iglesia convencional, sino que fue un excelente escritor y periodista. En la obra educadora de San Juan Bosco, hay que destacar el matiz maternal que le dio por influencia de su madre Margarita y sobre todo por la gran Se\u00f1ora, la Sant\u00edsima Virgen, Mar\u00eda Auxiliadora, Referente educacional de los Salesianos.<\/p>\n<p style=\"text-align: justify;\" align=\"JUSTIFY\">Es justo y obligado reconocer que uno de los grandes m\u00e9ritos de San Juan Bosco, fue el haber concebido como un gran valor educaci\u00f3n la formaci\u00f3n. Se anticip\u00f3 al actual modelo de formaci\u00f3n Profesional Dual, integr\u00e1ndola en su modelo educativo del Oratorio. Avil\u00e9s tiene una deuda de agradecimiento para los Padres Salesianos, por cuyos colegios han pasado muchos alumnos que hoy reconocen con sinceridad la formaci\u00f3n recibida gracias a los hijos de Don Bosco<\/p>\n<p style=\"text-align: justify;\" align=\"JUSTIFY\">Fidel Garc\u00eda Mart\u00ednez Catedr\u00e1tico Lengua Literatura, Doctor Filolog\u00eda Rom\u00e1nica<\/p>\n<p style=\"text-align: justify;\" align=\"JUSTIFY\">PD. Un recuerdo para Chema Farelo, alma del colegio de Avil\u00e9s y compa\u00f1ero de departamento en la Universidad Laboral de Gij\u00f3n.<\/p>\n","protected":false},"excerpt":{"rendered":"<p>Bicentenario de San Juan Bosco en Avil\u00e9s, por Fidel Garc\u00eda Mart\u00ednez\u00a0 Celebran, hoy 31 de enero, los padres y hermanos salesianos la festividad de su santo patrono Juan Bosco y se clausura el bicentenario de su nacimiento. Don Bosco fue un educador que se adelant\u00f3 a los tiempos: renovador en el aut\u00e9ntico sentido de la &hellip; <a href=\"https:\/\/www.biblia.work\/sermones\/bicentenario-de-san-juan-bosco-en-aviles-por-fidel-garcia-martinez\/\" class=\"more-link\">Continuar leyendo<span class=\"screen-reader-text\"> \u00abBicentenario de San Juan Bosco en Avil\u00e9s, por Fidel Garc\u00eda Mart\u00ednez\u00bb<\/span><\/a><\/p>\n","protected":false},"author":1,"featured_media":0,"comment_status":"open","ping_status":"closed","sticky":false,"template":"","format":"standard","meta":{"footnotes":""},"categories":[1],"tags":[],"class_list":["post-35128","post","type-post","status-publish","format-standard","hentry","category-general"],"_links":{"self":[{"href":"https:\/\/www.biblia.work\/sermones\/wp-json\/wp\/v2\/posts\/35128","targetHints":{"allow":["GET"]}}],"collection":[{"href":"https:\/\/www.biblia.work\/sermones\/wp-json\/wp\/v2\/posts"}],"about":[{"href":"https:\/\/www.biblia.work\/sermones\/wp-json\/wp\/v2\/types\/post"}],"author":[{"embeddable":true,"href":"https:\/\/www.biblia.work\/sermones\/wp-json\/wp\/v2\/users\/1"}],"replies":[{"embeddable":true,"href":"https:\/\/www.biblia.work\/sermones\/wp-json\/wp\/v2\/comments?post=35128"}],"version-history":[{"count":0,"href":"https:\/\/www.biblia.work\/sermones\/wp-json\/wp\/v2\/posts\/35128\/revisions"}],"wp:attachment":[{"href":"https:\/\/www.biblia.work\/sermones\/wp-json\/wp\/v2\/media?parent=35128"}],"wp:term":[{"taxonomy":"category","embeddable":true,"href":"https:\/\/www.biblia.work\/sermones\/wp-json\/wp\/v2\/categories?post=35128"},{"taxonomy":"post_tag","embeddable":true,"href":"https:\/\/www.biblia.work\/sermones\/wp-json\/wp\/v2\/tags?post=35128"}],"curies":[{"name":"wp","href":"https:\/\/api.w.org\/{rel}","templated":true}]}}