{"id":35129,"date":"2016-06-21T00:01:27","date_gmt":"2016-06-21T05:01:27","guid":{"rendered":"http:\/\/www.biblia.work\/sermones\/cuadros-de-espiritualidad-febrero-2016-por-la-laica-araceli-de-anca-abati\/"},"modified":"2016-06-21T00:01:27","modified_gmt":"2016-06-21T05:01:27","slug":"cuadros-de-espiritualidad-febrero-2016-por-la-laica-araceli-de-anca-abati","status":"publish","type":"post","link":"https:\/\/www.biblia.work\/sermones\/cuadros-de-espiritualidad-febrero-2016-por-la-laica-araceli-de-anca-abati\/","title":{"rendered":"Cuadros de espiritualidad, Febrero 2016, por la laica Araceli de Anca Abati"},"content":{"rendered":"<p align=\"justify\"><strong>La Misericordia de Dios <em>&#8220;se derrama de generaci\u00f3n en generaci\u00f3n sobre los que le temen&#8221;<\/em><\/strong>,<strong> exclama la Virgen en el <em>Magnificat <\/em><\/strong><strong>(Lucas 1, 50).<\/strong><\/p>\n<p align=\"justify\">&nbsp;<\/p>\n<p align=\"justify\">Nos asombra, y damos gracias a Dios por ello, saber que el Se\u00f1or deja que le arrebatemos Misericordia con un solo acto de amor nuestro.<\/p>\n<p align=\"justify\"><em>\u00a0\u00a0\u00a0\u00a0\u00a0\u00a0\u00a0\u00a0\u00a0\u00a0\u00a0\u00a0\u00a0\u00a0\u00a0\u00a0\u00a0\u00a0\u00a0\u00a0\u00a0\u00a0\u00a0\u00a0\u00a0\u00a0\u00a0\u00a0\u00a0\u00a0 &#8220;Si el m\u00e1s grande pecador de la tierra<\/em> -dice santa Teresita del Ni\u00f1o Jes\u00fas-<em>, arrepinti\u00e9ndose de sus ofensas en el momento de la muerte, expira en un acto de amor, inmediatamente, sin calcular, de una parte, las innumerables gracias de que abus\u00f3 el desgraciado y, de otra, todos sus cr\u00edmenes, (el Se\u00f1or) ya no ve ni toma en cuenta m\u00e1s que su \u00faltima oraci\u00f3n y lo recibe al punto en los brazos de su misericordia&#8221;<\/em> (<em>Historia de un alma. Consejos y recuerdos<\/em>).<\/p>\n<p align=\"justify\">_________________<\/p>\n<p align=\"justify\">&nbsp;<\/p>\n<p align=\"justify\">\u00bfPor qu\u00e9 entonces desconfiar de la Misericordia divina si dice el Se\u00f1or <em>&#8220;Yo soy, yo mismo soy quien borra tus delitos por amor de m\u00ed mismo, y no me acordar\u00e9 m\u00e1s de tus pecados&#8221;<\/em> (Isa\u00edas 43, 25)?<\/p>\n<p align=\"justify\">Don Vital Lehodey ha escrito: <em>&#8220;Por nocivas que las faltas sean en s\u00ed mismas, lo son m\u00e1s a\u00fan en sus consecuencias cuando producen la inquietud, el desaliento y a veces la desesperaci\u00f3n. Por el contrario la paz en el arrepentimiento es muy deseable. &#8216;Santa Catalina de Siena cometi\u00f3 algunas faltas, y afligi\u00e9ndose por este motivo ante el Se\u00f1or, h\u00edzola entender que su arrepentimiento sencillo, pronto y vivo y lleno de confianza, le complac\u00eda m\u00e1s de lo que hab\u00eda sido ofendido por las faltas&#8217;&#8221;<\/em> (<em>Santo abandono<\/em>, 3\u00aa Parte, cap. IX).<\/p>\n<p align=\"justify\">_______________<\/p>\n<p align=\"justify\">&nbsp;<\/p>\n<p align=\"justify\">Y si Dios atiende con tanta generosidad al pecador arrepentido \u00bfcu\u00e1nto no atender\u00e1 al que en todo tiempo acude a su Misericordia divina?<\/p>\n<p align=\"justify\"><em>\u00a0\u00a0\u00a0\u00a0\u00a0\u00a0\u00a0\u00a0\u00a0\u00a0\u00a0\u00a0\u00a0\u00a0\u00a0\u00a0\u00a0\u00a0\u00a0\u00a0\u00a0\u00a0\u00a0\u00a0\u00a0\u00a0\u00a0\u00a0\u00a0\u00a0 &#8220;\u00a1Oh Jes\u00fas<\/em> -dice santa Teresita al Se\u00f1or-, <em>si pudiera yo publicar tu inefable condescendencia a todas las almas peque\u00f1itas! Creo que si, por un imposible, encontraras una m\u00e1s d\u00e9bil que la m\u00eda, te complacer\u00edas en colmarla de mayores gracias a\u00fan, con tal que confiara por entero en tu infinita misericordia&#8221; <\/em>(<em>Historia de un alma, cap. XI<\/em>)<\/p>\n<p align=\"justify\">&nbsp;<\/p>\n<p align=\"justify\">*********************<\/p>\n<p align=\"justify\">&nbsp;<\/p>\n<p align=\"justify\"><strong>Lo decisivo del cristiano para la Vida eterna es sentirse Iglesia, vivir en y con la Iglesia: lugar que transciende lo material y donde el Esp\u00edritu de Cristo comunica su Gracia divina.<\/strong><\/p>\n<p align=\"justify\">&nbsp;<\/p>\n<p align=\"justify\"><strong>Dios cre\u00f3 el mundo para la Iglesia<\/strong><\/p>\n<p align=\"justify\">(cfr. Catecismo de la Iglesia Cat\u00f3lica, n\u00ba 760).<\/p>\n<p align=\"justify\">Leemos en el Catecismo de la Iglesia Cat\u00f3lica: <em>&#8220;&#8216;El mundo fue creado en orden a la Iglesia&#8217;, dec\u00edan los cristianos de los primeros tiempos. Dios cre\u00f3 el mundo en orden a la comuni\u00f3n en su vida divina, &#8216;comuni\u00f3n&#8217; que se realiza mediante la &#8216;convocaci\u00f3n&#8217; de los hombres en Cristo, y esta &#8216;convocaci\u00f3n&#8217; es la Iglesia. La Iglesia es la finalidad de todas las cosas, e incluso las vicisitudes dolorosas como la ca\u00edda de los \u00e1ngeles y el pecado del hombre, no fueron permitidas por Dios m\u00e1s que como ocasi\u00f3n y medio de desplegar toda la fuerza de su brazo, toda la medida que quer\u00eda dar al mundo&#8221;<\/em> (n\u00ba 760).<\/p>\n<p align=\"justify\">\u00a1Cu\u00e1nta gloria para la Iglesia!: Dios cre\u00f3 el mundo para Ella. Y gloria, m\u00e1s que nada, porque la Iglesia es toda de Cristo.<\/p>\n<p align=\"justify\">______________<\/p>\n<p align=\"justify\">&nbsp;<\/p>\n<p align=\"justify\"><strong>Dios recapitula todo en Cristo<\/strong> (cfr. Efesios 1, 10).<\/p>\n<p align=\"justify\">Despu\u00e9s, los que se hayan salvado, reunidos en la Iglesia, Cristo los llevar\u00e1 al Padre, pues \u00c9l dice: <em>&#8220;&#8230;anunciar\u00e9 tu nombre a mis hermanos<\/em> <em>y en medio de la Iglesia te alabar\u00e9 (&#8230;). Aqu\u00ed estamos, yo y los hijos que Dios me dio&#8221;<\/em> (Hebreos 2, 12-13).<\/p>\n<p align=\"justify\">Inefable regalo \u00e9ste de la filiaci\u00f3n divina, del que san Pedro Cris\u00f3logo dir\u00e1: <em>&#8220;La conciencia que tenemos de nuestra condici\u00f3n de esclavos nos har\u00eda meternos bajo tierra, nuestra condici\u00f3n terrena se deshar\u00eda en polvo, si la autoridad de nuestro mismo Padre y el Esp\u00edritu de su Hijo, no nos empujase a proferir este grito: &#8216;Abb\u00e1, Padre&#8217; (&#8230;) \u00bfCu\u00e1ndo la debilidad de un mortal se atrever\u00eda a llamar a Dios Padre suyo, si no solamente cuando lo \u00edntimo del hombre est\u00e1 animado por el Poder de lo alto?&#8221;<\/em> (<em>Serm\u00f3n<\/em>. 71).<\/p>\n<p align=\"justify\">______________<\/p>\n<p align=\"justify\">&nbsp;<\/p>\n<p align=\"justify\"><strong>Dios ser\u00e1 todo en todos<\/strong> (cfr. I Corintios 15, 28).<\/p>\n<p align=\"justify\">Y para siempre te daremos gracias, Dios m\u00edo, por la eterna Felicidad que T\u00fa s\u00f3lo puedes dar.<\/p>\n<p align=\"justify\"><em>\u00a0\u00a0\u00a0\u00a0\u00a0\u00a0\u00a0\u00a0\u00a0\u00a0\u00a0\u00a0\u00a0\u00a0\u00a0\u00a0\u00a0\u00a0\u00a0\u00a0\u00a0\u00a0\u00a0\u00a0\u00a0\u00a0\u00a0\u00a0\u00a0\u00a0 &#8220;Y cuando le hayan sido sometidas todas las cosas<\/em> -escribir\u00e1 san Pablo-, <em>entonces tambi\u00e9n el mismo Hijo se someter\u00e1 a quien a \u00e9l someti\u00f3 todo, para que Dios sea todo en todas las cosas&#8221;<\/em><\/p>\n<p align=\"justify\">(I Corintios 15, 28).<\/p>\n<p align=\"justify\"><em>\u00a0\u00a0\u00a0\u00a0\u00a0\u00a0\u00a0\u00a0\u00a0\u00a0\u00a0\u00a0\u00a0\u00a0\u00a0\u00a0\u00a0\u00a0\u00a0\u00a0\u00a0\u00a0\u00a0\u00a0\u00a0\u00a0\u00a0\u00a0\u00a0\u00a0 &#8220;El sometimiento del Hijo<\/em> <em>no se opone para nada a su divinidad. Se refiere al t\u00e9rmino de su misi\u00f3n como Redentor y Mes\u00edas, una vez alcanzado el triunfo final y definitivo sobre el demonio y el pecado y sus consecuencias&#8221; <\/em>(Sagrada Biblia Eunsa. Nota a I Corintios 15, 28).<\/p>\n<p align=\"justify\">&nbsp;<\/p>\n<p align=\"justify\">***********************<\/p>\n<p align=\"justify\">&nbsp;<\/p>\n<p align=\"justify\"><strong>Progresar &#8220;m\u00e1s y m\u00e1s&#8221; para agradar m\u00e1s y m\u00e1s a Dios<\/strong><\/p>\n<p align=\"justify\"><strong>(cfr. I Tesalonicenses 4, 1).<\/strong><\/p>\n<p align=\"justify\">&nbsp;<\/p>\n<p align=\"justify\">Nos lo aseguran los espele\u00f3logos; ellos no se conforman con descubrir catorce salas de una gruta si ven un camino factible para alcanzar otras catorce salas m\u00e1s.<\/p>\n<p align=\"justify\">Pero no hay que ser espele\u00f3logo para comprobar que el ser humano no se conforma con lo que ha alcanzado; querer aumentar sus bienes materiales y progresar en el conocimiento de una m\u00e1s abundante ciencia, es l\u00f3gico y l\u00edcito.<\/p>\n<p align=\"justify\">_________________<\/p>\n<p align=\"justify\">&nbsp;<\/p>\n<p align=\"justify\">Y m\u00e1s que l\u00f3gico y l\u00edcito es que nosotros, los cristianos, aspiremos m\u00e1s y m\u00e1s a los bienes sobrenaturales: Amar m\u00e1s a Dios y amar m\u00e1s a nuestros semejantes; en una palabra: aspirar cada vez m\u00e1s a la santidad; pues si no se diera ese m\u00e1s y m\u00e1s por estar seguros y satisfechos de nosotros mismos, deber\u00edamos pensar en lo que dice san Pablo: <em>&#8220;&#8230;el que piense estar en pie, mire no caiga&#8221;<\/em> (I Corintios 10, 12).<\/p>\n<p align=\"justify\">__________________<\/p>\n<p align=\"justify\">&nbsp;<\/p>\n<p align=\"justify\">\u00a1Progresa, progresa!, es el m\u00e1s y m\u00e1s, de san Agust\u00edn: <em>&#8220;Desde ahora, pues, hermanos, cantemos, no por amenizar nuestro descanso, sino para sostener nuestros trabajos, como se canta de camino: &#8216;Canta pero camina; mant\u00e9n tu trabajo cantando; no te dejes llevar de la pereza; canta y camina&#8217;. \u00bfQu\u00e9 quiere decir &#8216;camina&#8217;? Progresa, progresa en el bien (&#8230;), progresa en la verdadera fe, progresa en la santidad. Canta y camina&#8221;<\/em> (<em>Serm\u00f3n<\/em> 256).<\/p>\n<p align=\"justify\">*****************<\/p>\n<p align=\"justify\">&nbsp;<\/p>\n<p align=\"justify\"><strong>El laico es llamado por Dios para santificar el mundo desde su mundo<\/strong>, <strong>el de su vida ordinaria.<\/strong><\/p>\n<p align=\"justify\">&nbsp;<\/p>\n<p align=\"justify\">Imaginemos: camino yo hacia la monta\u00f1a; en el trayecto neciamente arranco un arbolito reci\u00e9n plantado.<\/p>\n<p align=\"justify\">A la ca\u00edda de la tarde, cuando pongo mi alma en la presencia de Dios Creador, reconozco que hice mal en arrancar el peque\u00f1o \u00e1rbol: falt\u00e9 a mi deber de ciudadano del mundo; me arrepiento, saco prop\u00f3sitos, y pienso:<\/p>\n<p align=\"justify\">Si en la presencia de Dios Creador, el hombre debe tratar bien cada cosa de este mundo -su trabajo, lo material, lo art\u00edstico- y no s\u00f3lo los arbolitos, con mayor raz\u00f3n y mayor amor deber\u00e1 tratar a un anciano, a un joven y a un ni\u00f1o, que fueron redimidos todos por Jesucristo Se\u00f1or Nuestro.<\/p>\n<p align=\"justify\">_______________<\/p>\n<p align=\"justify\">&nbsp;<\/p>\n<p align=\"justify\"><em>\u00a0\u00a0\u00a0\u00a0\u00a0\u00a0\u00a0\u00a0\u00a0\u00a0\u00a0\u00a0\u00a0\u00a0\u00a0\u00a0\u00a0\u00a0\u00a0\u00a0\u00a0\u00a0\u00a0\u00a0\u00a0\u00a0\u00a0\u00a0\u00a0\u00a0 &#8220;Ten\u00e9is que poner en vuestras ocupaciones, sean las que sean<\/em> -dice el beato \u00c1lvaro del Portillo- <em>(&#8230;), af\u00e1n por mejorar, iniciativa, visi\u00f3n de conjunto, esp\u00edritu de servicio, cuidado en los detalles, competencia profesional. As\u00ed, al present\u00e1rselo a Dios, contribuir\u00e9is, cada uno en el \u00e1mbito que le es propio, al bienestar de quienes os rodean, a la resoluci\u00f3n de los problemas de la sociedad en que viv\u00eds, al desarrollo de la civilizaci\u00f3n humana y, en virtud de la gracia, a la obra redentora de Cristo&#8221;<\/em> (Suplemento de Romana, n\u00ba 19).<\/p>\n<p align=\"justify\">_______________<\/p>\n<p align=\"justify\">&nbsp;<\/p>\n<p align=\"justify\">Pues, <em>&#8220;a los laicos<\/em> -dice ahora el Concilio Vaticano II-<em> pertenece por propia vocaci\u00f3n buscar el reino de Dios tratando los asuntos temporales y orden\u00e1ndolos seg\u00fan Dios (&#8230;) est\u00e1n llamados por Dios a contribuir desde dentro a la santificaci\u00f3n del mundo a modo de levadura, cumpliendo su propio cometido y guiados por el esp\u00edritu evang\u00e9lico, y de este modo manifestar a Cristo a los dem\u00e1s brillando, ante todo, con el testimonio de su vida, con la fe, la esperanza y la caridad. A ellos por tanto, de un modo especial, corresponde iluminar y organizar de tal forma los asuntos temporales a los que est\u00e1n estrechamente vinculados, de modo que se realicen continuamente seg\u00fan Cristo y se desarrollen y sirvan para gloria del Creador y Redentor&#8221;<\/em><\/p>\n<p align=\"justify\"><em>\u00a0<\/em>(Lumen gentium, n\u00ba 31).<\/p>\n<p align=\"justify\">***********************<\/p>\n<p align=\"justify\">&nbsp;<\/p>\n<p align=\"justify\"><strong>El Pueblo de Dios, Iglesia de Cristo, dice el Concilio Vaticano II, es empleado por Jesucristo <em>&#8220;como instrumento de redenci\u00f3n universal y es enviado a todo el mundo como luz del mundo y sal de la tierra&#8221;<\/em><\/strong><\/p>\n<p align=\"justify\"><strong><em>\u00a0<\/em><\/strong><strong>(Lumen gentium, n\u00ba 9).<\/strong><\/p>\n<p align=\"justify\">&nbsp;<\/p>\n<p align=\"justify\">El Creador, que desde el mismo momento de la Creaci\u00f3n gobierna el cosmos con la Ley eterna, obviamente quiere que sus leyes se cumplan; sin embargo Dios, a veces, deja en suspenso alguna de esas leyes, aunque siempre por motivos sobrenaturales.<\/p>\n<p align=\"justify\">As\u00ed, Jesucristo convertir\u00e1 el agua en vino, en las bodas de Can\u00e1, pero no lo har\u00e1 para resolver los problemas vitivin\u00edcolas de su tiempo; y si multiplic\u00f3 dos veces el pan para alimentar a su auditorio, no fue para solucionar el hambre de los pobres de la comarca, sino para dar credibilidad a su mensaje mesi\u00e1nico.<\/p>\n<p align=\"justify\">_________________<\/p>\n<p align=\"justify\">&nbsp;<\/p>\n<p align=\"justify\">Pues bien, la Misi\u00f3n de la Iglesia -que es como la de Jesucristo, su divino Fundador- no es resolver problemas concretos temporales; la Iglesia ha nacido -manifiesta el Concilio Vaticano II-para que, <em>&#8220;por la propagaci\u00f3n del Reino de Cristo en toda la tierra, para gloria de Dios Padre, haga participar a todos los hombres y por su medio se ordene realmente todo el mundo hacia Cristo&#8221;<\/em><\/p>\n<p align=\"justify\">(Apostolicam actuositatem, n\u00ba 2).<\/p>\n<p align=\"justify\">Sin embargo, aunque su Misi\u00f3n no sea resolver los problemas concretos temporales, no quiere decir que no tenga que empaparlos del esp\u00edritu de amor y servicio que predic\u00f3 Cristo.<\/p>\n<p align=\"justify\"><em>&#8220;La obra de la redenci\u00f3n de Cristo <\/em>-nos hace reflexionar otra vez el Concilio- <em>mientras tiende de por s\u00ed a salvar a los hombres, abarca incluso la restauraci\u00f3n de todo el orden temporal. Por tanto, la misi\u00f3n de la Iglesia no es s\u00f3lo anunciar el mensaje de Cristo y su gracia a los hombres, sino tambi\u00e9n el impregnar y perfeccionar todo el orden temporal con el esp\u00edritu evang\u00e9lico&#8221; <\/em>(Apostolicam actuositatem, n\u00ba 5).<\/p>\n<p align=\"justify\">___________________<\/p>\n<p align=\"justify\">&nbsp;<\/p>\n<p align=\"justify\">De modo que por una parte, a los fieles, les dir\u00e1 tambi\u00e9n el Concilio, que <em>&#8220;mientras cumplen debidamente las obligaciones del mundo en las circunstancias ordinarias de la vida, no separen la uni\u00f3n con Cristo de las actividades de su vida, sino que han de crecer en ella cumpliendo su deber seg\u00fan la voluntad de Dios&#8221;<\/em> <em>o. c.-, n\u00ba 4).<\/em><\/p>\n<p align=\"justify\">Y por otra parte les dir\u00e1 que: <em>&#8220;Se apartan de la verdad todos aquellos que, conscientes de que nosotros no tenemos aqu\u00ed una patria permanente, sino que buscamos la venidera, juzgan por tanto que pueden descuidar sus obligaciones terrenales, sin caer en la cuenta que ellos est\u00e1n m\u00e1s obligados por su misma fe a desempe\u00f1arlas seg\u00fan la vocaci\u00f3n con que cada uno ha sido llamado&#8221;<\/em> (Gaudium et Spes, n\u00ba 43).<\/p>\n<p align=\"justify\">&nbsp;<\/p>\n<p align=\"justify\">***********************<\/p>\n<p align=\"justify\">&nbsp;<\/p>\n<p align=\"justify\"><strong>Solamente Dios podr\u00e1 satisfacer plenamente las ansias del coraz\u00f3n humano: amar y ser amado.<\/strong><\/p>\n<p align=\"justify\">&nbsp;<\/p>\n<p align=\"justify\">Las matrioskas, mu\u00f1ecas t\u00edpicamente rusas, cuya gracia consiste en ir introduciendo unas en otras, las m\u00e1s peque\u00f1as en las cada vez m\u00e1s grandes, es un juguete del que yo pienso que quiz\u00e1 tenga que ver con el deseo de volcar nuestro coraz\u00f3n en el coraz\u00f3n de la persona amada.<\/p>\n<p align=\"justify\">_________________<\/p>\n<p align=\"justify\">&nbsp;<\/p>\n<p align=\"justify\">Ahora bien, cuanto m\u00e1s grande sea el amor de la persona que ama, mayor ser\u00e1 el deseo de aproximarse a ella, y mayor el deseo de introducirse en su coraz\u00f3n, expres\u00e1ndolo en la mirada, y tras la mirada, tambi\u00e9n en el alma y en la vida.<\/p>\n<p align=\"justify\">Mas, el amor humano por grande que sea, es siempre amor imperfecto y de fr\u00e1giles promesas, hasta el punto de que puede llegar a ser infiel: desenga\u00f1o, infidelidad que podr\u00eda crear un obst\u00e1culo para volver a amar.<\/p>\n<p align=\"justify\">A quien esto suceda&#8230;, que no desespere&#8230;, puede ser que Dios le est\u00e9 purificando de amores inferiores para llevarle hacia \u00c9l, como dice el Se\u00f1or en el Libro de Oseas: <em>&#8220;&#8230;y andaba tras sus amantes, y me olvidaba a m\u00ed. Por tanto, he aqu\u00ed que yo la atraer\u00e9 y la conducir\u00e9 al desierto, y la hablar\u00e9 al coraz\u00f3n&#8221;<\/em> (Oseas 2, 13-14).<\/p>\n<p align=\"justify\">___________________<\/p>\n<p align=\"justify\">&nbsp;<\/p>\n<p align=\"justify\">Y que no desespere, pues si por la Gracia santificante, el Esp\u00edritu de Cristo inhabita en \u00e9l, suceder\u00e1 lo que no podemos hacer con aquellas mu\u00f1ecas rusas: introducir una de gran tama\u00f1o en una peque\u00f1a, Dios infinito lo podr\u00e1 hacer: \u00c9l se introducir\u00e1 en la casi nada de nuestro coraz\u00f3n, al tiempo que nosotros nos introducimos en \u00c9l, Dios infinito, tal como dice Jes\u00fas: <em>&#8220;En aquel d\u00eda conocer\u00e9is que yo estoy en el Padre, y vosotros en m\u00ed y yo en vosotros&#8221;<\/em> (Juan 14, 20).<\/p>\n<p align=\"justify\">&nbsp;<\/p>\n<p align=\"justify\">*********************<\/p>\n<p align=\"justify\">&nbsp;<\/p>\n<p align=\"justify\"><strong>Mantener limpio el mundo y nuestras almas, porque todo, y todos, nos hallamos siempre bajo la Mirada divina.<\/strong><\/p>\n<p align=\"justify\">&nbsp;<\/p>\n<p align=\"justify\"><strong>Resguardar la belleza, Huella del Dios Creador.<\/strong><\/p>\n<p align=\"justify\">Si una piedra y un r\u00edo pudieran hablar, gritar\u00edan alabanzas a Dios Creador.<\/p>\n<p align=\"justify\">Si un \u00e1rbol y una flor pudieran hablar, glorificar\u00edan con c\u00e1nticos al Dios, su Se\u00f1or.<\/p>\n<p align=\"justify\">Si un p\u00e1jaro y un reptil pudieran hablar, bendecir\u00edan con danzas de alegr\u00eda al Dios de los Cielos por haberles llenado de vida.<\/p>\n<p align=\"justify\">\u00a1Son Huellas divinas de belleza y vida que, plasmadas por Dios en sus criaturas, glorifican, alaban y bendicen a su Creador!<\/p>\n<p align=\"justify\">El hombre, entonces, consciente de que Dios todo lo ve, con cu\u00e1nta delicadeza deber\u00e1 tratar la piedra, el \u00e1rbol y el p\u00e1jaro, no s\u00f3lo no estropeando el campo o no manchando la ciudad, sino procurando que todo resplandezca en belleza y en arte.<\/p>\n<p align=\"justify\">\u00a1La Creaci\u00f3n es <strong>Sagrario<\/strong> de la Presencia de Dios Creador!<\/p>\n<p align=\"justify\">________________<\/p>\n<p align=\"justify\">&nbsp;<\/p>\n<p align=\"justify\"><strong>Resguardar a toda costa el mundo, sacralizado por la Presencia real y verdadera de Dios Redentor.<\/strong><\/p>\n<p align=\"justify\">As\u00ed es: este mundo nuestro se hizo <strong>Sagrario<\/strong> divino porque acogi\u00f3 la Presencia f\u00edsica de Jesucristo, Dios y Hombre, durante treinta y tres a\u00f1os, y para gozo que llena de gracia nuestra alma, contin\u00faa siendo <strong>Sagrario<\/strong> en los miles de Tabern\u00e1culos eucar\u00edsticos diseminados por toda la tierra: Tabern\u00e1culos eucar\u00edsticos, Sagrarios que contienen verdadera, sustancial y realmente presente a Cristo Resucitado, Vivo y Glorioso como se halla en el Cielo: con su Cuerpo, Sangre, Alma y Divinidad.<\/p>\n<p align=\"justify\">\u00a1Y <strong>Sagrario<\/strong> de Dios Redentor es tambi\u00e9n el coraz\u00f3n humano cuando en la Comuni\u00f3n Eucar\u00edstica recibe a Jesucristo Se\u00f1or nuestro, el Amor de los amores!<\/p>\n<p align=\"justify\">________________<\/p>\n<p align=\"justify\">&nbsp;<\/p>\n<p align=\"justify\"><strong>Resguardar la santidad del alma cuando en ella habita, por la Gracia, Dios Santificador.<\/strong><\/p>\n<p align=\"justify\">Porque quiso el Esp\u00edritu Santo inhabitar en nosotros, velaremos para que no se manchen nuestras almas con el pecado; y si no s\u00f3lo velamos porque no se manchen nuestras almas, sino que d\u00f3ciles a las mociones del Esp\u00edritu Santo, &#8220;bordamos&#8221; esos sus deseos, \u00a1cu\u00e1nto m\u00e1s santos no ser\u00edamos y cu\u00e1ntos m\u00e1s santos no habr\u00eda!<\/p>\n<p align=\"justify\"><em>&#8220;Cada uno de los Santos<\/em> -dir\u00e1 el Papa Juan XXIII- <em>es una obra maestra del Esp\u00edritu Santo&#8221;<\/em> (Alocuci\u00f3n 5-VI-1960).<\/p>\n<p align=\"justify\">\u00a1El alma en estado de Gracia santificante es <strong>Sagrario<\/strong> de Dios Santificador porque en ella habita el Esp\u00edritu Santo!<\/p>\n<p align=\"justify\">&nbsp;<\/p>\n<p align=\"justify\">***************************<\/p>\n<p align=\"justify\">&nbsp;<\/p>\n<p align=\"justify\"><strong>Cuanto m\u00e1s nos entregamos al Amor divino, tanto m\u00e1s nos abrasamos en ese Amor <\/strong><strong>(cfr. Santa Teresita del Ni\u00f1o Jes\u00fas. <em>Consejos y recuerdos<\/em>).<\/strong><\/p>\n<p align=\"justify\">&nbsp;<\/p>\n<p align=\"justify\">\u00bfQue el ser humano puede vivir en la pobreza, pero no sin amor?&#8230; se ha dicho y repetido muchas veces.<\/p>\n<p align=\"justify\">Y que el que conoci\u00f3 a Cristo ya no puede vivir y ser feliz sin \u00c9l&#8230; lo demuestran los fieles cristianos entregando su vida por \u00c9l en el d\u00eda a d\u00eda y hasta en el derramamiento de su sangre.<\/p>\n<p align=\"justify\">Hablemos, pues, del Amor divino y de la Fuerza que despliega ese Amor en el dolor, en las alegr\u00edas y en los afanes de la vida de cada persona o en donde tenga Dios a bien entregarlo. Como muestra, traemos aqu\u00ed un di\u00e1logo de amor que intuye el beato Ram\u00f3n Llull: <em>&#8220;Dime amigo -pregunt\u00f3 el amado-, \u00bftendr\u00e1s paciencia si doblo tus dolencias? S\u00ed -respondi\u00f3 el amigo- con tal que dobles mis amores&#8221;<\/em><\/p>\n<p align=\"justify\"><em>\u00a0<\/em>(<em>Libro del Amigo y del Amado, 8<\/em>).<\/p>\n<p align=\"justify\">_______________<\/p>\n<p align=\"justify\">&nbsp;<\/p>\n<p align=\"justify\">Sufrir las dolencias con Amor supone abrirnos a todo un mundo de trascendencia. As\u00ed, san Juan de la Cruz expresar\u00e1: <em>&#8220;El m\u00e1s peque\u00f1o acto de puro amor vale m\u00e1s a los ojos de Dios y es m\u00e1s provechoso a la Iglesia que todas las dem\u00e1s obras reunidas&#8221;<\/em>.<\/p>\n<p align=\"justify\">_______________<\/p>\n<p align=\"justify\">&nbsp;<\/p>\n<p align=\"justify\">Y de Amor, habla tambi\u00e9n san Francisco de Sales: <em>&#8220;Todo lo que se hace por amor es amor, el trabajo, la fatiga y la muerte es amor cuando se la sufre por amor&#8221; <\/em>(<em>Tratado del Amor de Dios<\/em>)<em>.<\/em><\/p>\n<p align=\"justify\">&nbsp;<\/p>\n<p align=\"justify\">************************<\/p>\n<p align=\"justify\">&nbsp;<\/p>\n<p align=\"justify\"><strong>Se ama cuando se da sin esperar nada a cambio.<\/strong><\/p>\n<p align=\"justify\">&nbsp;<\/p>\n<p align=\"justify\">Y sin esperar nada a cambio, hacen las tareas del hogar el hombre o la mujer, aunque en la pr\u00e1ctica recaiga m\u00e1s en la mujer.<\/p>\n<p align=\"justify\">Y yo me pregunto: \u00bfpor qu\u00e9 el desprestigio de tales tareas?, \u00bfquiz\u00e1 porque antiguamente las hac\u00edan los esclavos; posteriormente los criados, por dinero; y siempre la mujer sin opci\u00f3n de protesta?<\/p>\n<p align=\"justify\">Quiz\u00e1 no se quieran reconocer estas tareas tan importantes, porque amor y tarea, si se reconocieran, su precio ser\u00eda incalculable.<\/p>\n<p align=\"justify\">__________________<\/p>\n<p align=\"justify\">&nbsp;<\/p>\n<p align=\"justify\">Nadie puede amar por obligaci\u00f3n, pero hay que aprender a amar. Y porque la familia es el lugar m\u00e1s id\u00f3neo para este aprendizaje, se ha dicho que la familia es una escuela de amor.<\/p>\n<p align=\"justify\">Pues bien, la mujer que lleva impreso en su naturaleza el amor maternal es feliz cuando lo ejerce con cuantos conviven con ella, tenga hijos o no, o cuando se sacrifica en una entrega en la que no espera nada a cambio.<\/p>\n<p align=\"justify\">Por eso cuando el ego\u00edsmo aparece en la mujer, aparece tambi\u00e9n una infelicidad que se extender\u00e1 a los que la rodean.<\/p>\n<p align=\"justify\">Y es por lo que dir\u00e1 san Pablo, que la mujer <em>&#8220;se salvar\u00e1 por la maternidad&#8221;<\/em> (I Timoteo 2, 15), y san Juan Pablo II, que para la verdadera promoci\u00f3n de la mujer se <em>&#8220;exige que sea claramente reconocido el valor de su funci\u00f3n materna y familiar respecto a las dem\u00e1s funciones p\u00fablicas y a las otras profesiones&#8221; <\/em>(<em>Familiaris consortio, n\u00ba 23<\/em>).<\/p>\n<p align=\"justify\">__________________<\/p>\n<p align=\"justify\">&nbsp;<\/p>\n<p align=\"justify\">Del amor que no se pregona, del que la mujer no exige retribuci\u00f3n, ni tampoco el hombre, habla santa Teresita del Ni\u00f1o Jes\u00fas: <em>&#8220;Supe por experiencia que la \u00fanica felicidad que existe para el hombre en la tierra consiste en ocultarse, en permanecer en completa ignorancia de las cosas creadas. Comprend\u00ed que sin amor, todas las obras, aun las m\u00e1s extraordinarias, no son m\u00e1s que nada&#8221;<\/em><\/p>\n<p align=\"justify\"><em>\u00a0<\/em>(<em>Historia de un alma, cap. VIII<\/em>).<\/p>\n<p align=\"justify\">****************<\/p>\n<p align=\"justify\">&nbsp;<\/p>\n<p align=\"justify\"><strong>Caminar, no s\u00f3lo &#8220;con&#8221; Dios, sino &#8220;en&#8221; Dios.<\/strong><\/p>\n<p align=\"justify\">&nbsp;<\/p>\n<p align=\"justify\">Se podr\u00eda decir que aunque se camine con resignaci\u00f3n, se camina <strong>con<\/strong> Dios. Mme. Swetchine dir\u00e1 que <em>&#8220;la resignaci\u00f3n difiere (&#8230;) de la voluntad de Dios; hay en ello la misma diferencia que existe entre la uni\u00f3n y la unidad; en la uni\u00f3n hay todav\u00eda dos, en la unidad no hay m\u00e1s que uno&#8221;<\/em>.<\/p>\n<p align=\"justify\">_________________<\/p>\n<p align=\"justify\">&nbsp;<\/p>\n<p align=\"justify\">Por eso, cuando nuestra voluntad se una a la Voluntad divina, diremos entonces que caminamos <strong>en <\/strong>Dios; camino humilde y muy honroso, aunque tantas veces lleno de dificultades. De ah\u00ed la expresi\u00f3n de santa Juana de Arco: <em>&#8220;Dios nos dar\u00e1 la victoria pero hay que combatir&#8221;.<\/em><\/p>\n<p align=\"justify\">Santa Teresita del Ni\u00f1o Jes\u00fas nos abre su coraz\u00f3n mostr\u00e1ndonos este camino lleno de esperanza: <em>&#8220;Al comprender que me era imposible hacer cosa alguna por m\u00ed misma, me pareci\u00f3 simplificada mi tarea. S\u00f3lo me esforzaba interiormente en unirme cada vez m\u00e1s y m\u00e1s a Dios, sabiendo que el resto se me dar\u00eda por a\u00f1adidura. Y as\u00ed ha sido, en efecto. Nunca ha sido defraudada ni esperanza (&#8230;) si hubiera confiado en mis propias fuerzas, sin tardanza le hubiera rendido las armas&#8221;<\/em> (<em>Historia de un alma, cap. X<\/em>).<\/p>\n<p align=\"justify\">_________________<\/p>\n<p align=\"justify\">&nbsp;<\/p>\n<p align=\"justify\">Amando<strong> a<\/strong> Dios y <strong>con<\/strong> su Amor en mi alma, yo puedo caminar <strong>en <\/strong>el Amor de Dios.<\/p>\n<p align=\"justify\">Cuando la Gracia santificante llena nuestra alma porque, como dice san Pablo, <em>&#8220;el amor de Dios ha sido derramado en nuestros corazones por medio del Esp\u00edritu Santo que se nos ha dado&#8221;<\/em> (Romanos 5, 5), con ese Amor divino, adem\u00e1s de con mi pobre amor de criatura, yo podr\u00e9 estar Amando tanto a Dios como a los dem\u00e1s.<\/p>\n<p align=\"justify\">Es tambi\u00e9n de santa Teresita lo que nos cuenta una hermana suya, cuando en una ocasi\u00f3n estando contemplando el azulado firmamento s\u00f3lo pod\u00eda pensar en el cielo material porque estaba pasando por una de esas &#8220;noches oscuras del alma&#8221;; <em>&#8220;&#8230;&#8217;el otro (cielo) -dice- <\/em>\u00a0<em>est\u00e1 cada vez m\u00e1s cerrado para m\u00ed&#8217; (&#8230;),<\/em> <em>por lo que se llena de aflicci\u00f3n ante esta oscuridad en su alma;<\/em> <em>&#8216;despu\u00e9s<\/em> <em>-contin\u00faa diciendo-<\/em> <em>\u00a0una voz interior me dijo: &#8216;S\u00ed, mirabas al cielo por amor. Pues estando tu alma enteramente entregada al amor, todas tus acciones, aun las m\u00e1s indiferentes, llevan este sello divino&#8217;. Lo que me consol\u00f3 en el acto&#8221;<\/em><\/p>\n<p align=\"justify\"><em>\u00a0<\/em>(cap. XII).<\/p>\n<p align=\"justify\">************************<\/p>\n<p align=\"justify\">&nbsp;<\/p>\n<p align=\"justify\">&nbsp;<\/p>\n","protected":false},"excerpt":{"rendered":"<p>La Misericordia de Dios &#8220;se derrama de generaci\u00f3n en generaci\u00f3n sobre los que le temen&#8221;, exclama la Virgen en el Magnificat (Lucas 1, 50). &nbsp; Nos asombra, y damos gracias a Dios por ello, saber que el Se\u00f1or deja que le arrebatemos Misericordia con un solo acto de amor nuestro. \u00a0\u00a0\u00a0\u00a0\u00a0\u00a0\u00a0\u00a0\u00a0\u00a0\u00a0\u00a0\u00a0\u00a0\u00a0\u00a0\u00a0\u00a0\u00a0\u00a0\u00a0\u00a0\u00a0\u00a0\u00a0\u00a0\u00a0\u00a0\u00a0\u00a0 &#8220;Si el m\u00e1s grande &hellip; <a href=\"https:\/\/www.biblia.work\/sermones\/cuadros-de-espiritualidad-febrero-2016-por-la-laica-araceli-de-anca-abati\/\" class=\"more-link\">Continuar leyendo<span class=\"screen-reader-text\"> \u00abCuadros de espiritualidad, Febrero 2016, por la laica Araceli de Anca Abati\u00bb<\/span><\/a><\/p>\n","protected":false},"author":1,"featured_media":0,"comment_status":"open","ping_status":"closed","sticky":false,"template":"","format":"standard","meta":{"footnotes":""},"categories":[1],"tags":[],"class_list":["post-35129","post","type-post","status-publish","format-standard","hentry","category-general"],"_links":{"self":[{"href":"https:\/\/www.biblia.work\/sermones\/wp-json\/wp\/v2\/posts\/35129","targetHints":{"allow":["GET"]}}],"collection":[{"href":"https:\/\/www.biblia.work\/sermones\/wp-json\/wp\/v2\/posts"}],"about":[{"href":"https:\/\/www.biblia.work\/sermones\/wp-json\/wp\/v2\/types\/post"}],"author":[{"embeddable":true,"href":"https:\/\/www.biblia.work\/sermones\/wp-json\/wp\/v2\/users\/1"}],"replies":[{"embeddable":true,"href":"https:\/\/www.biblia.work\/sermones\/wp-json\/wp\/v2\/comments?post=35129"}],"version-history":[{"count":0,"href":"https:\/\/www.biblia.work\/sermones\/wp-json\/wp\/v2\/posts\/35129\/revisions"}],"wp:attachment":[{"href":"https:\/\/www.biblia.work\/sermones\/wp-json\/wp\/v2\/media?parent=35129"}],"wp:term":[{"taxonomy":"category","embeddable":true,"href":"https:\/\/www.biblia.work\/sermones\/wp-json\/wp\/v2\/categories?post=35129"},{"taxonomy":"post_tag","embeddable":true,"href":"https:\/\/www.biblia.work\/sermones\/wp-json\/wp\/v2\/tags?post=35129"}],"curies":[{"name":"wp","href":"https:\/\/api.w.org\/{rel}","templated":true}]}}