{"id":35133,"date":"2016-06-21T00:01:45","date_gmt":"2016-06-21T05:01:45","guid":{"rendered":"http:\/\/www.biblia.work\/sermones\/catolicos-y-cientificos-alfonso-limon-montero-por-alfonso-v-carrascosa-cientifico-del-mncn-csic\/"},"modified":"2016-06-21T00:01:45","modified_gmt":"2016-06-21T05:01:45","slug":"catolicos-y-cientificos-alfonso-limon-montero-por-alfonso-v-carrascosa-cientifico-del-mncn-csic","status":"publish","type":"post","link":"https:\/\/www.biblia.work\/sermones\/catolicos-y-cientificos-alfonso-limon-montero-por-alfonso-v-carrascosa-cientifico-del-mncn-csic\/","title":{"rendered":"Cat\u00f3licos y cient\u00edficos: Alfonso Lim\u00f3n Montero, por Alfonso V. Carrascosa, cient\u00edfico del MNCN-CSIC"},"content":{"rendered":"<p style=\"text-align: justify;\"><strong>Cat\u00f3licos y cient\u00edficos: Alfonso Lim\u00f3n Montero, por Alfonso V. Carrascosa, cient\u00edfico del MNCN-CSIC<\/strong><\/p>\n<p style=\"text-align: justify;\"><strong>Benedicto XVI<\/strong> visit\u00f3 en plena JMJ 2011 el <strong>Monasterio de el Escorial<\/strong>, donde se <strong>encontr\u00f3 con los j\u00f3venes profesores universitarios<\/strong> a quienes entre otras cosas nos dijo \u2026<\/p>\n<p style=\"text-align: justify;\">En este emblem\u00e1tico lugar, raz\u00f3n y fe se han fundido arm\u00f3nicamente\u2026aludiendo al hecho cierto de que all\u00ed convivieron monjes, cient\u00edficos cat\u00f3licos, laboratorios qu\u00edmicos de botica y destiler\u00eda, la Biblioteca Laurentina, la mayor en su \u00e9poca, y todo ello en aquel 2011 que fue<br \/>\nA\u00f1o Internacional de la Qu\u00edmica. Por eso creo que merece la pena presentar personas concretas en las que la qu\u00edmica y la f\u00e9 convivieron arm\u00f3nicamente, como en el Dr. <strong>Alfonso Lim\u00f3n Montero<\/strong>, que en 1679 escribi\u00f3 su obra magna \u201cEspejo cristalino de las aguas de Espa\u00f1a\u201d, dedic\u00e1ndoselo a la Virgen Mar\u00eda.<\/p>\n<p style=\"text-align: justify;\">Nacido en Puertollano, donde se le conmemora con un busto en el monumento conocido con el nombre de Fuente Agria, no se conoce con exactitud ni la fecha de nacimiento ni su defunci\u00f3n. Estudi\u00f3 medicina en la Universidad de Alcal\u00e1, fundada por la Iglesia Cat\u00f3lica, y termin\u00f3 siendo catedr\u00e1tico en la misma. Tambi\u00e9n public\u00f3 \u201cEstudio semiol\u00f3gico de la orina\u201d, en el que se expresaba en t\u00e9rminos propios de la incipiente ciencia qu\u00edmica al hablar de los elementos contenidos en aquella.<\/p>\n<p style=\"text-align: justify;\">Pero su obra \u201cEspejo cristalino de las aguas de Espa\u00f1a\u201d se considera la primera en cuanto a hidrolog\u00eda m\u00e9dica se refiere. Con la colaboraci\u00f3n de m\u00e1s de cien corresponsales repartidos por todo el territorio nacional, describi\u00f3 todas las aguas entonces conocidas as\u00ed como las propiedades de las mismas. El libro, dedicado a la \u201c\u2026hermos\u00edsima y milagrosa imagen de Sta. Mar\u00eda de Jes\u00fas, titular y patrona del muy religioso Convento de San Diego de Alcal\u00e1\u2026\u201d, recoge en sus inicios las autorizaciones eclesi\u00e1sticas para su publicaci\u00f3n propias de la \u00e9poca, adem\u00e1s del inicio y el final del mismo. En aquel, concretamente en el pr\u00f3logo, el Dr. Lim\u00f3n resalta que escribe el libro con\u201c\u2026 El deseo de aprovechar en algo a nuestros naturales, y hacer alg\u00fan servicio a Dios nuestro Se\u00f1or\u2026\u201d, resaltando que lo escribe en espa\u00f1ol romance para llegar a m\u00e1s gente y que sea de mayor utilidad , y finalizando el libro con \u201c\u2026toda nuestra obra. La cual sea a honra, y gloria del Dios soberano, y omnipotente Padre, Hijo, y Esp\u00edritu Santo, tres personas distintas y un solo Dios verdadero, y a la seren\u00edsima Reina de los \u00c1ngeles, Mar\u00eda Sant\u00edsima, Madre de Dios concebida sin mancha de culpa original en el primer instante de su ser natural, debajo de cuya protecci\u00f3n y amparo hemos corrido la pluma en esta obra hasta este punto. Y le invocamos para todo cuanto en lo que nos resta de vida, escribiremos. Ave Mar\u00eda\u201d.<\/p>\n<p style=\"text-align: justify;\">El 28 de octubre de 2009, en audiencia general, Benedicto XVI dec\u00eda La fe est\u00e1 abierta al esfuerzo de comprensi\u00f3n por parte de la raz\u00f3n; la raz\u00f3n, a su vez, reconoce que la fe no la mortifica, sino que la lanza hacia horizontes m\u00e1s amplios y elevados. Esto es algo comprobable en tantos cient\u00edficos que han sido y somos. Deo gratias.<\/p>\n","protected":false},"excerpt":{"rendered":"<p>Cat\u00f3licos y cient\u00edficos: Alfonso Lim\u00f3n Montero, por Alfonso V. Carrascosa, cient\u00edfico del MNCN-CSIC Benedicto XVI visit\u00f3 en plena JMJ 2011 el Monasterio de el Escorial, donde se encontr\u00f3 con los j\u00f3venes profesores universitarios a quienes entre otras cosas nos dijo \u2026 En este emblem\u00e1tico lugar, raz\u00f3n y fe se han fundido arm\u00f3nicamente\u2026aludiendo al hecho cierto &hellip; <a href=\"https:\/\/www.biblia.work\/sermones\/catolicos-y-cientificos-alfonso-limon-montero-por-alfonso-v-carrascosa-cientifico-del-mncn-csic\/\" class=\"more-link\">Continuar leyendo<span class=\"screen-reader-text\"> \u00abCat\u00f3licos y cient\u00edficos: Alfonso Lim\u00f3n Montero, por Alfonso V. Carrascosa, cient\u00edfico del MNCN-CSIC\u00bb<\/span><\/a><\/p>\n","protected":false},"author":1,"featured_media":0,"comment_status":"open","ping_status":"closed","sticky":false,"template":"","format":"standard","meta":{"footnotes":""},"categories":[1],"tags":[],"class_list":["post-35133","post","type-post","status-publish","format-standard","hentry","category-general"],"_links":{"self":[{"href":"https:\/\/www.biblia.work\/sermones\/wp-json\/wp\/v2\/posts\/35133","targetHints":{"allow":["GET"]}}],"collection":[{"href":"https:\/\/www.biblia.work\/sermones\/wp-json\/wp\/v2\/posts"}],"about":[{"href":"https:\/\/www.biblia.work\/sermones\/wp-json\/wp\/v2\/types\/post"}],"author":[{"embeddable":true,"href":"https:\/\/www.biblia.work\/sermones\/wp-json\/wp\/v2\/users\/1"}],"replies":[{"embeddable":true,"href":"https:\/\/www.biblia.work\/sermones\/wp-json\/wp\/v2\/comments?post=35133"}],"version-history":[{"count":0,"href":"https:\/\/www.biblia.work\/sermones\/wp-json\/wp\/v2\/posts\/35133\/revisions"}],"wp:attachment":[{"href":"https:\/\/www.biblia.work\/sermones\/wp-json\/wp\/v2\/media?parent=35133"}],"wp:term":[{"taxonomy":"category","embeddable":true,"href":"https:\/\/www.biblia.work\/sermones\/wp-json\/wp\/v2\/categories?post=35133"},{"taxonomy":"post_tag","embeddable":true,"href":"https:\/\/www.biblia.work\/sermones\/wp-json\/wp\/v2\/tags?post=35133"}],"curies":[{"name":"wp","href":"https:\/\/api.w.org\/{rel}","templated":true}]}}