{"id":35134,"date":"2016-06-21T00:01:54","date_gmt":"2016-06-21T05:01:54","guid":{"rendered":"http:\/\/www.biblia.work\/sermones\/carta-de-las-monjas-mercedarias-descalzas-de-santiago-de-compostela\/"},"modified":"2016-06-21T00:01:54","modified_gmt":"2016-06-21T05:01:54","slug":"carta-de-las-monjas-mercedarias-descalzas-de-santiago-de-compostela","status":"publish","type":"post","link":"https:\/\/www.biblia.work\/sermones\/carta-de-las-monjas-mercedarias-descalzas-de-santiago-de-compostela\/","title":{"rendered":"Carta de las Monjas Mercedarias Descalzas de Santiago de Compostela"},"content":{"rendered":"<p align=\"justify\"><strong>Carta de las Monjas Mercedarias Descalzas de Santiago de Compostela<br \/>\n<\/strong><\/p>\n<p align=\"justify\">Ante las informaciones aparecidas en distintos medios de comunicaci\u00f3n relativos a unos hechos acontecidos en nuestro Monasterio, la Comunidad de Madres Mercedarias Descalzas de Santiago quiere manifestar, para p\u00fablico conocimiento y aclaraci\u00f3n, lo siguiente:<\/p>\n<p align=\"justify\">El pasado s\u00e1bado 23 de enero de 2016, hemos sido informadas a trav\u00e9s de un requerimiento judicial de que cinco hermanas de nuestra Comunidad deb\u00edan prestar declaraci\u00f3n en los Juzgados de Santiago por una denuncia de detenci\u00f3n ilegal, sin que, en ning\u00fan momento, previamente, nuestra Orden hubiera recibido informaci\u00f3n o denuncia alguna acerca de presuntos comportamientos delictivos en sus 300 a\u00f1os de existencia, ni por parte de organismo judicial ni de persona particular. L\u00f3gicamente, ello ha producido\u00a0gran perplejidad, dolor y consternaci\u00f3n\u00a0en el seno de nuestra comunidad.<\/p>\n<p align=\"justify\">Somos una Comunidad de monjas Mercedarias Descalzas, una Comunidad de mujeres consagradas a Dios en el seno de la Iglesia Cat\u00f3lica, dedicadas fundamentalmente a la oraci\u00f3n, a la escucha y meditaci\u00f3n de la Palabra de Dios, a la adoraci\u00f3n y glorificaci\u00f3n de Dios Padre, Hijo y Esp\u00edritu Santo.<\/p>\n<p align=\"justify\">Actualmente, tras los \u00faltimos acontecimientos, formamos la comunidad siete hermanas de tres nacionalidades: Espa\u00f1a, India y M\u00e9xico, o sea, que es una peque\u00f1a comunidad universal, llena de alegr\u00eda y variedad cultural.<\/p>\n<p align=\"justify\">La vida de una Mercedaria descalza se describe con dos trazos muy sencillos: oraci\u00f3n y fraternidad. Las Hermanas compartimos la misma llamada de Dios que en cada una se manifiesta de modo particular. Todo, aqu\u00ed, gira en torno a la b\u00fasqueda de Dios, a quien hemos dado primac\u00eda en nuestra vida. Este camino s\u00f3lo se recorre en la medida en que recorremos ese otro por el cual vamos aprendiendo a ser hermanas, a compartir cuanto somos y tenemos. Y todo esto en el marco de una vida sencilla; trabajamos para vivir y dedicamos tiempo a la lectura y el estudio.<\/p>\n<p align=\"justify\">Desde la vocaci\u00f3n contemplativa os aseguramos que el sufrimiento del mundo, de cada hombre, los m\u00e1s cercanos y los m\u00e1s lejanos no nos dejan indiferentes porque nuestra oraci\u00f3n se extiende a toda la humanidad. Desde nuestra peque\u00f1a comunidad intentamos dar respuesta al sufrimiento del mundo con nuestra oraci\u00f3n, acogida, y peque\u00f1os gestos solidarios. Y as\u00ed podr\u00edamos seguir dando razones por las que la vida contemplativa tiene plena actualidad.<\/p>\n<p align=\"justify\">Hace m\u00e1s de 15 a\u00f1os quisimos facilitar el desarrollo de la vida contemplativa a distintas j\u00f3venes vocaciones extranjeras, algunas j\u00f3venes de Kerala (India) y de M\u00e9xico, algunas de las cu\u00e1les ahora son monjas de votos solemnes y otras fueron descubriendo con el paso del tiempo que el Se\u00f1or las llamaba a otro tipo de vocaci\u00f3n en la Iglesia y en el mundo. Damos gracias a Dios, por cada una de estas Hermanas tanto las que han perseverado como las que libre y voluntariamente decidieron dejar la vida religiosa; todas han sido un don de Dios, por su esp\u00edritu ferviente y misionero. La formaci\u00f3n de estas j\u00f3venes fue una tarea entra\u00f1able y con la ayuda de Dios la Comunidad sali\u00f3 adelante. Hoy est\u00e1n muy integradas, llevan el peso de esta comunidad. Incluso una de las que recientemente ha decidido, despu\u00e9s de un per\u00edodo de discernimiento, abandonar la vida mon\u00e1stica, fue Vicaria (segundo oficio en importancia en la comunidad por su responsabilidad) durante seis a\u00f1os, incluso Superiora de la Comunidad en funciones durante un tiempo. Y posteriormente estuvo encargada del torno conventual, donde se atienden las comunicaciones con el exterior y se entra en relaci\u00f3n con todas las personas que acuden al Monasterio. Todos los cargos y tareas intracomunitarios son elegidos democr\u00e1ticamente para un per\u00edodo de tres a\u00f1os, al t\u00e9rmino de los cu\u00e1les se procede a otra elecci\u00f3n de las distintas responsabilidades.<\/p>\n<p align=\"justify\">En estos tiempos en los que nos cuesta aceptar los compromisos a largo plazo y en los que la fidelidad parece cuestionada como valor, la perseverancia en la vocaci\u00f3n y la humilde presencia de un monasterio como el nuestro (dedicado a la oraci\u00f3n y a la contemplaci\u00f3n) suponen sin duda, un testimonio muy hermoso para todos los creyentes.<\/p>\n<p align=\"justify\">Es verdad que puede haber muchas personas que no comprendan el sentido de este g\u00e9nero de vida y sus tradiciones y costumbres. Pero esto ser\u00eda mirar muy superficialmente nuestra vida. No obstante, pedimos, tanto a las instituciones como a las personas y medios de comunicaci\u00f3n, respeto hacia esta forma de vida consagrada en la Iglesia y verdad ante unas informaciones que no han reflejado correctamente los hechos acaecidos.<\/p>\n<p align=\"justify\">Queremos manifestar nuestra gratitud a todas las personas que de un modo u otro nos han hecho llegar su apoyo y nos han mostrado su cercan\u00eda. Podemos asegurar que nos sentimos reconfortadas sabiendo que muchas personas rezan por todas nosotras. Por todos rezamos a Dios Padre.<\/p>\n<p align=\"justify\">Nuestra gratitud muy especial a nuestro Arzobispo, por sus palabras de aliento que nos estimulan a vivir en plenitud nuestro carisma, al Vicario Judicial y al Delegado de Vida Consagrada de la Archidi\u00f3cesis de Santiago. Que el Se\u00f1or y Ntra. Stma. Madre le recompense a cada uno.<\/p>\n<p align=\"justify\">Queremos mostrar de coraz\u00f3n nuestro agradecimiento al Padre Capell\u00e1n, por sus desvelos, esforz\u00e1ndose por cuidar esta Comunidad y, sobre todo, su humildad y disponibilidad en realizar con amor la voluntad de Dios.<\/p>\n<p align=\"justify\">M\u00e1s all\u00e1 del dolor y la consternaci\u00f3n que esta situaci\u00f3n nos produce, seguimos confiando en el Dios de la Misericordia, que acoge y perdona; y queremos seguir expresando nuestro deseo de servirle a \u00c9l y a los hermanos desde nuestro carisma mercedario en esta ciudad del Ap\u00f3stol, y hacemos llegar a todos un agradecido y fraternal abrazo desde el coraz\u00f3n de Mar\u00eda, nuestra Madre, de vuestras hermanas Mercedarias Descalzas.<\/p>\n","protected":false},"excerpt":{"rendered":"<p>Carta de las Monjas Mercedarias Descalzas de Santiago de Compostela Ante las informaciones aparecidas en distintos medios de comunicaci\u00f3n relativos a unos hechos acontecidos en nuestro Monasterio, la Comunidad de Madres Mercedarias Descalzas de Santiago quiere manifestar, para p\u00fablico conocimiento y aclaraci\u00f3n, lo siguiente: El pasado s\u00e1bado 23 de enero de 2016, hemos sido informadas &hellip; <a href=\"https:\/\/www.biblia.work\/sermones\/carta-de-las-monjas-mercedarias-descalzas-de-santiago-de-compostela\/\" class=\"more-link\">Continuar leyendo<span class=\"screen-reader-text\"> \u00abCarta de las Monjas Mercedarias Descalzas de Santiago de Compostela\u00bb<\/span><\/a><\/p>\n","protected":false},"author":1,"featured_media":0,"comment_status":"open","ping_status":"closed","sticky":false,"template":"","format":"standard","meta":{"footnotes":""},"categories":[1],"tags":[],"class_list":["post-35134","post","type-post","status-publish","format-standard","hentry","category-general"],"_links":{"self":[{"href":"https:\/\/www.biblia.work\/sermones\/wp-json\/wp\/v2\/posts\/35134","targetHints":{"allow":["GET"]}}],"collection":[{"href":"https:\/\/www.biblia.work\/sermones\/wp-json\/wp\/v2\/posts"}],"about":[{"href":"https:\/\/www.biblia.work\/sermones\/wp-json\/wp\/v2\/types\/post"}],"author":[{"embeddable":true,"href":"https:\/\/www.biblia.work\/sermones\/wp-json\/wp\/v2\/users\/1"}],"replies":[{"embeddable":true,"href":"https:\/\/www.biblia.work\/sermones\/wp-json\/wp\/v2\/comments?post=35134"}],"version-history":[{"count":0,"href":"https:\/\/www.biblia.work\/sermones\/wp-json\/wp\/v2\/posts\/35134\/revisions"}],"wp:attachment":[{"href":"https:\/\/www.biblia.work\/sermones\/wp-json\/wp\/v2\/media?parent=35134"}],"wp:term":[{"taxonomy":"category","embeddable":true,"href":"https:\/\/www.biblia.work\/sermones\/wp-json\/wp\/v2\/categories?post=35134"},{"taxonomy":"post_tag","embeddable":true,"href":"https:\/\/www.biblia.work\/sermones\/wp-json\/wp\/v2\/tags?post=35134"}],"curies":[{"name":"wp","href":"https:\/\/api.w.org\/{rel}","templated":true}]}}