{"id":35138,"date":"2016-06-21T00:02:11","date_gmt":"2016-06-21T05:02:11","guid":{"rendered":"http:\/\/www.biblia.work\/sermones\/el-papa-en-la-conmemoracion-del-5-centenario-de-la-reforma-luterana\/"},"modified":"2016-06-21T00:02:11","modified_gmt":"2016-06-21T05:02:11","slug":"el-papa-en-la-conmemoracion-del-5-centenario-de-la-reforma-luterana","status":"publish","type":"post","link":"https:\/\/www.biblia.work\/sermones\/el-papa-en-la-conmemoracion-del-5-centenario-de-la-reforma-luterana\/","title":{"rendered":"El Papa en la conmemoraci\u00f3n del 5 centenario de la Reforma Luterana"},"content":{"rendered":"<p align=\"justify\"><em>El Papa en la conmemoraci\u00f3n del 5 centenario de la Reforma Luterana, por Jos\u00e9 Luis Rest\u00e1n, director editorial de la Cadena Cope, en P\u00e1ginas Digital del 26\/1\/2016<\/em><\/p>\n<p align=\"justify\"><strong>La fe com\u00fan y el testimonio en un mundo alejado de Dios<\/strong>\n<\/p>\n<p align=\"justify\">Es dif\u00edcil acostumbrarse a las sorpresas de Francisco, y la de ayer tiene su peso hist\u00f3rico. La Santa Sede ha anunciado su intenci\u00f3n de participar en una ceremonia conjunta entre la Iglesia Cat\u00f3lica y la Federaci\u00f3n Luterana Mundial para conmemorar el 500 aniversario de la Reforma, en Lund, Suecia, el 31 de octubre de 2016. Mucho se hab\u00eda hablado y discutido sobre la forma en que la Iglesia Cat\u00f3lica podr\u00eda acompa\u00f1ar a los hermanos reformados en esta conmemoraci\u00f3n. El anuncio realizado ayer resuelve una parte importante del enigma. Seg\u00fan un comunicado conjunto de la Federaci\u00f3n Luterana Mundial (Lwf) y del Consejo Pontificio para la Unidad de los Cristianos, la conmemoraci\u00f3n \u201cdar\u00e1 una especial importancia a los s\u00f3lidos progresos ecum\u00e9nicos entre cat\u00f3licos y luteranos y los dones rec\u00edprocos que derivan del di\u00e1logo\u201d, e incluir\u00e1 una oraci\u00f3n com\u00fan basada en la gu\u00eda lit\u00fargica cat\u00f3lico-luterana, Common Prayer, recientemente publicada.<\/p>\n<p align=\"justify\">Hace ahora tres a\u00f1os, el cardenal Kurt Koch propuso una celebraci\u00f3n penitencial com\u00fan, en la que cat\u00f3licos y protestantes habr\u00edamos de pedir perd\u00f3n por el hecho de que la purificaci\u00f3n auspiciada por Mart\u00edn Lutero no produjo la renovaci\u00f3n, sino la divisi\u00f3n de la Iglesia, y eso fue responsabilidad de ambas partes. Ahora Koch ha explicado que \u201cconcentr\u00e1ndose juntos sobre la centralidad de la cuesti\u00f3n de Dios y sobre un enfoque cristoc\u00e9ntrico, luteranos y cat\u00f3licos tendr\u00e1n la posibilidad de celebrar una Conmemoraci\u00f3n ecum\u00e9nica de la Reforma, no simplemente de manera pragm\u00e1tica, sino con un sentido profundo de la fe en Cristo crucificado y resucitado\u201d. De esta manera el gesto, de indudable calado simb\u00f3lico, se arraiga en la confesi\u00f3n de fe com\u00fan y busca una profundizaci\u00f3n en el arduo camino hacia la unidad, m\u00e1s all\u00e1 de simplificaciones y movimientos t\u00e1cticos. De hecho la conmemoraci\u00f3n se explica en el marco creado por un nuevo documento teol\u00f3gico de 2013 titulado \u201cDel conflicto a la comuni\u00f3n\u201d, que constituye un primer intento de narraci\u00f3n com\u00fan de la historia de la Reforma, de sus intenciones y l\u00edmites.<\/p>\n<p align=\"justify\">No cabe duda de que la decisi\u00f3n del Papa de hacerse presente en Lund, que no pod\u00eda darse por descontada, refuerza enormemente el valor de este evento. Francisco ha tomado una decisi\u00f3n libre y audaz, pero sobre todo clarividente y prof\u00e9tica, en la senda que marcaron sus predecesores. Recordemos como principales hitos la aprobaci\u00f3n por Juan Pablo II de la Declaraci\u00f3n Com\u00fan sobre la Doctrina de la Justificaci\u00f3n, en 1999, y la visita de Benedicto XVI, en 2011, al antiguo convento agustino de Erfurt en el que se forj\u00f3 la aventura de Mart\u00edn Lutero.<\/p>\n<p align=\"justify\">En aquella ocasi\u00f3n el Papa Ratzinger afirm\u00f3 ante sus interlocutores evang\u00e9licos que \u201cfue un error de la edad confesional haber visto mayormente aquello que nos separa, y no haber percibido en modo esencial lo que tenemos en com\u00fan en las grandes pautas de la Sagrada Escritura y en las profesiones de fe del cristianismo antiguo\u201d, y compart\u00eda una visi\u00f3n que los mejores exponentes luteranos sin duda sienten como un aguij\u00f3n: \u201ccuanto m\u00e1s se aleja el mundo de Dios, tanto m\u00e1s resulta claro que el hombre\u2026 pierde cada vez m\u00e1s la vida\u2026 en este tiempo, nuestro primer servicio ecum\u00e9nico debe ser el testimoniar juntos la presencia del Dios vivo y dar as\u00ed al mundo la respuesta que necesita\u201d. No sabemos c\u00f3mo intervendr\u00e1 Francisco en la magna ocasi\u00f3n que ahora se anuncia, pero lo que est\u00e1 muy claro es que se sit\u00faa en esta perspectiva.<\/p>\n","protected":false},"excerpt":{"rendered":"<p>El Papa en la conmemoraci\u00f3n del 5 centenario de la Reforma Luterana, por Jos\u00e9 Luis Rest\u00e1n, director editorial de la Cadena Cope, en P\u00e1ginas Digital del 26\/1\/2016 La fe com\u00fan y el testimonio en un mundo alejado de Dios Es dif\u00edcil acostumbrarse a las sorpresas de Francisco, y la de ayer tiene su peso hist\u00f3rico. &hellip; <a href=\"https:\/\/www.biblia.work\/sermones\/el-papa-en-la-conmemoracion-del-5-centenario-de-la-reforma-luterana\/\" class=\"more-link\">Continuar leyendo<span class=\"screen-reader-text\"> \u00abEl Papa en la conmemoraci\u00f3n del 5 centenario de la Reforma Luterana\u00bb<\/span><\/a><\/p>\n","protected":false},"author":1,"featured_media":0,"comment_status":"open","ping_status":"closed","sticky":false,"template":"","format":"standard","meta":{"footnotes":""},"categories":[1],"tags":[],"class_list":["post-35138","post","type-post","status-publish","format-standard","hentry","category-general"],"_links":{"self":[{"href":"https:\/\/www.biblia.work\/sermones\/wp-json\/wp\/v2\/posts\/35138","targetHints":{"allow":["GET"]}}],"collection":[{"href":"https:\/\/www.biblia.work\/sermones\/wp-json\/wp\/v2\/posts"}],"about":[{"href":"https:\/\/www.biblia.work\/sermones\/wp-json\/wp\/v2\/types\/post"}],"author":[{"embeddable":true,"href":"https:\/\/www.biblia.work\/sermones\/wp-json\/wp\/v2\/users\/1"}],"replies":[{"embeddable":true,"href":"https:\/\/www.biblia.work\/sermones\/wp-json\/wp\/v2\/comments?post=35138"}],"version-history":[{"count":0,"href":"https:\/\/www.biblia.work\/sermones\/wp-json\/wp\/v2\/posts\/35138\/revisions"}],"wp:attachment":[{"href":"https:\/\/www.biblia.work\/sermones\/wp-json\/wp\/v2\/media?parent=35138"}],"wp:term":[{"taxonomy":"category","embeddable":true,"href":"https:\/\/www.biblia.work\/sermones\/wp-json\/wp\/v2\/categories?post=35138"},{"taxonomy":"post_tag","embeddable":true,"href":"https:\/\/www.biblia.work\/sermones\/wp-json\/wp\/v2\/tags?post=35138"}],"curies":[{"name":"wp","href":"https:\/\/api.w.org\/{rel}","templated":true}]}}