{"id":35141,"date":"2016-06-21T00:02:32","date_gmt":"2016-06-21T05:02:32","guid":{"rendered":"http:\/\/www.biblia.work\/sermones\/san-francisco-de-sales-patron-de-los-plumillas-por-fidel-garcia-martinez\/"},"modified":"2016-06-21T00:02:32","modified_gmt":"2016-06-21T05:02:32","slug":"san-francisco-de-sales-patron-de-los-plumillas-por-fidel-garcia-martinez","status":"publish","type":"post","link":"https:\/\/www.biblia.work\/sermones\/san-francisco-de-sales-patron-de-los-plumillas-por-fidel-garcia-martinez\/","title":{"rendered":"San Francisco de Sales, patr\u00f3n de los &#8220;Plumillas&#8221;, por Fidel Garc\u00eda Mart\u00ednez"},"content":{"rendered":"<p style=\"text-align: justify;\" align=\"CENTER\"><strong>San Francisco de Sales, patr\u00f3n de los &#8220;Plumillas&#8221;, por Fidel Garc\u00eda Mart\u00ednez<\/strong><\/p>\n<p style=\"text-align: justify;\" align=\"JUSTIFY\">Hoy los antiguos y queridos \u201cplumillas\u201d celebran la festividad de su patr\u00f3n Francisco de Sales, el santo del amor divino e inventor del periodismo tal como hoy la conocemos. Son malos tiempos para conmemorar santidades y patrones, porque el laicismo reaccionario pretende reducir todo lo santo y lo sagrado a su propia nada intelectual y moral, cabalgatas de la Epifan\u00eda incluidas.<\/p>\n<p style=\"text-align: justify;\" align=\"JUSTIFY\">El periodista amante de la verdad y de la moral es m\u00e1s necesario que nunca, porque las tentaciones de la manipulaci\u00f3n de la informaci\u00f3n y comunicaci\u00f3n con los nuevos y poderosos medios digitales se puede transformar la verdad en mentita y la mentira en verdad, sin que apenas se perciban las diferencias abismales entre ambas.<\/p>\n<p style=\"text-align: justify;\" align=\"JUSTIFY\">San Francisco de Sales no es s\u00f3lo un gran experto en la experiencia religioso-m\u00edstica como se prueba por sus maravillosos escritos sobre \u201cIntroducci\u00f3n a la vida devota\u201d o <b>El tratado del amor de Dios<\/b>, sino que es uno de los mejores escritores de la Lengua Francesa, est\u00e1 en la Real Academia Francesa de la Lengua como un modelo de perfecci\u00f3n ling\u00fc\u00edstica y literaria. Maestro en el arte epistolar escribi\u00f3 innumerables cartas a las personas m\u00e1s diversas, desde grandes pol\u00edticos a humildes fieles. Vive en tiempos dif\u00edciles de intolerancia religiosa, las proclamas reformadoras de la conversi\u00f3n de los fieles a la religi\u00f3n de los reyes, como con aquella conversi\u00f3n del rey franc\u00e9s basada en el famoso dicho manipulado hoy hasta la saciedad para justificar todas las ambiciones pol\u00edticas y chaqueteos oportunistas, como sucede hoy en Espa\u00f1a: <b>\u201cPar\u00eds bien vale una Misa\u201d.<\/b><\/p>\n<p style=\"text-align: justify;\" align=\"JUSTIFY\"> El que sea San Francisco de Sales patr\u00f3n de los periodistas se basa en que fue \u00e9l, el primero que se sirvi\u00f3 de las octavillas-pasquines, que \u00e9l mismo escrib\u00eda y distribu\u00eda entre sus fieles, diariamente, para mantenerlos informados de todas los acontecimientos que viven en su di\u00f3cesis de Ginebra, en donde la convivencia con los calvinistas con frecuencia presentaba dificultades. Cuarenta a\u00f1os despu\u00e9s aparec\u00eda el primer peri\u00f3dico del mundo, siguiendo el esquema b\u00e1sico de los pasquines de Francisco de Sales, <b>La Gazetta\u201d <\/b> del Dr.Renaudot.<\/p>\n<p style=\"text-align: justify;\" align=\"JUSTIFY\"><strong>Fidel Garc\u00eda Mart\u00ednez<\/strong>, Catedr\u00e1tico Lengua Literatura Doctor Filolog\u00eda Rom\u00e1nica<\/p>\n","protected":false},"excerpt":{"rendered":"<p>San Francisco de Sales, patr\u00f3n de los &#8220;Plumillas&#8221;, por Fidel Garc\u00eda Mart\u00ednez Hoy los antiguos y queridos \u201cplumillas\u201d celebran la festividad de su patr\u00f3n Francisco de Sales, el santo del amor divino e inventor del periodismo tal como hoy la conocemos. Son malos tiempos para conmemorar santidades y patrones, porque el laicismo reaccionario pretende reducir &hellip; <a href=\"https:\/\/www.biblia.work\/sermones\/san-francisco-de-sales-patron-de-los-plumillas-por-fidel-garcia-martinez\/\" class=\"more-link\">Continuar leyendo<span class=\"screen-reader-text\"> \u00abSan Francisco de Sales, patr\u00f3n de los &#8220;Plumillas&#8221;, por Fidel Garc\u00eda Mart\u00ednez\u00bb<\/span><\/a><\/p>\n","protected":false},"author":1,"featured_media":0,"comment_status":"open","ping_status":"closed","sticky":false,"template":"","format":"standard","meta":{"footnotes":""},"categories":[1],"tags":[],"class_list":["post-35141","post","type-post","status-publish","format-standard","hentry","category-general"],"_links":{"self":[{"href":"https:\/\/www.biblia.work\/sermones\/wp-json\/wp\/v2\/posts\/35141","targetHints":{"allow":["GET"]}}],"collection":[{"href":"https:\/\/www.biblia.work\/sermones\/wp-json\/wp\/v2\/posts"}],"about":[{"href":"https:\/\/www.biblia.work\/sermones\/wp-json\/wp\/v2\/types\/post"}],"author":[{"embeddable":true,"href":"https:\/\/www.biblia.work\/sermones\/wp-json\/wp\/v2\/users\/1"}],"replies":[{"embeddable":true,"href":"https:\/\/www.biblia.work\/sermones\/wp-json\/wp\/v2\/comments?post=35141"}],"version-history":[{"count":0,"href":"https:\/\/www.biblia.work\/sermones\/wp-json\/wp\/v2\/posts\/35141\/revisions"}],"wp:attachment":[{"href":"https:\/\/www.biblia.work\/sermones\/wp-json\/wp\/v2\/media?parent=35141"}],"wp:term":[{"taxonomy":"category","embeddable":true,"href":"https:\/\/www.biblia.work\/sermones\/wp-json\/wp\/v2\/categories?post=35141"},{"taxonomy":"post_tag","embeddable":true,"href":"https:\/\/www.biblia.work\/sermones\/wp-json\/wp\/v2\/tags?post=35141"}],"curies":[{"name":"wp","href":"https:\/\/api.w.org\/{rel}","templated":true}]}}