{"id":35142,"date":"2016-06-21T00:02:37","date_gmt":"2016-06-21T05:02:37","guid":{"rendered":"http:\/\/www.biblia.work\/sermones\/educacion-diferenciada-por-que-si-por-fidel-garcia-martinez\/"},"modified":"2016-06-21T00:02:37","modified_gmt":"2016-06-21T05:02:37","slug":"educacion-diferenciada-por-que-si-por-fidel-garcia-martinez","status":"publish","type":"post","link":"https:\/\/www.biblia.work\/sermones\/educacion-diferenciada-por-que-si-por-fidel-garcia-martinez\/","title":{"rendered":"Educaci\u00f3n diferenciada \u00bfpor qu\u00e9, s\u00ed?, por Fidel Garc\u00eda Mart\u00ednez"},"content":{"rendered":"<p style=\"text-align: justify;\" align=\"CENTER\"><strong>Educaci\u00f3n diferenciada \u00bfpor qu\u00e9, s\u00ed?, por Fidel Garc\u00eda Mart\u00ednez\u00a0<\/strong><\/p>\n<p style=\"text-align: justify;\" align=\"JUSTIFY\">La postura reaccionaria y claramente contraria al derecho constitucional de los padres elegir la educaci\u00f3n de sus hijos que m\u00e1s crean conveniente seg\u00fan sus valores morales y religiosos, que ha tomado la alcaldesa de Madrid contra un colegio de educaci\u00f3n diferenciada, prohibiendo a los ni\u00f1os y ni\u00f1as de ese colegio participar en la Cabalgata de Reyes es totalmente injusta.<\/p>\n<p style=\"text-align: justify;\" align=\"JUSTIFY\">Es de esperar que el arzobispo de Madrid Carlos Osoro, haga ver a la Sra Alcaldesa lo incongruente de sus posturas contra la instituciones y festividades cat\u00f3licas a las que si no persigue, s\u00ed claramente margina. El Sr. Arzobispo debe una explicaci\u00f3n argumentada a los cat\u00f3licos madrile\u00f1os sobre estas medidas arbitrarias.<\/p>\n<p style=\"text-align: justify;\" align=\"JUSTIFY\">Un fantasma educativo recorre algunas Comunidades Aut\u00f3nomas, seg\u00fan lo pol\u00edticamente correcto promovido un d\u00eda s\u00ed y otro tambi\u00e9n venga o no venga a cuento arremete demag\u00f3gicamente contra la Educaci\u00f3n diferenciada tan perfectamente constitucional como la diferenciada, siempre que los padres, los \u00faltimos responsables se la educaci\u00f3n de los hijos as\u00ed los decidan. Los enemigos de la educaci\u00f3n diferenciada se basan en la ideolog\u00eda radical de g\u00e9nero que sostienen contra toda l\u00f3gica y sentido com\u00fan que los diferencias entre los ni\u00f1os no son naturales, necesarias, sino son fen\u00f3menos ideol\u00f3gicos que se pueden cambiar como se quiera y hasta donde se quiera. Algo adem\u00e1s de rid\u00edculo claramente sectario. Sin embargo los enemigos de los colegios concertados con educaci\u00f3n diferenciada lo presentan como lo m\u00e1s progresista de Espa\u00f1a, especialmente en Andaluc\u00eda y Asturias y en todas las ahora gobernadas por conglomerados partidistas.<\/p>\n<p style=\"text-align: justify;\" align=\"JUSTIFY\">Un estudio riguroso y serio presentado por Eurydice (Agencia Ejecutivo de la Comisi\u00f3n Europea en el \u00c1mbito Educaci\u00f3n) la educaci\u00f3n diferenciada proporciona a los chicos y chicas m\u00e1s libertad para elegir materias no asociadas a su sexo, ofrece m\u00e1s espacio a las chicas, contribuye a aumentar la autoestima y fomenta el esfuerza en los chicos en no tener que preocuparse por su imagen como estudiantes.<\/p>\n<p style=\"text-align: justify;\" align=\"JUSTIFY\">La educaci\u00f3n diferenciada rompe un t\u00f3pico mantenido sin m\u00e1s fundamento que los prejuicios contra las chicas, al considerar que las carreras de letras son para las chicas y las de ciencias y tecnol\u00f3gicas para los chicos, y mejora el accesos de la chicas a estudios cient\u00edficos t\u00e9cnicos: precisamente los estereotipos de g\u00e9nero, son los que m\u00e1s provocan la ausencia en las aulas de las chicas para aspirar a los profesiones de \u00e9xito.<\/p>\n<p style=\"text-align: justify;\" align=\"JUSTIFY\">El gobierno alem\u00e1n anima a las j\u00f3venes estudiantes a elegir titulaciones del \u00e1mbito de las matem\u00e1ticas, inform\u00e1tica, ciencias naturales y t\u00e9cnicas. Otros gobiernos est\u00e1n rompiendo los tab\u00faes de que la ense\u00f1anza primaria es un campo reservado a las chicas y han puesto en marcha iniciativas concretas a atraer un n\u00famero mayores de hombres a la profesi\u00f3n, como han hecho Irlanda, los Pa\u00edses Bajos, Inglaterra, Suecia.<\/p>\n<p style=\"text-align: justify;\" align=\"JUSTIFY\"> Fidel Garc\u00eda Mart\u00ednez, Catedr\u00e1tico Lengua Literatura, Doctor Filolog\u00eda Rom\u00e1nica, Licenciado en Ciencias Eclesi\u00e1sticas.<\/p>\n","protected":false},"excerpt":{"rendered":"<p>Educaci\u00f3n diferenciada \u00bfpor qu\u00e9, s\u00ed?, por Fidel Garc\u00eda Mart\u00ednez\u00a0 La postura reaccionaria y claramente contraria al derecho constitucional de los padres elegir la educaci\u00f3n de sus hijos que m\u00e1s crean conveniente seg\u00fan sus valores morales y religiosos, que ha tomado la alcaldesa de Madrid contra un colegio de educaci\u00f3n diferenciada, prohibiendo a los ni\u00f1os y &hellip; <a href=\"https:\/\/www.biblia.work\/sermones\/educacion-diferenciada-por-que-si-por-fidel-garcia-martinez\/\" class=\"more-link\">Continuar leyendo<span class=\"screen-reader-text\"> \u00abEducaci\u00f3n diferenciada \u00bfpor qu\u00e9, s\u00ed?, por Fidel Garc\u00eda Mart\u00ednez\u00bb<\/span><\/a><\/p>\n","protected":false},"author":1,"featured_media":0,"comment_status":"open","ping_status":"closed","sticky":false,"template":"","format":"standard","meta":{"footnotes":""},"categories":[1],"tags":[],"class_list":["post-35142","post","type-post","status-publish","format-standard","hentry","category-general"],"_links":{"self":[{"href":"https:\/\/www.biblia.work\/sermones\/wp-json\/wp\/v2\/posts\/35142","targetHints":{"allow":["GET"]}}],"collection":[{"href":"https:\/\/www.biblia.work\/sermones\/wp-json\/wp\/v2\/posts"}],"about":[{"href":"https:\/\/www.biblia.work\/sermones\/wp-json\/wp\/v2\/types\/post"}],"author":[{"embeddable":true,"href":"https:\/\/www.biblia.work\/sermones\/wp-json\/wp\/v2\/users\/1"}],"replies":[{"embeddable":true,"href":"https:\/\/www.biblia.work\/sermones\/wp-json\/wp\/v2\/comments?post=35142"}],"version-history":[{"count":0,"href":"https:\/\/www.biblia.work\/sermones\/wp-json\/wp\/v2\/posts\/35142\/revisions"}],"wp:attachment":[{"href":"https:\/\/www.biblia.work\/sermones\/wp-json\/wp\/v2\/media?parent=35142"}],"wp:term":[{"taxonomy":"category","embeddable":true,"href":"https:\/\/www.biblia.work\/sermones\/wp-json\/wp\/v2\/categories?post=35142"},{"taxonomy":"post_tag","embeddable":true,"href":"https:\/\/www.biblia.work\/sermones\/wp-json\/wp\/v2\/tags?post=35142"}],"curies":[{"name":"wp","href":"https:\/\/api.w.org\/{rel}","templated":true}]}}