{"id":35143,"date":"2016-06-21T00:02:39","date_gmt":"2016-06-21T05:02:39","guid":{"rendered":"http:\/\/www.biblia.work\/sermones\/reflexiones-desde-un-porche-misericordioso-por-diego-mota-mimbrero-2\/"},"modified":"2016-06-21T00:02:39","modified_gmt":"2016-06-21T05:02:39","slug":"reflexiones-desde-un-porche-misericordioso-por-diego-mota-mimbrero-2","status":"publish","type":"post","link":"https:\/\/www.biblia.work\/sermones\/reflexiones-desde-un-porche-misericordioso-por-diego-mota-mimbrero-2\/","title":{"rendered":"Reflexiones desde un porche misericordioso, por Diego Mota Mimbrero"},"content":{"rendered":"<p style=\"text-align: justify;\" align=\"JUSTIFY\">Reflexiones desde un porche misericordioso, por el sacerdote Diego Mota Mimbrero<\/p>\n<p style=\"text-align: justify;\" align=\"JUSTIFY\">\u201cLa respuesta del Evangelio es la misericordia\u201d(Arzobispo M\u00e9rida-Badajoz)<\/p>\n<p style=\"text-align: justify;\" align=\"JUSTIFY\">Un porche, el de la parroquia de Guadalupe en Badajoz, con larga y rica historia de misericordia. Lugar de encuentro tras la celebraci\u00f3n de la eucarist\u00eda, especialmente la del domingo por la ma\u00f1ana, cuidada con esmero tanto por los celebrantes como por el grupo de liturgia y coro. <\/p>\n<p style=\"text-align: justify;\" align=\"JUSTIFY\">Hervidero en el que fluye el abrazo fraternal y la alegr\u00eda pero tambi\u00e9n el comentario de preocupaci\u00f3n por la situaci\u00f3n en general. Llamada a vivir la solidaridad, la hospitalidad, el compromiso. En \u00e9l se llevan a cabo muchas de las acciones que dan respuesta a la sensibilidad que la comunidad muestra por los m\u00e1s necesitados: paella solidaria, venta de dulces, aperitivo solidario. Celebraci\u00f3n de encuentros con las personas con discapacidad. J\u00f3venes din\u00e1micos y camino de afianzar una identidad sellada con la marca indeleble de un Jes\u00fas que invita a vivir de otra manera. Ni\u00f1os de catequesis llenos de vida, de candidez. Bulliciosos y alegres, acompa\u00f1ados de los catequistas, de los sacerdotes, de unos padres que tienen un papel fundamental y en los que la Pastoral Familiar tiene mucho que decir.<\/p>\n<p style=\"text-align: justify;\" align=\"JUSTIFY\">En definitiva, plataforma donde el alimento de la eucarist\u00eda, de la oraci\u00f3n, encuentran muchas de sus formas y que en este a\u00f1o de la misericordia adquiere una nueva y m\u00e1s fuerte dimensi\u00f3n.<\/p>\n<p style=\"text-align: justify;\" align=\"JUSTIFY\">\u201cPor la fe y la caridad conocemos y amamos a Cristo. Las obras de misericordia y de justicia hacen cre\u00edble el mensaje de la fe\u201d (cf.Mt. 25.31.46<\/p>\n<p style=\"text-align: justify;\" align=\"JUSTIFY\">Salir desde el templo a esos otros santuarios de misericordia ubicados en las proximidades de la Parroquia: APNABA, ASPACEBA, Colegio de Educaci\u00f3n Especial Nuestra Se\u00f1ora de la Luz, Centro Hermano, Residencias de Mayores, Centro de Escucha, Centro Penitenciario. <\/p>\n<p style=\"text-align: justify;\" align=\"JUSTIFY\">Acogiendo, acompa\u00f1ando, ayudando a las familias que son atendidas en C\u00e1ritas. En comuni\u00f3n, asimismo, con esas otras parroquias de Badajoz en cuyo \u00e1mbito residen las familias m\u00e1s necesitadas. Trabajar para hacer visible y palpable la situaci\u00f3n de tanta personas que no pueden vivir con la dignidad que como tales les corresponde. Presencia activa en los diferentes foros y movimientos reivindicativos de un mundo m\u00e1s justo, con menos desigualdad, convencidos de que otra pol\u00edtica econ\u00f3mica, basada en la \u00e9tica y el bien com\u00fan, es totalmente posible.<\/p>\n<p style=\"text-align: justify;\" align=\"JUSTIFY\">La empat\u00eda con todo ello; el prop\u00f3sito y la alegr\u00eda de trabajar unidos con un mismo horizonte: celebrando, reivindicando. Con las luces largas para ver con m\u00e1s amplitud qu\u00e9 nos reclaman esos espacios ocupados por personas que nos piden una respuesta, que nos interpelan, que, en algunos casos, nos quitan el sue\u00f1o, porque como dijo Miguel Delibes: \u201cLa fe es m\u00e1s motivo de tortura que de tranquilidad\u201d. Eso, tenemos que sentirnos en cierto modo torturados por tantas voces que claman; una tortura no paralizante y que, por el contrario, nos haga levantarnos de nuestros sillones y trabajar por ese Reino que anhelamos, donde impere la justicia.<\/p>\n<p style=\"text-align: justify;\" align=\"JUSTIFY\">La caridad hay que vivirla y ejercerla no s\u00f3lo en las relaciones diarias y pr\u00f3ximas. Hay que reivindicarla en los diferentes campos y estamentos que tienen la responsabilidad de garantizar los derechos de los ciudadanos.<\/p>\n<p style=\"text-align: justify;\" align=\"JUSTIFY\">Reflexiones desde un porche misericordioso.<\/p>\n<p style=\"text-align: justify;\" align=\"JUSTIFY\">DIEGO MOTA MIMBRERO, encargado de\u00a0C\u00e1ritas Parroquial de la parroquia Nuestra Se\u00f1ora de Guadalupe (Badajoz).<\/p>\n","protected":false},"excerpt":{"rendered":"<p>Reflexiones desde un porche misericordioso, por el sacerdote Diego Mota Mimbrero \u201cLa respuesta del Evangelio es la misericordia\u201d(Arzobispo M\u00e9rida-Badajoz) Un porche, el de la parroquia de Guadalupe en Badajoz, con larga y rica historia de misericordia. Lugar de encuentro tras la celebraci\u00f3n de la eucarist\u00eda, especialmente la del domingo por la ma\u00f1ana, cuidada con esmero &hellip; <a href=\"https:\/\/www.biblia.work\/sermones\/reflexiones-desde-un-porche-misericordioso-por-diego-mota-mimbrero-2\/\" class=\"more-link\">Continuar leyendo<span class=\"screen-reader-text\"> \u00abReflexiones desde un porche misericordioso, por Diego Mota Mimbrero\u00bb<\/span><\/a><\/p>\n","protected":false},"author":1,"featured_media":0,"comment_status":"open","ping_status":"closed","sticky":false,"template":"","format":"standard","meta":{"footnotes":""},"categories":[1],"tags":[],"class_list":["post-35143","post","type-post","status-publish","format-standard","hentry","category-general"],"_links":{"self":[{"href":"https:\/\/www.biblia.work\/sermones\/wp-json\/wp\/v2\/posts\/35143","targetHints":{"allow":["GET"]}}],"collection":[{"href":"https:\/\/www.biblia.work\/sermones\/wp-json\/wp\/v2\/posts"}],"about":[{"href":"https:\/\/www.biblia.work\/sermones\/wp-json\/wp\/v2\/types\/post"}],"author":[{"embeddable":true,"href":"https:\/\/www.biblia.work\/sermones\/wp-json\/wp\/v2\/users\/1"}],"replies":[{"embeddable":true,"href":"https:\/\/www.biblia.work\/sermones\/wp-json\/wp\/v2\/comments?post=35143"}],"version-history":[{"count":0,"href":"https:\/\/www.biblia.work\/sermones\/wp-json\/wp\/v2\/posts\/35143\/revisions"}],"wp:attachment":[{"href":"https:\/\/www.biblia.work\/sermones\/wp-json\/wp\/v2\/media?parent=35143"}],"wp:term":[{"taxonomy":"category","embeddable":true,"href":"https:\/\/www.biblia.work\/sermones\/wp-json\/wp\/v2\/categories?post=35143"},{"taxonomy":"post_tag","embeddable":true,"href":"https:\/\/www.biblia.work\/sermones\/wp-json\/wp\/v2\/tags?post=35143"}],"curies":[{"name":"wp","href":"https:\/\/api.w.org\/{rel}","templated":true}]}}