{"id":35145,"date":"2016-06-21T00:02:42","date_gmt":"2016-06-21T05:02:42","guid":{"rendered":"http:\/\/www.biblia.work\/sermones\/lavatorio-del-jueves-santo-del-hecho-al-derecho-y-siempre-al-servicio-de-la-caridad-y-de-la-mision-editorial-ecclesia-2\/"},"modified":"2016-06-21T00:02:42","modified_gmt":"2016-06-21T05:02:42","slug":"lavatorio-del-jueves-santo-del-hecho-al-derecho-y-siempre-al-servicio-de-la-caridad-y-de-la-mision-editorial-ecclesia-2","status":"publish","type":"post","link":"https:\/\/www.biblia.work\/sermones\/lavatorio-del-jueves-santo-del-hecho-al-derecho-y-siempre-al-servicio-de-la-caridad-y-de-la-mision-editorial-ecclesia-2\/","title":{"rendered":"Lavatorio del Jueves Santo: del hecho al derecho y siempre al servicio de la caridad y de la misi\u00f3n \u2013 editorial Ecclesia"},"content":{"rendered":"<p style=\"text-align: justify;\"><strong>Lavatorio del Jueves Santo: del hecho al derecho y siempre al servicio de la caridad y de la misi\u00f3n \u2013 editorial Ecclesia<\/strong><\/p>\n<p style=\"text-align: justify;\">\n<p style=\"text-align: justify;\">La riqu\u00edsima liturgia de la Iglesia \u2013durante todo el a\u00f1o y muy singularmente en el Triduo Pascual\u2013 est\u00e1 repleta de contenidos, s\u00edmbolos y gestos de enorme y preciosa potencialidad evangelizadora, que, adem\u00e1s, nos remite a las mismas ra\u00edces de nuestra fe cristiana. Sin duda, uno de ellos es el Lavatorio de los pies en la Misa de la Cena del Se\u00f1or del Jueves Santo, una vez proclamado el evangelio de san Juan que narra aquel extraordinario gesto del Se\u00f1or con sus ap\u00f3stoles y el consiguiente mandato de amor fraterno.<\/p>\n<p style=\"text-align: justify;\">Este gesto se incorpor\u00f3 desde primera hora a la liturgia de la Iglesia y a lo largo de los siglos ha conocido distintas expresiones y modalidades. En 1955, la Santa Sede otorg\u00f3 la facultad, all\u00ed donde lo aconsejase un motivo pastoral, de efectuar el lavatorio de los pies a doce hombres, como ven\u00eda recogido en las r\u00fabricas del Missale Romanun (p\u00e1gina 300, n\u00famero 11) y en el Caeremoniale Episcoporum (n\u00fameros 301 y 229 b). Ahora, el Papa, a trav\u00e9s de la Congregaci\u00f3n para el Culto Divino, ha querido, en el leg\u00edtimo ejercicio de su misi\u00f3n apost\u00f3lica, modificar las r\u00fabricas y mejorar la modalidad de actuaci\u00f3n concreta del Lavatorio. Y con la finalidad \u2013no pod\u00eda ser otra\u2013 de que exprese m\u00e1s plenamente el significado del gesto efectuado por Jes\u00fas en el Cen\u00e1culo, que, con palabras de Francisco, en carta al prefecto del citado dicasterio, es \u00absu entrega hasta el final por la salvaci\u00f3n del mundo, su caridad sin l\u00edmites\u00bb.<\/p>\n<p style=\"text-align: justify;\">\u00bfCu\u00e1l es el significado y el alcance de la modificaci\u00f3n? Empezaremos respondiendo que Francisco ha querido elevar a la categor\u00eda de derecho lo que ya era un hecho: que el lavatorio de los pies de la misa vespertina del Jueves Santo incluya tanto varones como mujeres. \u00c9l mismo, ya en sus a\u00f1os como arzobispo de Buenos Aires y en los tres jueves santos que ha presidido como Papa, lo hab\u00eda hecho, al igual que, en realidad, se hac\u00eda en otras parroquias, templos y comunidades. La raz\u00f3n de ello, que no obedece a los dictados de las cuotas y paridades igualitaristas al uso, es un inequ\u00edvoco y justo reconocimiento al papel de la mujer; y, sobre todo, visibiliza mejor la variedad y la riqueza del entero pueblo santo de Dios\u00a0 y el alcance del mandato universal del Se\u00f1or que este gesto evang\u00e9lico y lit\u00fargico conlleva, que no es otro que el servicio, el amor fraterno y la misi\u00f3n universal.<\/p>\n<p style=\"text-align: justify;\">Al efecto, las nuevas r\u00fabricas prescriben que \u00ablos pastores puedan elegir a un grupo de fieles que represente la variedad y la unidad de cada porci\u00f3n del pueblo de Dios\u00bb. Y a\u00f1ade: \u00abEse grupo puede estar formado por hombres y mujeres y, convenientemente, por j\u00f3venes y ancianos, sanos y enfermos, cl\u00e9rigos, consagrados y laicos\u00bb.<\/p>\n<p style=\"text-align: justify;\">Pero es m\u00e1s. Dada la riqueza y la interpelaci\u00f3n de lo que el lavatorio de los pies encierra, la Santa Sede recomienda y encarece asimismo a los pastores y responsables de los templos y del culto que se le d\u00e9 a los elegidos y al resto de los fieles \u00abuna explicaci\u00f3n adecuada del rito para que participen en \u00e9l responsable, activa y fructuosamente\u00bb.<\/p>\n<p style=\"text-align: justify;\">As\u00ed, pues, esta modificaci\u00f3n auspiciada por Francisco debe entenderse como una aportaci\u00f3n\u00a0 y como una mejor visibilizaci\u00f3n de la realidad plural de la Iglesia y al papel y a la misi\u00f3n de todos y de todas en ella; una profundizaci\u00f3n en el significado aut\u00e9ntico de gestos tan excelsos e interperladores como este, para lo cual, adem\u00e1s, se ha de intensificar, como queda dicho, la explicaci\u00f3n adecuada del rito y evitar, por tanto, cualquier tentaci\u00f3n \u00abteatral\u00bb al respecto; una ayuda en pro de una mayor y mejor participaci\u00f3n en las celebraciones lit\u00fargicas; y una llamada a incrementar el compromiso misionero y caritativo de todo el pueblo fiel.<\/p>\n<p style=\"text-align: justify;\">Reducir esta disposici\u00f3n papal a un mero y cosm\u00e9tico \u00abgui\u00f1o\u00bb a lo pol\u00edtica y socialmente correcto es, a nuestro juicio, un error. Como lo es todav\u00eda m\u00e1s pensar, temer o desear, que esta modificaci\u00f3n abra v\u00edas o rendijas al sacerdocio ministerial para las mujeres, tema del que en reiteradas ocasiones Francisco ha hablado con meridiana claridad.<\/p>\n<p style=\"text-align: justify;\">Bienvenida sea una modificaci\u00f3n precisa, sensata y oportuna, que incluso, como queda dicho, era ya una realidad. Y, sobre todo, aprovechemos bien sus aut\u00e9nticas potenciales pastorales y catequ\u00e9ticas.<\/p>\n<p style=\"text-align: justify;\">\n<p align=\"justify\">ADQUIERE EL \u00daLTIMO N\u00daMERO DE ECCLESIA<\/p>\n<p align=\"justify\">\n","protected":false},"excerpt":{"rendered":"<p>Lavatorio del Jueves Santo: del hecho al derecho y siempre al servicio de la caridad y de la misi\u00f3n \u2013 editorial Ecclesia La riqu\u00edsima liturgia de la Iglesia \u2013durante todo el a\u00f1o y muy singularmente en el Triduo Pascual\u2013 est\u00e1 repleta de contenidos, s\u00edmbolos y gestos de enorme y preciosa potencialidad evangelizadora, que, adem\u00e1s, nos &hellip; <a href=\"https:\/\/www.biblia.work\/sermones\/lavatorio-del-jueves-santo-del-hecho-al-derecho-y-siempre-al-servicio-de-la-caridad-y-de-la-mision-editorial-ecclesia-2\/\" class=\"more-link\">Continuar leyendo<span class=\"screen-reader-text\"> \u00abLavatorio del Jueves Santo: del hecho al derecho y siempre al servicio de la caridad y de la misi\u00f3n \u2013 editorial Ecclesia\u00bb<\/span><\/a><\/p>\n","protected":false},"author":1,"featured_media":0,"comment_status":"open","ping_status":"closed","sticky":false,"template":"","format":"standard","meta":{"footnotes":""},"categories":[1],"tags":[],"class_list":["post-35145","post","type-post","status-publish","format-standard","hentry","category-general"],"_links":{"self":[{"href":"https:\/\/www.biblia.work\/sermones\/wp-json\/wp\/v2\/posts\/35145","targetHints":{"allow":["GET"]}}],"collection":[{"href":"https:\/\/www.biblia.work\/sermones\/wp-json\/wp\/v2\/posts"}],"about":[{"href":"https:\/\/www.biblia.work\/sermones\/wp-json\/wp\/v2\/types\/post"}],"author":[{"embeddable":true,"href":"https:\/\/www.biblia.work\/sermones\/wp-json\/wp\/v2\/users\/1"}],"replies":[{"embeddable":true,"href":"https:\/\/www.biblia.work\/sermones\/wp-json\/wp\/v2\/comments?post=35145"}],"version-history":[{"count":0,"href":"https:\/\/www.biblia.work\/sermones\/wp-json\/wp\/v2\/posts\/35145\/revisions"}],"wp:attachment":[{"href":"https:\/\/www.biblia.work\/sermones\/wp-json\/wp\/v2\/media?parent=35145"}],"wp:term":[{"taxonomy":"category","embeddable":true,"href":"https:\/\/www.biblia.work\/sermones\/wp-json\/wp\/v2\/categories?post=35145"},{"taxonomy":"post_tag","embeddable":true,"href":"https:\/\/www.biblia.work\/sermones\/wp-json\/wp\/v2\/tags?post=35145"}],"curies":[{"name":"wp","href":"https:\/\/api.w.org\/{rel}","templated":true}]}}